{"id":116,"date":"2023-09-29T19:08:20","date_gmt":"2023-09-29T17:08:20","guid":{"rendered":"https:\/\/blogs.fu-berlin.de\/lai-alumni-mentoring\/?p=116"},"modified":"2023-09-29T19:08:20","modified_gmt":"2023-09-29T17:08:20","slug":"12-jairo-baquero","status":"publish","type":"post","link":"https:\/\/blogs.fu-berlin.de\/lai-alumni-mentoring\/2023\/09\/29\/12-jairo-baquero\/","title":{"rendered":"12. Jairo Baquero"},"content":{"rendered":"\n<div class=\"wp-block-media-text alignwide is-stacked-on-mobile\" style=\"grid-template-columns:39% auto\"><figure class=\"wp-block-media-text__media\"><img loading=\"lazy\" decoding=\"async\" width=\"768\" height=\"1024\" src=\"https:\/\/blogs.fu-berlin.de\/lai-alumni-mentoring\/files\/2023\/09\/JB2021-editada-768x1024.jpg\" alt=\"\" class=\"wp-image-83 size-full\" srcset=\"https:\/\/blogs.fu-berlin.de\/lai-alumni-mentoring\/files\/2023\/09\/JB2021-editada-768x1024.jpg 768w, https:\/\/blogs.fu-berlin.de\/lai-alumni-mentoring\/files\/2023\/09\/JB2021-editada-225x300.jpg 225w, https:\/\/blogs.fu-berlin.de\/lai-alumni-mentoring\/files\/2023\/09\/JB2021-editada-1152x1536.jpg 1152w, https:\/\/blogs.fu-berlin.de\/lai-alumni-mentoring\/files\/2023\/09\/JB2021-editada-1536x2048.jpg 1536w, https:\/\/blogs.fu-berlin.de\/lai-alumni-mentoring\/files\/2023\/09\/JB2021-editada-1200x1600.jpg 1200w, https:\/\/blogs.fu-berlin.de\/lai-alumni-mentoring\/files\/2023\/09\/JB2021-editada-scaled.jpg 1921w\" sizes=\"auto, (max-width: 709px) 85vw, (max-width: 909px) 67vw, (max-width: 984px) 61vw, (max-width: 1362px) 45vw, 600px\" \/><\/figure><div class=\"wp-block-media-text__content\">\n<p class=\"has-small-font-size\">Doctor en Sociolog\u00eda (Freie Universit\u00e4t Berlin), con Maestr\u00eda en Estudios Pol\u00edticos (IEPRI-Universidad Nacional de Colombia), Master en Relaciones Internacionales y Estudios Africanos (UAM-Espa\u00f1a) y Pregrado en Econom\u00eda (Universidad Nacional de Colombia). Profesor Asociado del Departamento de Sociolog\u00eda, Escuela de Ciencias Humanas de la Universidad del Rosario. Coordinador del Semillero de Investigaci\u00f3n (Research Lab) &#8222;Ruralidad, Territorio y Conflicto&#8220;. Experiencia en supervisi\u00f3n de tesis de pregrado, maestr\u00eda y doctorado. Inter\u00e9s en estudios agrarios, empleo rural y urbano, conflicto armado, construcci\u00f3n de paz, sociolog\u00eda de las desigualdades, econom\u00eda pol\u00edtica y alimentaci\u00f3n. Experiencia en m\u00e9todos de investigaci\u00f3n cuantitativos, cualitativos y mixtos, incluyendo trabajo participativo con comunidades rurales, y trabajo en regiones como Choc\u00f3, Urab\u00e1, Huila, Tolima, Putumayo, Cauca y Cundinamarca. Ha coordinado proyectos de investigaci\u00f3n, incluyendo: \u201cConocimientos, territorios de paz y comunidades sostenibles en Huila y Tolima\u201d (MinCiencias), y \u201cExperiencias y conocimientos de mujeres rurales en el \u201cposacuerdo\u201d en Cauca y Putumayo\u201d (Fondo Fundaci\u00f3n WWB); y \u201cCadenas de valor, empleo rural y redes sociales en el post-conflicto en Colombia\u201d (Universidad del Rosario).<\/p>\n<\/div><\/div>\n\n\n\n<p class=\"has-small-font-size\">Ha publicado art\u00edculos en revistas como Journal of Agrarian Change, Current Sociology, Journal of Peacebuilding and Development, Journal fur Entwicklungspolitik, An\u00e1lisis Pol\u00edtico, Revista Latinoamericana de Estudios Rurales y Geopol\u00edtica(s). Es autor del libro Layered Inequalities. Land grabbing, collective land rights and Afro-descendant resistance in Colombia (LIT Verlag). Y es co-editor de varios libros, incluyendo: El posacuerdo en Colombia: Procesos situacionales. Temporalidad, territorio y materialidad (2022); y Paces desde abajo Desaf\u00edos y oportunidades de otra paz (2022) (Editorial Universidad del Rosario).<\/p>\n\n\n\n<p>Algunas preguntas a Jairo: <\/p>\n\n\n\n<div class=\"wp-block-columns is-layout-flex wp-container-core-columns-is-layout-9d6595d7 wp-block-columns-is-layout-flex\">\n<div class=\"wp-block-column is-layout-flow wp-block-column-is-layout-flow\">\n<p class=\"has-background\" style=\"background-color:#bac2ff\">\u00bfQu\u00e9 es lo que te conecta con el LAI?<\/p>\n<\/div>\n\n\n\n<div class=\"wp-block-column is-layout-flow wp-block-column-is-layout-flow\">\n<p>Alumni de doctorado en Sociolog\u00eda. Fui investigador doctoral de largo plazo en el LAI, en el proyecto desigualdades.net<\/p>\n<\/div>\n<\/div>\n\n\n\n<div class=\"wp-block-columns is-layout-flex wp-container-core-columns-is-layout-9d6595d7 wp-block-columns-is-layout-flex\">\n<div class=\"wp-block-column is-layout-flow wp-block-column-is-layout-flow\">\n<p class=\"has-background\" style=\"background-color:#bac2ff\">Describe brevemente que est\u00e1s haciendo en este puesto de trabajo.<\/p>\n<\/div>\n\n\n\n<div class=\"wp-block-column is-layout-flow wp-block-column-is-layout-flow\">\n<p>Trabajo en docencia (pregrado y posgrado), investigaci\u00f3n y extensi\u00f3n. Trabajo con enfoques de la econom\u00eda pol\u00edtica, sociolog\u00eda rural y sociolog\u00eda de las desigualdades, para abordar temas como los estudios del trabajo (rural y urbano), miradas cr\u00edticas al desarrollo, y estudios sobre el conflicto armado y la construcci\u00f3n de paz.<\/p>\n<\/div>\n<\/div>\n\n\n\n<div class=\"wp-block-columns is-layout-flex wp-container-core-columns-is-layout-9d6595d7 wp-block-columns-is-layout-flex\">\n<div class=\"wp-block-column is-layout-flow wp-block-column-is-layout-flow\">\n<p class=\"has-background\" style=\"background-color:#bac2ff\">\u00bfQu\u00e9 es lo que m\u00e1s te gusta de tu trabajo?<\/p>\n<\/div>\n\n\n\n<div class=\"wp-block-column is-layout-flow wp-block-column-is-layout-flow\">\n<p>La docencia dirigida a las nuevas generaciones; la investigaci\u00f3n sobre problemas sociales que afectan a Colombia y el Sur Global; la combinaci\u00f3n de metodolog\u00edas, el contacto con comunidades locales y los di\u00e1logos de saberes. Aprender de viejos y nuevos enfoques y miradas para problematizar lo que ocurre en nuestras sociedades.<\/p>\n<\/div>\n<\/div>\n\n\n\n<div class=\"wp-block-columns is-layout-flex wp-container-core-columns-is-layout-9d6595d7 wp-block-columns-is-layout-flex\">\n<div class=\"wp-block-column is-layout-flow wp-block-column-is-layout-flow\">\n<p class=\"has-background\" style=\"background-color:#bac2ff\">\u00bfQu\u00e9 es lo m\u00e1s complejo \/ dif\u00edcil?<\/p>\n<\/div>\n\n\n\n<div class=\"wp-block-column is-layout-flow wp-block-column-is-layout-flow\">\n<p>Perseverar y encontrar motivaci\u00f3n en medio de una sociedad (la colombiana) que sigue afectada por muchos problemas como las desigualdades, la pobreza y la violencia<\/p>\n<\/div>\n<\/div>\n\n\n\n<div class=\"wp-block-columns is-layout-flex wp-container-core-columns-is-layout-9d6595d7 wp-block-columns-is-layout-flex\">\n<div class=\"wp-block-column is-layout-flow wp-block-column-is-layout-flow\">\n<p class=\"has-background\" style=\"background-color:#bac2ff\">\u00bfQu\u00e9 dir\u00edas a un estudiante que busca un camino profesional parecido al tuyo? \u00bfQu\u00e9 le aconsejar\u00edas?<\/p>\n<\/div>\n\n\n\n<div class=\"wp-block-column is-layout-flow wp-block-column-is-layout-flow\">\n<p>Hay que identificar y perseguir unos objetivos profesionales y acad\u00e9micos; hay que buscar un equilibrio entre lo personal y lo profesional<\/p>\n<\/div>\n<\/div>\n\n\n\n<div class=\"wp-block-columns is-layout-flex wp-container-core-columns-is-layout-9d6595d7 wp-block-columns-is-layout-flex\">\n<div class=\"wp-block-column is-layout-flow wp-block-column-is-layout-flow\">\n<p class=\"has-background\" style=\"background-color:#bac2ff\">\u00bfC\u00f3mo llegaste hasta donde est\u00e1s ahora (profesionalmente)<\/p>\n<\/div>\n\n\n\n<div class=\"wp-block-column is-layout-flow wp-block-column-is-layout-flow\">\n<p>Siempre he tenido inter\u00e9s en entender y poder aportar a la soluci\u00f3n de problemas sociales que han afectado a mi entorno, incluyendo la pobreza, las desigualdades y la violencia. He ido buscando nuevas oportunidades profesionales. Ha sido importante seguir buscando nuevos objetivos acad\u00e9micos.<\/p>\n<\/div>\n<\/div>\n\n\n\n<div class=\"wp-block-columns is-layout-flex wp-container-core-columns-is-layout-9d6595d7 wp-block-columns-is-layout-flex\">\n<div class=\"wp-block-column is-layout-flow wp-block-column-is-layout-flow\">\n<p class=\"has-background\" style=\"background-color:#bac2ff\">\u00bfQu\u00e9 podr\u00edas ofrecer a alumni de la maestria del LAI que te contactan? (ayuda para encontrar contactos, una pasant\u00eda, consejos, e.g.)<\/p>\n<\/div>\n\n\n\n<div class=\"wp-block-column is-layout-flow wp-block-column-is-layout-flow\">\n<p>Puedo hacer recomendaciones sobre enfoques anal\u00edticos, metodolog\u00edas y trabajo con comunidades, en especial en los trabajos con perspectivas desde la econom\u00eda pol\u00edtica, la sociolog\u00eda de las desigualdades, estudios rurales y agrarios, estudios sobre el trabajo en Am\u00e9rica Latina y sobre la paz en Colombia. Puedo ofrecer contactos en Colombia incluyendo a comunidades rurales, y universidades y centros de investigaci\u00f3n a nivel regional.<\/p>\n<\/div>\n<\/div>\n\n\n\n<div class=\"wp-block-columns is-layout-flex wp-container-core-columns-is-layout-9d6595d7 wp-block-columns-is-layout-flex\">\n<div class=\"wp-block-column is-layout-flow wp-block-column-is-layout-flow\">\n<p class=\"has-background\" style=\"background-color:#bac2ff\">Compartes un contacto para que te contacten lxs estudiantes del LAI? (por favor, indique el e-mail \/ contacto)<\/p>\n<\/div>\n\n\n\n<div class=\"wp-block-column is-layout-flow wp-block-column-is-layout-flow\">\n<p>S\u00ed (Cont\u00e1ctenos en alumni@lai.fu-berlin para recibir el correo electr\u00f3nico.)<\/p>\n<\/div>\n<\/div>\n","protected":false},"excerpt":{"rendered":"<p>Doctor en Sociolog\u00eda (Freie Universit\u00e4t Berlin), con Maestr\u00eda en Estudios Pol\u00edticos (IEPRI-Universidad Nacional de Colombia), Master en Relaciones Internacionales y Estudios Africanos (UAM-Espa\u00f1a) y Pregrado en Econom\u00eda (Universidad Nacional de Colombia). Profesor Asociado del Departamento de Sociolog\u00eda, Escuela de Ciencias Humanas de la Universidad del Rosario. Coordinador del Semillero de Investigaci\u00f3n (Research Lab) &#8222;Ruralidad, Territorio &hellip; <a href=\"https:\/\/blogs.fu-berlin.de\/lai-alumni-mentoring\/2023\/09\/29\/12-jairo-baquero\/\" class=\"more-link\"><span class=\"screen-reader-text\">\u201e12. Jairo Baquero\u201c<\/span> weiterlesen<\/a><\/p>\n","protected":false},"author":7741,"featured_media":0,"comment_status":"open","ping_status":"open","sticky":false,"template":"","format":"standard","meta":{"footnotes":""},"categories":[9],"tags":[],"class_list":["post-116","post","type-post","status-publish","format-standard","hentry","category-allgemein"],"_links":{"self":[{"href":"https:\/\/blogs.fu-berlin.de\/lai-alumni-mentoring\/wp-json\/wp\/v2\/posts\/116","targetHints":{"allow":["GET"]}}],"collection":[{"href":"https:\/\/blogs.fu-berlin.de\/lai-alumni-mentoring\/wp-json\/wp\/v2\/posts"}],"about":[{"href":"https:\/\/blogs.fu-berlin.de\/lai-alumni-mentoring\/wp-json\/wp\/v2\/types\/post"}],"author":[{"embeddable":true,"href":"https:\/\/blogs.fu-berlin.de\/lai-alumni-mentoring\/wp-json\/wp\/v2\/users\/7741"}],"replies":[{"embeddable":true,"href":"https:\/\/blogs.fu-berlin.de\/lai-alumni-mentoring\/wp-json\/wp\/v2\/comments?post=116"}],"version-history":[{"count":1,"href":"https:\/\/blogs.fu-berlin.de\/lai-alumni-mentoring\/wp-json\/wp\/v2\/posts\/116\/revisions"}],"predecessor-version":[{"id":117,"href":"https:\/\/blogs.fu-berlin.de\/lai-alumni-mentoring\/wp-json\/wp\/v2\/posts\/116\/revisions\/117"}],"wp:attachment":[{"href":"https:\/\/blogs.fu-berlin.de\/lai-alumni-mentoring\/wp-json\/wp\/v2\/media?parent=116"}],"wp:term":[{"taxonomy":"category","embeddable":true,"href":"https:\/\/blogs.fu-berlin.de\/lai-alumni-mentoring\/wp-json\/wp\/v2\/categories?post=116"},{"taxonomy":"post_tag","embeddable":true,"href":"https:\/\/blogs.fu-berlin.de\/lai-alumni-mentoring\/wp-json\/wp\/v2\/tags?post=116"}],"curies":[{"name":"wp","href":"https:\/\/api.w.org\/{rel}","templated":true}]}}