{"id":269,"date":"2024-06-21T13:18:23","date_gmt":"2024-06-21T11:18:23","guid":{"rendered":"https:\/\/blogs.fu-berlin.de\/lai-alumni-mentoring\/?p=269"},"modified":"2024-06-21T13:18:23","modified_gmt":"2024-06-21T11:18:23","slug":"daniel-moreno","status":"publish","type":"post","link":"https:\/\/blogs.fu-berlin.de\/lai-alumni-mentoring\/2024\/06\/21\/daniel-moreno\/","title":{"rendered":"Daniel Moreno"},"content":{"rendered":"\n<div class=\"wp-block-media-text alignwide is-stacked-on-mobile has-white-background-color has-background\" style=\"grid-template-columns:46% auto\"><figure class=\"wp-block-media-text__media\"><img loading=\"lazy\" decoding=\"async\" width=\"605\" height=\"806\" src=\"https:\/\/blogs.fu-berlin.de\/lai-alumni-mentoring\/files\/2024\/06\/D.Moreno.jpg\" alt=\"\" class=\"wp-image-238 size-full\" srcset=\"https:\/\/blogs.fu-berlin.de\/lai-alumni-mentoring\/files\/2024\/06\/D.Moreno.jpg 605w, https:\/\/blogs.fu-berlin.de\/lai-alumni-mentoring\/files\/2024\/06\/D.Moreno-225x300.jpg 225w\" sizes=\"auto, (max-width: 709px) 85vw, (max-width: 909px) 67vw, (max-width: 984px) 61vw, (max-width: 1362px) 45vw, 600px\" \/><\/figure><div class=\"wp-block-media-text__content\">\n<p class=\"has-small-font-size\">Soci\u00f3logo de la Universidad Mayor de San Sim\u00f3n en Bolivia, con un MA en ciencia pol\u00edtica por la Universidad de Pittsburgh y un PhD en la misma disciplina por Vanderbilt University, en los Estados Unidos. Investigador especializado en estudios de opini\u00f3n p\u00fablica, ha publicado decenas de art\u00edculos acad\u00e9micos y cap\u00edtulos de libros sobre temas relacionados a la calidad y la legitimidad de la democracia, el ejercicio de ciudadan\u00eda, la identidad, las actitudes de los ciudadanos hacia el medio ambiente y otros temas de su inter\u00e9s. Ha coordinado algunos de los estudios de opini\u00f3n p\u00fablica comparativos m\u00e1s importantes realizados en Bolivia, como la Encuesta Mundial de Valores y el Bar\u00f3metro de las Am\u00e9ricas del Proyecto de Opini\u00f3n P\u00fablica de Am\u00e9rica Latina. <\/p>\n<\/div><\/div>\n\n\n\n<p class=\"has-small-font-size\">Profesor en programas de posgrado de distintas universidades bolivianas. Investigador asociado de Ciudadan\u00eda, Comunidad de Estudios Sociales y Acci\u00f3n P\u00fablica, donde fue coordinador de investigaci\u00f3n social y director ejecutivo. Gerente de DATACCION SRL, empresa de investigaci\u00f3n de opini\u00f3n p\u00fablica en Bolivia. Representante en Bolivia de la Asociaci\u00f3n Internacional de Estudios de Opini\u00f3n P\u00fablica (WAPOR). Ha estado afiliado al programa trAndeS desde el a\u00f1o 2016, participando en distintas actividades de investigaci\u00f3n y en 2019 realiz\u00f3 una estancia de investigaci\u00f3n post doctoral en la PUCP en Lima. <\/p>\n\n\n\n<p>Algunas preguntas a Daniel: <\/p>\n\n\n\n<div class=\"wp-block-columns is-layout-flex wp-container-core-columns-is-layout-9d6595d7 wp-block-columns-is-layout-flex\">\n<div class=\"wp-block-column is-layout-flow wp-block-column-is-layout-flow\">\n<p class=\"has-background has-small-font-size\" style=\"background-color:#fffacf\">\u00bfQu\u00e9 es lo que te conecta con el LAI?<\/p>\n<\/div>\n\n\n\n<div class=\"wp-block-column is-layout-flow wp-block-column-is-layout-flow\">\n<p class=\"has-small-font-size\">Soy miembro de la red TRANDES y recib\u00ed una beca de investigaci\u00f3n postdoctoral en 2019. <\/p>\n<\/div>\n<\/div>\n\n\n\n<div class=\"wp-block-columns is-layout-flex wp-container-core-columns-is-layout-9d6595d7 wp-block-columns-is-layout-flex\">\n<div class=\"wp-block-column is-layout-flow wp-block-column-is-layout-flow\">\n<div class=\"wp-block-columns is-layout-flex wp-container-core-columns-is-layout-9d6595d7 wp-block-columns-is-layout-flex\">\n<div class=\"wp-block-column is-layout-flow wp-block-column-is-layout-flow\">\n<p class=\"has-background has-small-font-size\" style=\"background-color:#fffacf\">Describe brevemente que est\u00e1s haciendo en este puesto de trabajo.<\/p>\n<\/div>\n\n\n\n<div class=\"wp-block-column is-layout-flow wp-block-column-is-layout-flow\">\n<p class=\"has-small-font-size\">Coordinaci\u00f3n de distintos proyectos de investigaci\u00f3n, entre ellos la Encuesta Mundial de Valores en Bolivia y las encuestas de LAPOP sobre cultura pol\u00edtica. <\/p>\n<\/div>\n<\/div>\n<\/div>\n<\/div>\n\n\n\n<div class=\"wp-block-columns is-layout-flex wp-container-core-columns-is-layout-9d6595d7 wp-block-columns-is-layout-flex\">\n<div class=\"wp-block-column is-layout-flow wp-block-column-is-layout-flow\">\n<p class=\"has-background has-small-font-size\" style=\"background-color:#fffacf\">\u00bfQu\u00e9 es lo que m\u00e1s te gusta de tu trabajo?<\/p>\n<\/div>\n\n\n\n<div class=\"wp-block-column is-layout-flow wp-block-column-is-layout-flow\">\n<p class=\"has-small-font-size\">Encontrar explicaciones en los datos de lo que pasa en la realidad. <\/p>\n<\/div>\n<\/div>\n\n\n\n<div class=\"wp-block-columns is-layout-flex wp-container-core-columns-is-layout-9d6595d7 wp-block-columns-is-layout-flex\">\n<div class=\"wp-block-column is-layout-flow wp-block-column-is-layout-flow\">\n<p class=\"has-background has-small-font-size\" style=\"background-color:#fffacf\">\u00bfQu\u00e9 es lo m\u00e1s complejo \/ dif\u00edcil?<\/p>\n<\/div>\n\n\n\n<div class=\"wp-block-column is-layout-flow wp-block-column-is-layout-flow\">\n<p class=\"has-small-font-size\">Conseguir financiamiento. <\/p>\n<\/div>\n<\/div>\n\n\n\n<div class=\"wp-block-columns is-layout-flex wp-container-core-columns-is-layout-9d6595d7 wp-block-columns-is-layout-flex\">\n<div class=\"wp-block-column is-layout-flow wp-block-column-is-layout-flow\">\n<div class=\"wp-block-columns is-layout-flex wp-container-core-columns-is-layout-9d6595d7 wp-block-columns-is-layout-flex\">\n<div class=\"wp-block-column is-layout-flow wp-block-column-is-layout-flow\">\n<div class=\"wp-block-columns is-layout-flex wp-container-core-columns-is-layout-9d6595d7 wp-block-columns-is-layout-flex\">\n<div class=\"wp-block-column is-layout-flow wp-block-column-is-layout-flow\">\n<p class=\"has-background has-small-font-size\" style=\"background-color:#fffacf\">\u00bfQu\u00e9 dir\u00edas a un estudiante que busca un camino profesional parecido al tuyo? \u00bfQu\u00e9 le aconsejar\u00edas?<\/p>\n<\/div>\n\n\n\n<div class=\"wp-block-column is-layout-flow wp-block-column-is-layout-flow\">\n<p class=\"has-small-font-size\">Esfuerzo y persistencia. Y sobre todo, disfrutar lo que est\u00e1s haciendo; esa es la verdadera clave del \u00e9xito.<\/p>\n<\/div>\n<\/div>\n<\/div>\n<\/div>\n<\/div>\n<\/div>\n\n\n\n<div class=\"wp-block-columns is-layout-flex wp-container-core-columns-is-layout-9d6595d7 wp-block-columns-is-layout-flex\">\n<div class=\"wp-block-column is-layout-flow wp-block-column-is-layout-flow\">\n<p class=\"has-background has-small-font-size\" style=\"background-color:#fffacf\">\u00bfQu\u00e9 te hubiese gustado saber iniciando tu carrera profesional?<\/p>\n<\/div>\n\n\n\n<div class=\"wp-block-column is-layout-flow wp-block-column-is-layout-flow\">\n<p class=\"has-small-font-size\">Que todo el mundo tiene dudas y cuestionamientos, y que est\u00e1n bien, son necesarios para seguir hacia adelante (o para cambiar el rumbo cuando es necesario). No hay que temerles, hay que enfrentarlos.<\/p>\n<\/div>\n<\/div>\n\n\n\n<div class=\"wp-block-columns is-layout-flex wp-container-core-columns-is-layout-9d6595d7 wp-block-columns-is-layout-flex\">\n<div class=\"wp-block-column is-layout-flow wp-block-column-is-layout-flow\">\n<p class=\"has-background has-small-font-size\" style=\"background-color:#fffacf\">Comparte una fuerza tuya y una debilidad<\/p>\n<\/div>\n\n\n\n<div class=\"wp-block-column is-layout-flow wp-block-column-is-layout-flow\">\n<p class=\"has-small-font-size\">La misma: soy flexible, a veces es una gran fortaleza, otras veces es una debilidad.<\/p>\n<\/div>\n<\/div>\n\n\n\n<div class=\"wp-block-columns is-layout-flex wp-container-core-columns-is-layout-9d6595d7 wp-block-columns-is-layout-flex\">\n<div class=\"wp-block-column is-layout-flow wp-block-column-is-layout-flow\">\n<p class=\"has-background has-small-font-size\" style=\"background-color:#fffacf\">\u00bfQu\u00e9 es lo que te motiva en tu vida y en tu carrera?<\/p>\n<\/div>\n\n\n\n<div class=\"wp-block-column is-layout-flow wp-block-column-is-layout-flow\">\n<p class=\"has-small-font-size\">El trabajo en equipo, del que se aprende y al que se contribuye. <\/p>\n<\/div>\n<\/div>\n\n\n\n<div class=\"wp-block-columns is-layout-flex wp-container-core-columns-is-layout-9d6595d7 wp-block-columns-is-layout-flex\">\n<div class=\"wp-block-column is-layout-flow wp-block-column-is-layout-flow\">\n<p class=\"has-background has-small-font-size\" style=\"background-color:#fffacf\">\u00bfC\u00f3mo llegaste hasta donde est\u00e1s ahora (profesionalmente)<\/p>\n<\/div>\n\n\n\n<div class=\"wp-block-column is-layout-flow wp-block-column-is-layout-flow\">\n<p class=\"has-small-font-size\">Por un lado, tuve suerte, con una beca generosa para mis estudios de doctorado. Por otro, supe aprovechar las oportunidades cuando se presentaron.<\/p>\n<\/div>\n<\/div>\n\n\n\n<div class=\"wp-block-columns is-layout-flex wp-container-core-columns-is-layout-9d6595d7 wp-block-columns-is-layout-flex\">\n<div class=\"wp-block-column is-layout-flow wp-block-column-is-layout-flow\">\n<p class=\"has-background has-small-font-size\" style=\"background-color:#fffacf\">Tu consejo\/ motto general (y sabio)\u2026<\/p>\n<\/div>\n\n\n\n<div class=\"wp-block-column is-layout-flow wp-block-column-is-layout-flow\">\n<p class=\"has-small-font-size\">Carpe diem. La vida es hoy. Tu carrera es hoy. Aprovecha hoy, disfruta hoy. Trabaja hoy. Ma\u00f1ana viene solo. <\/p>\n<\/div>\n<\/div>\n\n\n\n<div class=\"wp-block-columns is-layout-flex wp-container-core-columns-is-layout-9d6595d7 wp-block-columns-is-layout-flex\">\n<div class=\"wp-block-column is-layout-flow wp-block-column-is-layout-flow\">\n<p class=\"has-background has-small-font-size\" style=\"background-color:#fffacf\">\u00bfQu\u00e9 podr\u00edas ofrecer a alumni de la maestria del LAI que te contactan? (ayuda para encontrar contactos, una pasant\u00eda, consejos, e.g.)<\/p>\n<\/div>\n\n\n\n<div class=\"wp-block-column is-layout-flow wp-block-column-is-layout-flow\">\n<p class=\"has-small-font-size\">Puedo ofrecer contactos para hacer investigaci\u00f3n en Bolivia; quiz\u00e1s tambi\u00e9n la posibilidad de una pasant\u00eda. Y puedo ofrecer la posibilidad de una buena charla con caf\u00e9.<\/p>\n<\/div>\n<\/div>\n\n\n\n<div class=\"wp-block-columns is-layout-flex wp-container-core-columns-is-layout-9d6595d7 wp-block-columns-is-layout-flex\">\n<div class=\"wp-block-column is-layout-flow wp-block-column-is-layout-flow\">\n<p class=\"has-background has-small-font-size\" style=\"background-color:#fffacf\">Compartes un contacto para que te contacten lxs estudiantes del LAI? (por favor, indique el e-mail \/ contacto)<\/p>\n<\/div>\n\n\n\n<div class=\"wp-block-column is-layout-flow wp-block-column-is-layout-flow\">\n<p class=\"has-small-font-size\">S\u00ed (Cont\u00e1ctenos en alumni@lai.fu-berlin para recibir el correo electr\u00f3nico.)<\/p>\n<\/div>\n<\/div>\n","protected":false},"excerpt":{"rendered":"<p>Soci\u00f3logo de la Universidad Mayor de San Sim\u00f3n en Bolivia, con un MA en ciencia pol\u00edtica por la Universidad de Pittsburgh y un PhD en la misma disciplina por Vanderbilt University, en los Estados Unidos. Investigador especializado en estudios de opini\u00f3n p\u00fablica, ha publicado decenas de art\u00edculos acad\u00e9micos y cap\u00edtulos de libros sobre temas relacionados &hellip; <a href=\"https:\/\/blogs.fu-berlin.de\/lai-alumni-mentoring\/2024\/06\/21\/daniel-moreno\/\" class=\"more-link\"><span class=\"screen-reader-text\">\u201eDaniel Moreno\u201c<\/span> weiterlesen<\/a><\/p>\n","protected":false},"author":7741,"featured_media":0,"comment_status":"open","ping_status":"open","sticky":false,"template":"","format":"standard","meta":{"footnotes":""},"categories":[9],"tags":[],"class_list":["post-269","post","type-post","status-publish","format-standard","hentry","category-allgemein"],"_links":{"self":[{"href":"https:\/\/blogs.fu-berlin.de\/lai-alumni-mentoring\/wp-json\/wp\/v2\/posts\/269","targetHints":{"allow":["GET"]}}],"collection":[{"href":"https:\/\/blogs.fu-berlin.de\/lai-alumni-mentoring\/wp-json\/wp\/v2\/posts"}],"about":[{"href":"https:\/\/blogs.fu-berlin.de\/lai-alumni-mentoring\/wp-json\/wp\/v2\/types\/post"}],"author":[{"embeddable":true,"href":"https:\/\/blogs.fu-berlin.de\/lai-alumni-mentoring\/wp-json\/wp\/v2\/users\/7741"}],"replies":[{"embeddable":true,"href":"https:\/\/blogs.fu-berlin.de\/lai-alumni-mentoring\/wp-json\/wp\/v2\/comments?post=269"}],"version-history":[{"count":1,"href":"https:\/\/blogs.fu-berlin.de\/lai-alumni-mentoring\/wp-json\/wp\/v2\/posts\/269\/revisions"}],"predecessor-version":[{"id":270,"href":"https:\/\/blogs.fu-berlin.de\/lai-alumni-mentoring\/wp-json\/wp\/v2\/posts\/269\/revisions\/270"}],"wp:attachment":[{"href":"https:\/\/blogs.fu-berlin.de\/lai-alumni-mentoring\/wp-json\/wp\/v2\/media?parent=269"}],"wp:term":[{"taxonomy":"category","embeddable":true,"href":"https:\/\/blogs.fu-berlin.de\/lai-alumni-mentoring\/wp-json\/wp\/v2\/categories?post=269"},{"taxonomy":"post_tag","embeddable":true,"href":"https:\/\/blogs.fu-berlin.de\/lai-alumni-mentoring\/wp-json\/wp\/v2\/tags?post=269"}],"curies":[{"name":"wp","href":"https:\/\/api.w.org\/{rel}","templated":true}]}}