{"id":273,"date":"2024-06-21T13:20:13","date_gmt":"2024-06-21T11:20:13","guid":{"rendered":"https:\/\/blogs.fu-berlin.de\/lai-alumni-mentoring\/?p=273"},"modified":"2024-06-21T13:20:13","modified_gmt":"2024-06-21T11:20:13","slug":"martha-isabel-gomez-lee","status":"publish","type":"post","link":"https:\/\/blogs.fu-berlin.de\/lai-alumni-mentoring\/2024\/06\/21\/martha-isabel-gomez-lee\/","title":{"rendered":"Martha Isabel Gomez Lee"},"content":{"rendered":"\n<div class=\"wp-block-media-text alignwide is-stacked-on-mobile has-white-background-color has-background\" style=\"grid-template-columns:46% auto\"><figure class=\"wp-block-media-text__media\"><img loading=\"lazy\" decoding=\"async\" width=\"1024\" height=\"685\" src=\"https:\/\/blogs.fu-berlin.de\/lai-alumni-mentoring\/files\/2024\/06\/Martha-1024x685.png\" alt=\"\" class=\"wp-image-236 size-full\" srcset=\"https:\/\/blogs.fu-berlin.de\/lai-alumni-mentoring\/files\/2024\/06\/Martha-1024x685.png 1024w, https:\/\/blogs.fu-berlin.de\/lai-alumni-mentoring\/files\/2024\/06\/Martha-300x201.png 300w, https:\/\/blogs.fu-berlin.de\/lai-alumni-mentoring\/files\/2024\/06\/Martha-768x513.png 768w, https:\/\/blogs.fu-berlin.de\/lai-alumni-mentoring\/files\/2024\/06\/Martha-1200x802.png 1200w, https:\/\/blogs.fu-berlin.de\/lai-alumni-mentoring\/files\/2024\/06\/Martha.png 1258w\" sizes=\"auto, (max-width: 709px) 85vw, (max-width: 909px) 67vw, (max-width: 1362px) 62vw, 840px\" \/><\/figure><div class=\"wp-block-media-text__content\">\n<p class=\"has-small-font-size\">Abogada, PhD en Estudios Pol\u00edticos de la Universidad Externado de Colombia, con beca del Servicio Alem\u00e1n de Intercambio Acad\u00e9mico (DAAD) para estancia doctoral (2009-2012) y postdoctoral (2023) en el Instituto Latinoamericano de la Universidad Libre de Berl\u00edn. Becaria del Instituto Iberoamericano de Berl\u00edn para investigaci\u00f3n postdoctoral (2021) e invitada en 2022 y 2024. Desde 2005, docente investigadora de la Facultad de Finanzas Gobierno y Relaciones Internacionales de la Universidad Externado de Colombia. <\/p>\n<\/div><\/div>\n\n\n\n<p class=\"has-small-font-size\">Se ha desempe\u00f1ado como miembro del Consejo Internacional de Derecho Ambiental de Bonn, miembro del Comit\u00e9 T\u00e9cnico Propiedad Intelectual y Recursos Gen\u00e9ticos de la Canciller\u00eda colombiana, consultora Capstone para la Organizaci\u00f3n Nacional de Ind\u00edgenas de Colombia (ONIC). En la actualidad es miembro fundador de la Red Colombiana de Pol\u00edticas P\u00fablicas (REGOPP), miembro del Grupo Pol\u00edticas P\u00fablicas Comparadas de la Asociaci\u00f3n Latinoamericana de Ciencias Pol\u00edticas (ALACIP), de la Alianza por la Agrobiodiversidad, de la International Political Science Association (IPSA).<\/p>\n\n\n\n<p>Algunas preguntas a Martha: <\/p>\n\n\n\n<div class=\"wp-block-columns is-layout-flex wp-container-core-columns-is-layout-9d6595d7 wp-block-columns-is-layout-flex\">\n<div class=\"wp-block-column is-layout-flow wp-block-column-is-layout-flow\">\n<p class=\"has-background has-small-font-size\" style=\"background-color:#fffacf\">\u00bfQu\u00e9 es lo que te conecta con el LAI?<\/p>\n<\/div>\n\n\n\n<div class=\"wp-block-column is-layout-flow wp-block-column-is-layout-flow\">\n<p class=\"has-small-font-size\">07.2009-07.2012 Estancia de investigaci\u00f3n doctoral en Freie Universit\u00e4t (FU) como becaria del Servicio Alem\u00e1n de Intercambio Acad\u00e9mico (DAAD), con tutor G\u00fcnther Maihold del LAI. Septiembre-noviembre de 2023, Estancia de investigaci\u00f3n Postdoctoral en Temporalidades de Futuro en el LAI como becaria del Servicio Alem\u00e1n de Intercambio Acad\u00e9mico (DAAD) para Programme Research Stays for University Academics and Scientists, 2023.<\/p>\n<\/div>\n<\/div>\n\n\n\n<div class=\"wp-block-columns is-layout-flex wp-container-core-columns-is-layout-9d6595d7 wp-block-columns-is-layout-flex\">\n<div class=\"wp-block-column is-layout-flow wp-block-column-is-layout-flow\">\n<div class=\"wp-block-columns is-layout-flex wp-container-core-columns-is-layout-9d6595d7 wp-block-columns-is-layout-flex\">\n<div class=\"wp-block-column is-layout-flow wp-block-column-is-layout-flow\">\n<p class=\"has-background has-small-font-size\" style=\"background-color:#fffacf\">Describe brevemente que est\u00e1s haciendo en este puesto de trabajo.<\/p>\n<\/div>\n\n\n\n<div class=\"wp-block-column is-layout-flow wp-block-column-is-layout-flow\">\n<p class=\"has-small-font-size\">Soy profesora de la Maestr\u00eda de Gobierno y Pol\u00edticas P\u00fablicas, la Maestr\u00eda en Gerencia P\u00fablica y el Doctorado de Estudios Pol\u00edticos de la Facultad de Finanzas, Gobierno y Relaciones Internacionales. Tambi\u00e9n me desempe\u00f1o como investigadora del Observatorio de Pol\u00edticas, Ejecuci\u00f3n y Resultados de la Administraci\u00f3n P\u00fablica (Opera).<\/p>\n<\/div>\n<\/div>\n<\/div>\n<\/div>\n\n\n\n<div class=\"wp-block-columns is-layout-flex wp-container-core-columns-is-layout-9d6595d7 wp-block-columns-is-layout-flex\">\n<div class=\"wp-block-column is-layout-flow wp-block-column-is-layout-flow\">\n<p class=\"has-background has-small-font-size\" style=\"background-color:#fffacf\">\u00bfQu\u00e9 es lo que m\u00e1s te gusta de tu trabajo?<\/p>\n<\/div>\n\n\n\n<div class=\"wp-block-column is-layout-flow wp-block-column-is-layout-flow\">\n<p class=\"has-small-font-size\">Publicar sobre temas que incidan en los actores pol\u00edticos involucrados en problemas caracterizados por asimetr\u00edas globales y locales. Esto con el prop\u00f3sito de contribuir a la soluci\u00f3n de estos problemas.<\/p>\n<\/div>\n<\/div>\n\n\n\n<div class=\"wp-block-columns is-layout-flex wp-container-core-columns-is-layout-9d6595d7 wp-block-columns-is-layout-flex\">\n<div class=\"wp-block-column is-layout-flow wp-block-column-is-layout-flow\">\n<p class=\"has-background has-small-font-size\" style=\"background-color:#fffacf\">\u00bfQu\u00e9 es lo m\u00e1s complejo \/ dif\u00edcil?<\/p>\n<\/div>\n\n\n\n<div class=\"wp-block-column is-layout-flow wp-block-column-is-layout-flow\">\n<p class=\"has-small-font-size\">Lograr en los estudios de caso hacer las entrevistas a una muestra representativa de actores.&nbsp;&nbsp;<\/p>\n<\/div>\n<\/div>\n\n\n\n<div class=\"wp-block-columns is-layout-flex wp-container-core-columns-is-layout-9d6595d7 wp-block-columns-is-layout-flex\">\n<div class=\"wp-block-column is-layout-flow wp-block-column-is-layout-flow\">\n<div class=\"wp-block-columns is-layout-flex wp-container-core-columns-is-layout-9d6595d7 wp-block-columns-is-layout-flex\">\n<div class=\"wp-block-column is-layout-flow wp-block-column-is-layout-flow\">\n<div class=\"wp-block-columns is-layout-flex wp-container-core-columns-is-layout-9d6595d7 wp-block-columns-is-layout-flex\">\n<div class=\"wp-block-column is-layout-flow wp-block-column-is-layout-flow\">\n<p class=\"has-background has-small-font-size\" style=\"background-color:#fffacf\">\u00bfQu\u00e9 dir\u00edas a un estudiante que busca un camino profesional parecido al tuyo? \u00bfQu\u00e9 le aconsejar\u00edas?<\/p>\n<\/div>\n\n\n\n<div class=\"wp-block-column is-layout-flow wp-block-column-is-layout-flow\">\n<p class=\"has-small-font-size\">Le aconsejar\u00eda que, si es profesor universitario, dedique gran parte de su tiempo a la investigaci\u00f3n de problemas p\u00fablicos y lo haga desde diferentes disciplinas.<\/p>\n<\/div>\n<\/div>\n<\/div>\n<\/div>\n<\/div>\n<\/div>\n\n\n\n<div class=\"wp-block-columns is-layout-flex wp-container-core-columns-is-layout-9d6595d7 wp-block-columns-is-layout-flex\">\n<div class=\"wp-block-column is-layout-flow wp-block-column-is-layout-flow\">\n<p class=\"has-background has-small-font-size\" style=\"background-color:#fffacf\">\u00bfQu\u00e9 te hubiese gustado saber iniciando tu carrera profesional?<\/p>\n<\/div>\n\n\n\n<div class=\"wp-block-column is-layout-flow wp-block-column-is-layout-flow\">\n<p class=\"has-small-font-size\">Lo mucho que me iba a servir hacer un doctorado.<\/p>\n<\/div>\n<\/div>\n\n\n\n<div class=\"wp-block-columns is-layout-flex wp-container-core-columns-is-layout-9d6595d7 wp-block-columns-is-layout-flex\">\n<div class=\"wp-block-column is-layout-flow wp-block-column-is-layout-flow\">\n<p class=\"has-background has-small-font-size\" style=\"background-color:#fffacf\">Comparte una fuerza tuya y una debilidad<\/p>\n<\/div>\n\n\n\n<div class=\"wp-block-column is-layout-flow wp-block-column-is-layout-flow\">\n<p class=\"has-small-font-size\">Soy muy disciplinada, pero no tengo casi competencias tecnol\u00f3gicas.<\/p>\n<\/div>\n<\/div>\n\n\n\n<div class=\"wp-block-columns is-layout-flex wp-container-core-columns-is-layout-9d6595d7 wp-block-columns-is-layout-flex\">\n<div class=\"wp-block-column is-layout-flow wp-block-column-is-layout-flow\">\n<p class=\"has-background has-small-font-size\" style=\"background-color:#fffacf\">\u00bfQu\u00e9 es lo que te motiva en tu vida y en tu carrera?<\/p>\n<\/div>\n\n\n\n<div class=\"wp-block-column is-layout-flow wp-block-column-is-layout-flow\">\n<p class=\"has-small-font-size\">Servir a la gente.<\/p>\n<\/div>\n<\/div>\n\n\n\n<div class=\"wp-block-columns is-layout-flex wp-container-core-columns-is-layout-9d6595d7 wp-block-columns-is-layout-flex\">\n<div class=\"wp-block-column is-layout-flow wp-block-column-is-layout-flow\">\n<p class=\"has-background has-small-font-size\" style=\"background-color:#fffacf\">\u00bfC\u00f3mo llegaste hasta donde est\u00e1s ahora (profesionalmente)<\/p>\n<\/div>\n\n\n\n<div class=\"wp-block-column is-layout-flow wp-block-column-is-layout-flow\">\n<p class=\"has-small-font-size\">Participando activa y juiciosamente en convocatorias para monitorias, trabajos acad\u00e9micos, becas, cursos de verano, consultor\u00edas, etc.<\/p>\n<\/div>\n<\/div>\n\n\n\n<div class=\"wp-block-columns is-layout-flex wp-container-core-columns-is-layout-9d6595d7 wp-block-columns-is-layout-flex\">\n<div class=\"wp-block-column is-layout-flow wp-block-column-is-layout-flow\">\n<p class=\"has-background has-small-font-size\" style=\"background-color:#fffacf\">Tu consejo\/ motto general (y sabio)\u2026<\/p>\n<\/div>\n\n\n\n<div class=\"wp-block-column is-layout-flow wp-block-column-is-layout-flow\">\n<p class=\"has-small-font-size\">Aprender es vivir.<\/p>\n<\/div>\n<\/div>\n\n\n\n<div class=\"wp-block-columns is-layout-flex wp-container-core-columns-is-layout-9d6595d7 wp-block-columns-is-layout-flex\">\n<div class=\"wp-block-column is-layout-flow wp-block-column-is-layout-flow\">\n<p class=\"has-background has-small-font-size\" style=\"background-color:#fffacf\">\u00bfQu\u00e9 podr\u00edas ofrecer a alumni de la maestria del LAI que te contactan? (ayuda para encontrar contactos, una pasant\u00eda, consejos, e.g.)<\/p>\n<\/div>\n\n\n\n<div class=\"wp-block-column is-layout-flow wp-block-column-is-layout-flow\">\n<p class=\"has-small-font-size\">Les podr\u00eda ayudar a dar contactos de actores involucrados en los problemas de cambio clim\u00e1tico y biopirater\u00eda, relacionados con semillas, recursos gen\u00e9ticos y conocimientos tradicionales. Por ejemplo: la Red Colombiana de Pol\u00edticas P\u00fablicas (REGOPP), Grupo Pol\u00edticas P\u00fablicas Comparadas de la Asociaci\u00f3n Latinoamericana de Ciencias Pol\u00edticas (ALACIP), la Alianza por la Agrobiodiversidad, la Red de Investigaci\u00f3n por la defensa de la Agrobiodiversidad (RIDABI)).<\/p>\n\n\n\n<p class=\"has-small-font-size\">Oportunidad de una estancia de investigaci\u00f3n en la Universidad Externado de Colombia. Consejos sobre c\u00f3mo abordar problemas \u201cglocales\u201d desde las \u201cglocalidades\u201d de Am\u00e9rica Latina, de las que habla Arturo Escobar.&nbsp; Esto desde la Teor\u00eda Cultural, el An\u00e1lisis de Pol\u00edticas P\u00fablicas, las Relaciones Internacionales y la econom\u00eda pol\u00edtica.<\/p>\n<\/div>\n<\/div>\n\n\n\n<div class=\"wp-block-columns is-layout-flex wp-container-core-columns-is-layout-9d6595d7 wp-block-columns-is-layout-flex\">\n<div class=\"wp-block-column is-layout-flow wp-block-column-is-layout-flow\">\n<p class=\"has-background has-small-font-size\" style=\"background-color:#fffacf\">Compartes un contacto para que te contacten lxs estudiantes del LAI? (por favor, indique el e-mail \/ contacto)<\/p>\n<\/div>\n\n\n\n<div class=\"wp-block-column is-layout-flow wp-block-column-is-layout-flow\">\n<p class=\"has-small-font-size\">S\u00ed (Cont\u00e1ctenos en alumni@lai.fu-berlin para recibir el correo electr\u00f3nico.)<\/p>\n<\/div>\n<\/div>\n","protected":false},"excerpt":{"rendered":"<p>Abogada, PhD en Estudios Pol\u00edticos de la Universidad Externado de Colombia, con beca del Servicio Alem\u00e1n de Intercambio Acad\u00e9mico (DAAD) para estancia doctoral (2009-2012) y postdoctoral (2023) en el Instituto Latinoamericano de la Universidad Libre de Berl\u00edn. Becaria del Instituto Iberoamericano de Berl\u00edn para investigaci\u00f3n postdoctoral (2021) e invitada en 2022 y 2024. Desde 2005, &hellip; <a href=\"https:\/\/blogs.fu-berlin.de\/lai-alumni-mentoring\/2024\/06\/21\/martha-isabel-gomez-lee\/\" class=\"more-link\"><span class=\"screen-reader-text\">\u201eMartha Isabel Gomez Lee\u201c<\/span> weiterlesen<\/a><\/p>\n","protected":false},"author":7741,"featured_media":0,"comment_status":"open","ping_status":"open","sticky":false,"template":"","format":"standard","meta":{"footnotes":""},"categories":[9],"tags":[],"class_list":["post-273","post","type-post","status-publish","format-standard","hentry","category-allgemein"],"_links":{"self":[{"href":"https:\/\/blogs.fu-berlin.de\/lai-alumni-mentoring\/wp-json\/wp\/v2\/posts\/273","targetHints":{"allow":["GET"]}}],"collection":[{"href":"https:\/\/blogs.fu-berlin.de\/lai-alumni-mentoring\/wp-json\/wp\/v2\/posts"}],"about":[{"href":"https:\/\/blogs.fu-berlin.de\/lai-alumni-mentoring\/wp-json\/wp\/v2\/types\/post"}],"author":[{"embeddable":true,"href":"https:\/\/blogs.fu-berlin.de\/lai-alumni-mentoring\/wp-json\/wp\/v2\/users\/7741"}],"replies":[{"embeddable":true,"href":"https:\/\/blogs.fu-berlin.de\/lai-alumni-mentoring\/wp-json\/wp\/v2\/comments?post=273"}],"version-history":[{"count":1,"href":"https:\/\/blogs.fu-berlin.de\/lai-alumni-mentoring\/wp-json\/wp\/v2\/posts\/273\/revisions"}],"predecessor-version":[{"id":274,"href":"https:\/\/blogs.fu-berlin.de\/lai-alumni-mentoring\/wp-json\/wp\/v2\/posts\/273\/revisions\/274"}],"wp:attachment":[{"href":"https:\/\/blogs.fu-berlin.de\/lai-alumni-mentoring\/wp-json\/wp\/v2\/media?parent=273"}],"wp:term":[{"taxonomy":"category","embeddable":true,"href":"https:\/\/blogs.fu-berlin.de\/lai-alumni-mentoring\/wp-json\/wp\/v2\/categories?post=273"},{"taxonomy":"post_tag","embeddable":true,"href":"https:\/\/blogs.fu-berlin.de\/lai-alumni-mentoring\/wp-json\/wp\/v2\/tags?post=273"}],"curies":[{"name":"wp","href":"https:\/\/api.w.org\/{rel}","templated":true}]}}