{"id":277,"date":"2024-06-21T13:21:43","date_gmt":"2024-06-21T11:21:43","guid":{"rendered":"https:\/\/blogs.fu-berlin.de\/lai-alumni-mentoring\/?p=277"},"modified":"2024-06-21T13:21:43","modified_gmt":"2024-06-21T11:21:43","slug":"adriana-cedillo","status":"publish","type":"post","link":"https:\/\/blogs.fu-berlin.de\/lai-alumni-mentoring\/2024\/06\/21\/adriana-cedillo\/","title":{"rendered":"Adriana Cedillo"},"content":{"rendered":"\n<div class=\"wp-block-media-text alignwide is-stacked-on-mobile has-white-background-color has-background\" style=\"grid-template-columns:44% auto\"><figure class=\"wp-block-media-text__media\"><img loading=\"lazy\" decoding=\"async\" width=\"648\" height=\"624\" src=\"https:\/\/blogs.fu-berlin.de\/lai-alumni-mentoring\/files\/2024\/06\/WhatsApp-Image-2023-12-15-at-13.03.15.jpeg\" alt=\"\" class=\"wp-image-225 size-full\" srcset=\"https:\/\/blogs.fu-berlin.de\/lai-alumni-mentoring\/files\/2024\/06\/WhatsApp-Image-2023-12-15-at-13.03.15.jpeg 648w, https:\/\/blogs.fu-berlin.de\/lai-alumni-mentoring\/files\/2024\/06\/WhatsApp-Image-2023-12-15-at-13.03.15-300x289.jpeg 300w\" sizes=\"auto, (max-width: 709px) 85vw, (max-width: 909px) 67vw, (max-width: 984px) 61vw, (max-width: 1362px) 45vw, 600px\" \/><\/figure><div class=\"wp-block-media-text__content\">\n<p class=\"has-small-font-size\">Doctora en Ciencias Sociales por la Universidad Estadual de Campinas (Unicamp), enel \u00e1rea tem\u00e1tica de Estudios de G\u00e9nero. Mag\u00edster en Comunicaci\u00f3n del Programa de Postgrado en Comunicaci\u00f3n de la Universidad Federal de Paran\u00e1, en la l\u00ednea de investigaci\u00f3n comunicaci\u00f3n pol\u00edtica y actores colectivos. Durante sus estudios form\u00f3 parte del Grupo de Estudios Sociales de Ciencia y Tecnolog\u00eda (ESCT-Unicamp), del Grupo de Investigaci\u00f3n en Comunicaci\u00f3n Electoral (UPFR) y del Centro de Investigaci\u00f3n en Comunicaci\u00f3n Pol\u00edtica y Opini\u00f3n P\u00fablica (CPOP) de la UFPR. <\/p>\n<\/div><\/div>\n\n\n\n<p class=\"has-small-font-size\">Es licenciado en ciencias de la comunicaci\u00f3n (Universidad Nacional Aut\u00f3noma de M\u00e9xico) con \u00e1rea de \u00e9nfasis en comunicaci\u00f3n pol\u00edtica. Tiene experiencia en las \u00e1reas de comunicaci\u00f3n pol\u00edtica, ONG y periodismo.<\/p>\n\n\n\n<p>Algunas preguntas a Adriana: <\/p>\n\n\n\n<div class=\"wp-block-columns is-layout-flex wp-container-core-columns-is-layout-9d6595d7 wp-block-columns-is-layout-flex\">\n<div class=\"wp-block-column is-layout-flow wp-block-column-is-layout-flow\">\n<p class=\"has-background has-small-font-size\" style=\"background-color:#fffacf\">\u00bfQu\u00e9 es lo que te conecta con el LAI?<\/p>\n<\/div>\n\n\n\n<div class=\"wp-block-column is-layout-flow wp-block-column-is-layout-flow\">\n<p class=\"has-white-background-color has-background has-small-font-size\">Realic\u00e9 una estancia de investigaci\u00f3n en 2019. Fue una experiencia muy enriquecedora a nivel de investigaci\u00f3n porque tuve la oportunidad de intercambiar puntos de vista con estudiantes e investigadoras de diversas partes del mundo.<\/p>\n<\/div>\n<\/div>\n\n\n\n<div class=\"wp-block-columns is-layout-flex wp-container-core-columns-is-layout-9d6595d7 wp-block-columns-is-layout-flex\">\n<div class=\"wp-block-column is-layout-flow wp-block-column-is-layout-flow\">\n<div class=\"wp-block-columns is-layout-flex wp-container-core-columns-is-layout-9d6595d7 wp-block-columns-is-layout-flex\">\n<div class=\"wp-block-column is-layout-flow wp-block-column-is-layout-flow\">\n<p class=\"has-background has-small-font-size\" style=\"background-color:#fffacf\">Describe brevemente que est\u00e1s haciendo en este puesto de trabajo.<\/p>\n<\/div>\n\n\n\n<div class=\"wp-block-column is-layout-flow wp-block-column-is-layout-flow\">\n<p class=\"has-small-font-size\">Brindo servicios profesionales para empresas, a nivel nacional e internacional, en el \u00e1rea de comunicaci\u00f3n estrat\u00e9gica y contenidos digitales.<\/p>\n<\/div>\n<\/div>\n<\/div>\n<\/div>\n\n\n\n<div class=\"wp-block-columns is-layout-flex wp-container-core-columns-is-layout-9d6595d7 wp-block-columns-is-layout-flex\">\n<div class=\"wp-block-column is-layout-flow wp-block-column-is-layout-flow\">\n<p class=\"has-background has-small-font-size\" style=\"background-color:#fffacf\">\u00bfQu\u00e9 es lo que m\u00e1s te gusta de tu trabajo?<\/p>\n<\/div>\n\n\n\n<div class=\"wp-block-column is-layout-flow wp-block-column-is-layout-flow\">\n<p class=\"has-small-font-size\">Me gusta que puedo trabajar para diversas industrias y audiencias. Al mismo tiempo, participo de sectores muy innovadores en Am\u00e9rica Latina, desde el educativo hasta el tecnol\u00f3gico. Y puedo contribuir socialmente, al proponer perspectivas sociales en la industria.<\/p>\n<\/div>\n<\/div>\n\n\n\n<div class=\"wp-block-columns is-layout-flex wp-container-core-columns-is-layout-9d6595d7 wp-block-columns-is-layout-flex\">\n<div class=\"wp-block-column is-layout-flow wp-block-column-is-layout-flow\">\n<p class=\"has-background has-small-font-size\" style=\"background-color:#fffacf\">\u00bfQu\u00e9 es lo m\u00e1s complejo \/ dif\u00edcil?<\/p>\n<\/div>\n\n\n\n<div class=\"wp-block-column is-layout-flow wp-block-column-is-layout-flow\">\n<p class=\"has-small-font-size\">Lo m\u00e1s complejo ha sido comprender que en cualquier \u00e1mbito laboral la actualizaci\u00f3n y la capacitaci\u00f3n son parte de un proceso continuo y constante.<\/p>\n<\/div>\n<\/div>\n\n\n\n<div class=\"wp-block-columns is-layout-flex wp-container-core-columns-is-layout-9d6595d7 wp-block-columns-is-layout-flex\">\n<div class=\"wp-block-column is-layout-flow wp-block-column-is-layout-flow\">\n<div class=\"wp-block-columns is-layout-flex wp-container-core-columns-is-layout-9d6595d7 wp-block-columns-is-layout-flex\">\n<div class=\"wp-block-column is-layout-flow wp-block-column-is-layout-flow\">\n<div class=\"wp-block-columns is-layout-flex wp-container-core-columns-is-layout-9d6595d7 wp-block-columns-is-layout-flex\">\n<div class=\"wp-block-column is-layout-flow wp-block-column-is-layout-flow\">\n<p class=\"has-background has-small-font-size\" style=\"background-color:#fffacf\">\u00bfQu\u00e9 dir\u00edas a un estudiante que busca un camino profesional parecido al tuyo? \u00bfQu\u00e9 le aconsejar\u00edas?<\/p>\n<\/div>\n\n\n\n<div class=\"wp-block-column is-layout-flow wp-block-column-is-layout-flow\">\n<p class=\"has-small-font-size\">Como yo me desempe\u00f1o tanto en el \u00e1mbito acad\u00e9mico como en el de la industria, le dir\u00eda que hay que ser muy resiliente. Trabajar en diversos \u00e1mbitos requiere de mucha disciplina, compromiso, pero tambi\u00e9n de estar dispuesto a cometer errores y aprender de eso.<\/p>\n<\/div>\n<\/div>\n<\/div>\n<\/div>\n<\/div>\n<\/div>\n\n\n\n<div class=\"wp-block-columns is-layout-flex wp-container-core-columns-is-layout-9d6595d7 wp-block-columns-is-layout-flex\">\n<div class=\"wp-block-column is-layout-flow wp-block-column-is-layout-flow\">\n<p class=\"has-background has-small-font-size\" style=\"background-color:#fffacf\">\u00bfQu\u00e9 te hubiese gustado saber iniciando tu carrera profesional?<\/p>\n<\/div>\n\n\n\n<div class=\"wp-block-column is-layout-flow wp-block-column-is-layout-flow\">\n<p class=\"has-small-font-size\">Me hubiera gustado tener una idea m\u00e1s hol\u00edstica sobre el \u00e9xito profesional. Hoy en d\u00eda entiendo que no todo es el reconocimiento social o los ingresos econ\u00f3micos, sino tambi\u00e9n alcanzar satisfacci\u00f3n, tiempo libre y poder cuidar de la salud.<\/p>\n<\/div>\n<\/div>\n\n\n\n<div class=\"wp-block-columns is-layout-flex wp-container-core-columns-is-layout-9d6595d7 wp-block-columns-is-layout-flex\">\n<div class=\"wp-block-column is-layout-flow wp-block-column-is-layout-flow\">\n<p class=\"has-background has-small-font-size\" style=\"background-color:#fffacf\">Comparte una fuerza tuya y una debilidad<\/p>\n<\/div>\n\n\n\n<div class=\"wp-block-column is-layout-flow wp-block-column-is-layout-flow\">\n<p class=\"has-small-font-size\">Mi fuerza es la resiliencia y mi debilidad es el tener poca paciencia para alcanzar resultados.<\/p>\n<\/div>\n<\/div>\n\n\n\n<div class=\"wp-block-columns is-layout-flex wp-container-core-columns-is-layout-9d6595d7 wp-block-columns-is-layout-flex\">\n<div class=\"wp-block-column is-layout-flow wp-block-column-is-layout-flow\">\n<p class=\"has-background has-small-font-size\" style=\"background-color:#fffacf\">\u00bfQu\u00e9 es lo que te motiva en tu vida y en tu carrera?<\/p>\n<\/div>\n\n\n\n<div class=\"wp-block-column is-layout-flow wp-block-column-is-layout-flow\">\n<p class=\"has-small-font-size\">Me motiva pensar que todo es un proceso de aprendizaje en tiempo presente. Pienso m\u00e1s en el camino que en la meta.<\/p>\n<\/div>\n<\/div>\n\n\n\n<div class=\"wp-block-columns is-layout-flex wp-container-core-columns-is-layout-9d6595d7 wp-block-columns-is-layout-flex\">\n<div class=\"wp-block-column is-layout-flow wp-block-column-is-layout-flow\">\n<p class=\"has-background has-small-font-size\" style=\"background-color:#fffacf\">\u00bfC\u00f3mo llegaste hasta donde est\u00e1s ahora (profesionalmente)<\/p>\n<\/div>\n\n\n\n<div class=\"wp-block-column is-layout-flow wp-block-column-is-layout-flow\">\n<p class=\"has-small-font-size\">He tenido el privilegio de construir una trayectoria profesional internacional, pero al mismo tiempo esto me ha colocado en situaciones muy desafiantes donde por ser extranjera he tenido que lidiar con barreras estructurales que han sido dif\u00edciles de superar.<\/p>\n<\/div>\n<\/div>\n\n\n\n<div class=\"wp-block-columns is-layout-flex wp-container-core-columns-is-layout-9d6595d7 wp-block-columns-is-layout-flex\">\n<div class=\"wp-block-column is-layout-flow wp-block-column-is-layout-flow\">\n<p class=\"has-background has-small-font-size\" style=\"background-color:#fffacf\">Tu consejo\/ motto general (y sabio)\u2026<\/p>\n<\/div>\n\n\n\n<div class=\"wp-block-column is-layout-flow wp-block-column-is-layout-flow\">\n<p class=\"has-small-font-size\">Cuando tengas ganas de desistir, desiste, pero no para siempre. Cuando necesites ayuda, p\u00eddela.<\/p>\n<\/div>\n<\/div>\n\n\n\n<div class=\"wp-block-columns is-layout-flex wp-container-core-columns-is-layout-9d6595d7 wp-block-columns-is-layout-flex\">\n<div class=\"wp-block-column is-layout-flow wp-block-column-is-layout-flow\">\n<p class=\"has-background has-small-font-size\" style=\"background-color:#fffacf\">\u00bfQu\u00e9 podr\u00edas ofrecer a alumni de la maestria del LAI que te contactan? (ayuda para encontrar contactos, una pasant\u00eda, consejos, e.g.)<\/p>\n<\/div>\n\n\n\n<div class=\"wp-block-column is-layout-flow wp-block-column-is-layout-flow\">\n<p class=\"has-small-font-size\">Puedo ofrecer asesor\u00eda en proyectos de investigaci\u00f3n y tambi\u00e9n consultor\u00edas profesionales en el \u00e1rea de comunicaci\u00f3n.<\/p>\n<\/div>\n<\/div>\n\n\n\n<div class=\"wp-block-columns is-layout-flex wp-container-core-columns-is-layout-9d6595d7 wp-block-columns-is-layout-flex\">\n<div class=\"wp-block-column is-layout-flow wp-block-column-is-layout-flow\">\n<p class=\"has-background has-small-font-size\" style=\"background-color:#fffacf\">Compartes un contacto para que te contacten lxs estudiantes del LAI? (por favor, indique el e-mail \/ contacto)<\/p>\n<\/div>\n\n\n\n<div class=\"wp-block-column is-layout-flow wp-block-column-is-layout-flow\">\n<p class=\"has-small-font-size\">S\u00ed (Cont\u00e1ctenos en alumni@lai.fu-berlin para recibir el correo electr\u00f3nico.)<\/p>\n<\/div>\n<\/div>\n","protected":false},"excerpt":{"rendered":"<p>Doctora en Ciencias Sociales por la Universidad Estadual de Campinas (Unicamp), enel \u00e1rea tem\u00e1tica de Estudios de G\u00e9nero. Mag\u00edster en Comunicaci\u00f3n del Programa de Postgrado en Comunicaci\u00f3n de la Universidad Federal de Paran\u00e1, en la l\u00ednea de investigaci\u00f3n comunicaci\u00f3n pol\u00edtica y actores colectivos. Durante sus estudios form\u00f3 parte del Grupo de Estudios Sociales de Ciencia &hellip; <a href=\"https:\/\/blogs.fu-berlin.de\/lai-alumni-mentoring\/2024\/06\/21\/adriana-cedillo\/\" class=\"more-link\"><span class=\"screen-reader-text\">\u201eAdriana Cedillo\u201c<\/span> weiterlesen<\/a><\/p>\n","protected":false},"author":7741,"featured_media":0,"comment_status":"open","ping_status":"open","sticky":false,"template":"","format":"standard","meta":{"footnotes":""},"categories":[9],"tags":[],"class_list":["post-277","post","type-post","status-publish","format-standard","hentry","category-allgemein"],"_links":{"self":[{"href":"https:\/\/blogs.fu-berlin.de\/lai-alumni-mentoring\/wp-json\/wp\/v2\/posts\/277","targetHints":{"allow":["GET"]}}],"collection":[{"href":"https:\/\/blogs.fu-berlin.de\/lai-alumni-mentoring\/wp-json\/wp\/v2\/posts"}],"about":[{"href":"https:\/\/blogs.fu-berlin.de\/lai-alumni-mentoring\/wp-json\/wp\/v2\/types\/post"}],"author":[{"embeddable":true,"href":"https:\/\/blogs.fu-berlin.de\/lai-alumni-mentoring\/wp-json\/wp\/v2\/users\/7741"}],"replies":[{"embeddable":true,"href":"https:\/\/blogs.fu-berlin.de\/lai-alumni-mentoring\/wp-json\/wp\/v2\/comments?post=277"}],"version-history":[{"count":1,"href":"https:\/\/blogs.fu-berlin.de\/lai-alumni-mentoring\/wp-json\/wp\/v2\/posts\/277\/revisions"}],"predecessor-version":[{"id":278,"href":"https:\/\/blogs.fu-berlin.de\/lai-alumni-mentoring\/wp-json\/wp\/v2\/posts\/277\/revisions\/278"}],"wp:attachment":[{"href":"https:\/\/blogs.fu-berlin.de\/lai-alumni-mentoring\/wp-json\/wp\/v2\/media?parent=277"}],"wp:term":[{"taxonomy":"category","embeddable":true,"href":"https:\/\/blogs.fu-berlin.de\/lai-alumni-mentoring\/wp-json\/wp\/v2\/categories?post=277"},{"taxonomy":"post_tag","embeddable":true,"href":"https:\/\/blogs.fu-berlin.de\/lai-alumni-mentoring\/wp-json\/wp\/v2\/tags?post=277"}],"curies":[{"name":"wp","href":"https:\/\/api.w.org\/{rel}","templated":true}]}}