{"id":285,"date":"2024-06-21T13:25:49","date_gmt":"2024-06-21T11:25:49","guid":{"rendered":"https:\/\/blogs.fu-berlin.de\/lai-alumni-mentoring\/?p=285"},"modified":"2024-06-21T13:25:49","modified_gmt":"2024-06-21T11:25:49","slug":"diego-sanchez-ancochea","status":"publish","type":"post","link":"https:\/\/blogs.fu-berlin.de\/lai-alumni-mentoring\/2024\/06\/21\/diego-sanchez-ancochea\/","title":{"rendered":"Diego S\u00e1nchez-Ancochea"},"content":{"rendered":"\n<div class=\"wp-block-media-text alignwide is-stacked-on-mobile has-white-background-color has-background\" style=\"grid-template-columns:51% auto\"><figure class=\"wp-block-media-text__media\"><img loading=\"lazy\" decoding=\"async\" width=\"1024\" height=\"683\" src=\"https:\/\/blogs.fu-berlin.de\/lai-alumni-mentoring\/files\/2024\/05\/6387-2810-Diego_Sanchez-Ancochea-1024x683.jpg\" alt=\"\" class=\"wp-image-212 size-full\" srcset=\"https:\/\/blogs.fu-berlin.de\/lai-alumni-mentoring\/files\/2024\/05\/6387-2810-Diego_Sanchez-Ancochea-1024x683.jpg 1024w, https:\/\/blogs.fu-berlin.de\/lai-alumni-mentoring\/files\/2024\/05\/6387-2810-Diego_Sanchez-Ancochea-300x200.jpg 300w, https:\/\/blogs.fu-berlin.de\/lai-alumni-mentoring\/files\/2024\/05\/6387-2810-Diego_Sanchez-Ancochea-768x512.jpg 768w, https:\/\/blogs.fu-berlin.de\/lai-alumni-mentoring\/files\/2024\/05\/6387-2810-Diego_Sanchez-Ancochea-1536x1025.jpg 1536w, https:\/\/blogs.fu-berlin.de\/lai-alumni-mentoring\/files\/2024\/05\/6387-2810-Diego_Sanchez-Ancochea-2048x1366.jpg 2048w, https:\/\/blogs.fu-berlin.de\/lai-alumni-mentoring\/files\/2024\/05\/6387-2810-Diego_Sanchez-Ancochea-1200x800.jpg 1200w\" sizes=\"auto, (max-width: 709px) 85vw, (max-width: 909px) 67vw, (max-width: 1362px) 62vw, 840px\" \/><\/figure><div class=\"wp-block-media-text__content\">\n<p class=\"has-small-font-size\">Diego S\u00e1nchez-Ancochea es catedr\u00e1tico de Econom\u00eda Pol\u00edtica del Desarrollo en la Universidad de Oxford y sub-director de la Divisi\u00f3n de Ciencias Sociales. Su investigaci\u00f3n se concentra en la desigualdad, las pol\u00edticas sociales e industriales y la econom\u00eda pol\u00edtica del desarrollo en Am\u00e9rica Latina. Es autor del libro The Costs of Inequality in Latin America: Lessons and Warnings for the Rest of the World (Bloomsbury, 2020) publicado en espa\u00f1ol por Ariel\/Planeta. Junto a Juliana Mart\u00ednez Franzoni, ha publicado tambi\u00e9n The Quest for Universal Social Policy in the South: Actors, Ideas and Architectures (CUP, 2016, version en espa\u00f1ol en 2019) y Good Jobs and Social Services: How Costa Rica Achieved the Elusive Double Incorporation (Palgrave McMillan, 2013). <\/p>\n<\/div><\/div>\n\n\n\n<p class=\"has-small-font-size\">Adem\u00e1s, Diego S\u00e1nchez-Ancochea ha coeditado cuatro libros y publicado numerosos art\u00edculos en revistas internacionales. Estudi\u00f3 su doctorado en econom\u00eda en la New School for Social Research, su maestr\u00eda en administraci\u00f3n p\u00fablica en el Instituto Ortega y Gasset y la licenciatura en econom\u00eda en la Universidad Complutense de Madrid. Diego S\u00e1nchez-Ancochea ha sido consultor para diversos organismos internacionales como la CEPAL, la OIT y el Banco Mundial.<\/p>\n\n\n\n<p>Algunas preguntas a Diego: <\/p>\n\n\n\n<div class=\"wp-block-columns is-layout-flex wp-container-core-columns-is-layout-9d6595d7 wp-block-columns-is-layout-flex\">\n<div class=\"wp-block-column is-layout-flow wp-block-column-is-layout-flow\">\n<p class=\"has-background has-small-font-size\" style=\"background-color:#fffacf\">\u00bfQu\u00e9 es lo que te conecta con el LAI?<\/p>\n<\/div>\n\n\n\n<div class=\"wp-block-column is-layout-flow wp-block-column-is-layout-flow\">\n<p class=\"has-white-background-color has-background has-small-font-size\">Antiguo Fellow del programa Desigualdades<\/p>\n<\/div>\n<\/div>\n\n\n\n<div class=\"wp-block-columns is-layout-flex wp-container-core-columns-is-layout-9d6595d7 wp-block-columns-is-layout-flex\">\n<div class=\"wp-block-column is-layout-flow wp-block-column-is-layout-flow\">\n<div class=\"wp-block-columns is-layout-flex wp-container-core-columns-is-layout-9d6595d7 wp-block-columns-is-layout-flex\">\n<div class=\"wp-block-column is-layout-flow wp-block-column-is-layout-flow\">\n<p class=\"has-background has-small-font-size\" style=\"background-color:#fffacf\">Describe brevemente que est\u00e1s haciendo en este puesto de trabajo.<\/p>\n<\/div>\n\n\n\n<div class=\"wp-block-column is-layout-flow wp-block-column-is-layout-flow\">\n<p class=\"has-small-font-size\">Como profesor de la Universidad me dedico a la investigaci\u00f3n y a la ense\u00f1anza sobre desarrollo internacional, econom\u00eda pol\u00edtica y estudios latinoamericanos a nivel de post-graduado.&nbsp; Como director de personal, me dedico a impulsar algunos proyectos estrat\u00e9gicos en el \u00e1rea de recursos humanos<\/p>\n<\/div>\n<\/div>\n<\/div>\n<\/div>\n\n\n\n<div class=\"wp-block-columns is-layout-flex wp-container-core-columns-is-layout-9d6595d7 wp-block-columns-is-layout-flex\">\n<div class=\"wp-block-column is-layout-flow wp-block-column-is-layout-flow\">\n<p class=\"has-background has-small-font-size\" style=\"background-color:#fffacf\">\u00bfQu\u00e9 es lo que m\u00e1s te gusta de tu trabajo?<\/p>\n<\/div>\n\n\n\n<div class=\"wp-block-column is-layout-flow wp-block-column-is-layout-flow\">\n<p class=\"has-small-font-size\">La diversidad de actividades que se llevan a cabo, la posibilidad de interactuar con colegas de muchos pa\u00edses y la libertad para establecer mi propia agenda<\/p>\n<\/div>\n<\/div>\n\n\n\n<div class=\"wp-block-columns is-layout-flex wp-container-core-columns-is-layout-9d6595d7 wp-block-columns-is-layout-flex\">\n<div class=\"wp-block-column is-layout-flow wp-block-column-is-layout-flow\">\n<p class=\"has-background has-small-font-size\" style=\"background-color:#fffacf\">\u00bfQu\u00e9 es lo m\u00e1s complejo \/ dif\u00edcil?<\/p>\n<\/div>\n\n\n\n<div class=\"wp-block-column is-layout-flow wp-block-column-is-layout-flow\">\n<p class=\"has-small-font-size\">El no tener un horario fijo y tener siempre la sensaci\u00f3n de que hay algo pendiente.&nbsp; La lista de tareas es ilimitada y uno se siente culpable hasta cuando no trabaja los fines de semana<\/p>\n<\/div>\n<\/div>\n\n\n\n<div class=\"wp-block-columns is-layout-flex wp-container-core-columns-is-layout-9d6595d7 wp-block-columns-is-layout-flex\">\n<div class=\"wp-block-column is-layout-flow wp-block-column-is-layout-flow\">\n<div class=\"wp-block-columns is-layout-flex wp-container-core-columns-is-layout-9d6595d7 wp-block-columns-is-layout-flex\">\n<div class=\"wp-block-column is-layout-flow wp-block-column-is-layout-flow\">\n<div class=\"wp-block-columns is-layout-flex wp-container-core-columns-is-layout-9d6595d7 wp-block-columns-is-layout-flex\">\n<div class=\"wp-block-column is-layout-flow wp-block-column-is-layout-flow\">\n<p class=\"has-background has-small-font-size\" style=\"background-color:#fffacf\">\u00bfQu\u00e9 dir\u00edas a un estudiante que busca un camino profesional parecido al tuyo? \u00bfQu\u00e9 le aconsejar\u00edas?<\/p>\n<\/div>\n\n\n\n<div class=\"wp-block-column is-layout-flow wp-block-column-is-layout-flow\">\n<p class=\"has-small-font-size\">Varias cosas: (a) que encuentre temas de investigaci\u00f3n que le apasionen; (b) que tenga mucha paciencia y, a la vez, mantenga su foco en una agenda muy clara de publicaciones; y (c) que aprenda a decir que no sin sentirse culpable<\/p>\n<\/div>\n<\/div>\n<\/div>\n<\/div>\n<\/div>\n<\/div>\n\n\n\n<div class=\"wp-block-columns is-layout-flex wp-container-core-columns-is-layout-9d6595d7 wp-block-columns-is-layout-flex\">\n<div class=\"wp-block-column is-layout-flow wp-block-column-is-layout-flow\">\n<p class=\"has-background has-small-font-size\" style=\"background-color:#fffacf\">\u00bfQu\u00e9 te hubiese gustado saber iniciando tu carrera profesional?<\/p>\n<\/div>\n\n\n\n<div class=\"wp-block-column is-layout-flow wp-block-column-is-layout-flow\">\n<p class=\"has-small-font-size\">M\u00e1s que me hubiera gustado saber, hubiera preferido trabajar algunos a\u00f1os en otro sector.&nbsp; Creo que eso me hubiera dado una perspectiva m\u00e1s amplia del mundo acad\u00e9mico<\/p>\n<\/div>\n<\/div>\n\n\n\n<div class=\"wp-block-columns is-layout-flex wp-container-core-columns-is-layout-9d6595d7 wp-block-columns-is-layout-flex\">\n<div class=\"wp-block-column is-layout-flow wp-block-column-is-layout-flow\">\n<p class=\"has-background has-small-font-size\" style=\"background-color:#fffacf\">Comparte una fuerza tuya y una debilidad<\/p>\n<\/div>\n\n\n\n<div class=\"wp-block-column is-layout-flow wp-block-column-is-layout-flow\">\n<p class=\"has-small-font-size\">Fuerza: la capacidad de trabajo Debilidad: \u00a1me cuesta mucho el papel en blanco!<\/p>\n<\/div>\n<\/div>\n\n\n\n<div class=\"wp-block-columns is-layout-flex wp-container-core-columns-is-layout-9d6595d7 wp-block-columns-is-layout-flex\">\n<div class=\"wp-block-column is-layout-flow wp-block-column-is-layout-flow\">\n<p class=\"has-background has-small-font-size\" style=\"background-color:#fffacf\">\u00bfQu\u00e9 es lo que te motiva en tu vida y en tu carrera?<\/p>\n<\/div>\n\n\n\n<div class=\"wp-block-column is-layout-flow wp-block-column-is-layout-flow\">\n<p class=\"has-small-font-size\">Contribuir a cambiar un poquito el mundo a trav\u00e9s de la ense\u00f1anza y la contribuci\u00f3n a debates sobre pol\u00edticas p\u00fablicas. &nbsp; Como l\u00edder universitario me apasiona el contribuir a que la universidad sea un espacio de debate y discusi\u00f3n y, a la vez, que asegure la diversidad y la inclusi\u00f3n<\/p>\n<\/div>\n<\/div>\n\n\n\n<div class=\"wp-block-columns is-layout-flex wp-container-core-columns-is-layout-9d6595d7 wp-block-columns-is-layout-flex\">\n<div class=\"wp-block-column is-layout-flow wp-block-column-is-layout-flow\">\n<p class=\"has-background has-small-font-size\" style=\"background-color:#fffacf\">\u00bfC\u00f3mo llegaste hasta donde est\u00e1s ahora (profesionalmente)<\/p>\n<\/div>\n\n\n\n<div class=\"wp-block-column is-layout-flow wp-block-column-is-layout-flow\">\n<p class=\"has-small-font-size\">\u00a1Con mucha suerte!&nbsp; Creo en eso de que hay que estar en el lugar adecuado en el momento correcto.&nbsp; Gracias a ello obtuve mi primer trabajo en Londres<\/p>\n<\/div>\n<\/div>\n\n\n\n<div class=\"wp-block-columns is-layout-flex wp-container-core-columns-is-layout-9d6595d7 wp-block-columns-is-layout-flex\">\n<div class=\"wp-block-column is-layout-flow wp-block-column-is-layout-flow\">\n<p class=\"has-background has-small-font-size\" style=\"background-color:#fffacf\">Tu consejo\/ motto general (y sabio)\u2026<\/p>\n<\/div>\n\n\n\n<div class=\"wp-block-column is-layout-flow wp-block-column-is-layout-flow\">\n<p class=\"has-small-font-size\">Un consejo que no siempre s\u00e9 c\u00f3mo poner en pr\u00e1ctica: Vivir el momento de forma mindful y sin pensar mucho ni en el pasado ni en el futuro<\/p>\n<\/div>\n<\/div>\n\n\n\n<div class=\"wp-block-columns is-layout-flex wp-container-core-columns-is-layout-9d6595d7 wp-block-columns-is-layout-flex\">\n<div class=\"wp-block-column is-layout-flow wp-block-column-is-layout-flow\">\n<p class=\"has-background has-small-font-size\" style=\"background-color:#fffacf\">\u00bfQu\u00e9 podr\u00edas ofrecer a alumni de la maestria del LAI que te contactan? (ayuda para encontrar contactos, una pasant\u00eda, consejos, e.g.)<\/p>\n<\/div>\n\n\n\n<div class=\"wp-block-column is-layout-flow wp-block-column-is-layout-flow\">\n<p class=\"has-small-font-size\">Sobre todo consejos y un poco de orden para pensar en sus siguientes pasos<\/p>\n<\/div>\n<\/div>\n\n\n\n<div class=\"wp-block-columns is-layout-flex wp-container-core-columns-is-layout-9d6595d7 wp-block-columns-is-layout-flex\">\n<div class=\"wp-block-column is-layout-flow wp-block-column-is-layout-flow\">\n<p class=\"has-background has-small-font-size\" style=\"background-color:#fffacf\">Compartes un contacto para que te contacten lxs estudiantes del LAI? (por favor, indique el e-mail \/ contacto)<\/p>\n<\/div>\n\n\n\n<div class=\"wp-block-column is-layout-flow wp-block-column-is-layout-flow\">\n<p class=\"has-small-font-size\">S\u00ed (Cont\u00e1ctenos en alumni@lai.fu-berlin para recibir el correo electr\u00f3nico.)<\/p>\n<\/div>\n<\/div>\n","protected":false},"excerpt":{"rendered":"<p>Diego S\u00e1nchez-Ancochea es catedr\u00e1tico de Econom\u00eda Pol\u00edtica del Desarrollo en la Universidad de Oxford y sub-director de la Divisi\u00f3n de Ciencias Sociales. Su investigaci\u00f3n se concentra en la desigualdad, las pol\u00edticas sociales e industriales y la econom\u00eda pol\u00edtica del desarrollo en Am\u00e9rica Latina. Es autor del libro The Costs of Inequality in Latin America: Lessons &hellip; <a href=\"https:\/\/blogs.fu-berlin.de\/lai-alumni-mentoring\/2024\/06\/21\/diego-sanchez-ancochea\/\" class=\"more-link\"><span class=\"screen-reader-text\">\u201eDiego S\u00e1nchez-Ancochea\u201c<\/span> weiterlesen<\/a><\/p>\n","protected":false},"author":7741,"featured_media":0,"comment_status":"open","ping_status":"open","sticky":false,"template":"","format":"standard","meta":{"footnotes":""},"categories":[9],"tags":[],"class_list":["post-285","post","type-post","status-publish","format-standard","hentry","category-allgemein"],"_links":{"self":[{"href":"https:\/\/blogs.fu-berlin.de\/lai-alumni-mentoring\/wp-json\/wp\/v2\/posts\/285","targetHints":{"allow":["GET"]}}],"collection":[{"href":"https:\/\/blogs.fu-berlin.de\/lai-alumni-mentoring\/wp-json\/wp\/v2\/posts"}],"about":[{"href":"https:\/\/blogs.fu-berlin.de\/lai-alumni-mentoring\/wp-json\/wp\/v2\/types\/post"}],"author":[{"embeddable":true,"href":"https:\/\/blogs.fu-berlin.de\/lai-alumni-mentoring\/wp-json\/wp\/v2\/users\/7741"}],"replies":[{"embeddable":true,"href":"https:\/\/blogs.fu-berlin.de\/lai-alumni-mentoring\/wp-json\/wp\/v2\/comments?post=285"}],"version-history":[{"count":1,"href":"https:\/\/blogs.fu-berlin.de\/lai-alumni-mentoring\/wp-json\/wp\/v2\/posts\/285\/revisions"}],"predecessor-version":[{"id":286,"href":"https:\/\/blogs.fu-berlin.de\/lai-alumni-mentoring\/wp-json\/wp\/v2\/posts\/285\/revisions\/286"}],"wp:attachment":[{"href":"https:\/\/blogs.fu-berlin.de\/lai-alumni-mentoring\/wp-json\/wp\/v2\/media?parent=285"}],"wp:term":[{"taxonomy":"category","embeddable":true,"href":"https:\/\/blogs.fu-berlin.de\/lai-alumni-mentoring\/wp-json\/wp\/v2\/categories?post=285"},{"taxonomy":"post_tag","embeddable":true,"href":"https:\/\/blogs.fu-berlin.de\/lai-alumni-mentoring\/wp-json\/wp\/v2\/tags?post=285"}],"curies":[{"name":"wp","href":"https:\/\/api.w.org\/{rel}","templated":true}]}}