{"id":93,"date":"2023-09-29T19:01:48","date_gmt":"2023-09-29T17:01:48","guid":{"rendered":"https:\/\/blogs.fu-berlin.de\/lai-alumni-mentoring\/?p=93"},"modified":"2023-09-29T19:33:38","modified_gmt":"2023-09-29T17:33:38","slug":"1-mariano-ben-plotkin","status":"publish","type":"post","link":"https:\/\/blogs.fu-berlin.de\/lai-alumni-mentoring\/2023\/09\/29\/1-mariano-ben-plotkin\/","title":{"rendered":"1. Mariano Ben Plotkin"},"content":{"rendered":"\n<div class=\"wp-block-media-text alignwide is-stacked-on-mobile has-white-background-color has-background\" style=\"grid-template-columns:51% auto\"><figure class=\"wp-block-media-text__media\"><img loading=\"lazy\" decoding=\"async\" width=\"1130\" height=\"627\" src=\"https:\/\/blogs.fu-berlin.de\/lai-alumni-mentoring\/files\/2023\/09\/Screenshot-2023-09-18-170343-1.png\" alt=\"\" class=\"wp-image-38 size-full\" srcset=\"https:\/\/blogs.fu-berlin.de\/lai-alumni-mentoring\/files\/2023\/09\/Screenshot-2023-09-18-170343-1.png 1130w, https:\/\/blogs.fu-berlin.de\/lai-alumni-mentoring\/files\/2023\/09\/Screenshot-2023-09-18-170343-1-300x166.png 300w, https:\/\/blogs.fu-berlin.de\/lai-alumni-mentoring\/files\/2023\/09\/Screenshot-2023-09-18-170343-1-1024x568.png 1024w, https:\/\/blogs.fu-berlin.de\/lai-alumni-mentoring\/files\/2023\/09\/Screenshot-2023-09-18-170343-1-768x426.png 768w\" sizes=\"auto, (max-width: 709px) 85vw, (max-width: 909px) 67vw, (max-width: 1362px) 62vw, 840px\" \/><\/figure><div class=\"wp-block-media-text__content\">\n<p class=\"has-small-font-size\">Mariano Ben Plotkin es investigador principal del CONICET con sede en el Centro de Investigaciones Sociales (CONICET-IDES) y profesor de historia en la Universidad Nacional de Tres de Febrero. Ha sido profesor visitante en diversas universidades de Europa, Estados Unidos e Israel. Ha obtenido la beca de la John Simon Guggenheim Memorial Foundation y financiamiento internacional de la National Endowment for the Humanities y CLACSO, entre otras. <\/p>\n<\/div><\/div>\n\n\n\n<p class=\"has-white-background-color has-background has-small-font-size\">Entre sus publicaciones m\u00e1s importantes figuran: Beyond Therapeutic Cultures (en co-autor\u00eda con Piroska Cs\u00fari y Nicol\u00e1s Viotti) (Routledge, 2023); Jos\u00e9 Ingenieros, el hombre que lo quer\u00eda todo (EDhasa, 2021); Estimado Dr. Freud. Una historia cultural del psicoan\u00e1lisis en Am\u00e9rica Latina (en co-autor\u00eda con Mariano Ruperthuz) (Edhasa 2017); Histoire de la psychanalyse en Argentine (Campagne Premi\u00e8re, 2010); Freud in the Pampas (Stanford University Press, 2001).<\/p>\n\n\n\n<p>Algunas preguntas a Mariano: <\/p>\n\n\n\n<div class=\"wp-block-columns is-layout-flex wp-container-core-columns-is-layout-9d6595d7 wp-block-columns-is-layout-flex\">\n<div class=\"wp-block-column is-layout-flow wp-block-column-is-layout-flow\">\n<p class=\"has-background\" style=\"background-color:#fffacf;font-size:16px\">\u00bfQu\u00e9 es lo que te conecta con el LAI?<\/p>\n<\/div>\n\n\n\n<div class=\"wp-block-column is-layout-flow wp-block-column-is-layout-flow\">\n<p class=\"has-white-background-color has-background\" style=\"font-size:16px\">Fui Mercator Fellow (y lo ser\u00e9 de vuelta pronto) del proyecto \u201cTemporalities of the Future\u201d.<\/p>\n<\/div>\n<\/div>\n\n\n\n<div class=\"wp-block-columns is-layout-flex wp-container-core-columns-is-layout-9d6595d7 wp-block-columns-is-layout-flex\">\n<div class=\"wp-block-column is-layout-flow wp-block-column-is-layout-flow\">\n<div class=\"wp-block-columns is-layout-flex wp-container-core-columns-is-layout-9d6595d7 wp-block-columns-is-layout-flex\">\n<div class=\"wp-block-column is-layout-flow wp-block-column-is-layout-flow\">\n<p class=\"has-background\" style=\"background-color:#fffacf;font-size:16px\">Describe brevemente que est\u00e1s haciendo en este puesto de trabajo.<\/p>\n<\/div>\n\n\n\n<div class=\"wp-block-column is-layout-flow wp-block-column-is-layout-flow\">\n<p style=\"font-size:16px\">Investigaci\u00f3n, direcci\u00f3n de proyectos y docencia de grado y posgrado (maestr\u00eda y doctorado). Supervisi\u00f3n de estudiantes de doctorado.<\/p>\n<\/div>\n<\/div>\n<\/div>\n<\/div>\n\n\n\n<div class=\"wp-block-columns is-layout-flex wp-container-core-columns-is-layout-9d6595d7 wp-block-columns-is-layout-flex\">\n<div class=\"wp-block-column is-layout-flow wp-block-column-is-layout-flow\">\n<p class=\"has-background\" style=\"background-color:#fffacf;font-size:16px\">\u00bfQu\u00e9 es lo que m\u00e1s te gusta de tu trabajo?<\/p>\n<\/div>\n\n\n\n<div class=\"wp-block-column is-layout-flow wp-block-column-is-layout-flow\">\n<p style=\"font-size:16px\">No se me ocurre nada que no me guste. Es mi pasi\u00f3n. Me fascina la idea de sumergirme en el pasado para generar nuevo conocimiento, y tambi\u00e9n la posibilidad de realizar trabajo interdisciplinario.<\/p>\n<\/div>\n<\/div>\n\n\n\n<div class=\"wp-block-columns is-layout-flex wp-container-core-columns-is-layout-9d6595d7 wp-block-columns-is-layout-flex\">\n<div class=\"wp-block-column is-layout-flow wp-block-column-is-layout-flow\">\n<p class=\"has-background\" style=\"background-color:#fffacf;font-size:16px\">\u00bfQu\u00e9 es lo m\u00e1s complejo \/ dif\u00edcil?<\/p>\n<\/div>\n\n\n\n<div class=\"wp-block-column is-layout-flow wp-block-column-is-layout-flow\">\n<p style=\"font-size:16px\">Dif\u00edcil, nada, cuando uno est\u00e1 apasionado. Lo m\u00e1s complejo (e interesante) son los desaf\u00edos intelectuales que plantea la investigaci\u00f3n y el aprendizaje constante.<\/p>\n<\/div>\n<\/div>\n\n\n\n<div class=\"wp-block-columns is-layout-flex wp-container-core-columns-is-layout-9d6595d7 wp-block-columns-is-layout-flex\">\n<div class=\"wp-block-column is-layout-flow wp-block-column-is-layout-flow\">\n<div class=\"wp-block-columns is-layout-flex wp-container-core-columns-is-layout-9d6595d7 wp-block-columns-is-layout-flex\">\n<div class=\"wp-block-column is-layout-flow wp-block-column-is-layout-flow\">\n<div class=\"wp-block-columns is-layout-flex wp-container-core-columns-is-layout-9d6595d7 wp-block-columns-is-layout-flex\">\n<div class=\"wp-block-column is-layout-flow wp-block-column-is-layout-flow\">\n<p class=\"has-background\" style=\"background-color:#fffacf;font-size:16px\">\u00bfQu\u00e9 dir\u00edas a un estudiante que busca un camino profesional parecido al tuyo? \u00bfQu\u00e9 le aconsejar\u00edas?<\/p>\n<\/div>\n\n\n\n<div class=\"wp-block-column is-layout-flow wp-block-column-is-layout-flow\">\n<p style=\"font-size:16px\">Es un trabajo que tiene que estar asociado al placer puro. Nadie se hace rico con esto, as\u00ed que lo importante es el goce que proporciona; no estresarse innecesariamente, y disfrutar cada momento. Elegir los temas que a uno\/a le gusten profundamente.&nbsp; Y sobre todo, disfrutar de seguir aprendiendo.<\/p>\n<\/div>\n<\/div>\n<\/div>\n<\/div>\n<\/div>\n<\/div>\n\n\n\n<div class=\"wp-block-columns is-layout-flex wp-container-core-columns-is-layout-9d6595d7 wp-block-columns-is-layout-flex\">\n<div class=\"wp-block-column is-layout-flow wp-block-column-is-layout-flow\">\n<p class=\"has-background\" style=\"background-color:#fffacf;font-size:16px\">\u00bfQu\u00e9 te hubiese gustado saber iniciando tu carrera profesional?<\/p>\n<\/div>\n\n\n\n<div class=\"wp-block-column is-layout-flow wp-block-column-is-layout-flow\">\n<p style=\"font-size:16px\">Que finalmente, tampoco es tan importante lo que uno hace. Si uno se equivoca (a diferencia de un m\u00e9dico) no mata a nadie, a lo sumo no nos publicaran el paper, pero el mundo va a seguir girando igual. Esto nos deber\u00eda tranquilizar mucho.<\/p>\n<\/div>\n<\/div>\n\n\n\n<div class=\"wp-block-columns is-layout-flex wp-container-core-columns-is-layout-9d6595d7 wp-block-columns-is-layout-flex\">\n<div class=\"wp-block-column is-layout-flow wp-block-column-is-layout-flow\">\n<p class=\"has-background\" style=\"background-color:#fffacf;font-size:16px\">Comparte una fuerza tuya y una debilidad<\/p>\n<\/div>\n\n\n\n<div class=\"wp-block-column is-layout-flow wp-block-column-is-layout-flow\">\n<p style=\"font-size:16px\">Mi fuerza es mi pasi\u00f3n por lo que hago. Mi debilidad, que a veces no me siento a la altura de mis expectativas.<\/p>\n<\/div>\n<\/div>\n\n\n\n<div class=\"wp-block-columns is-layout-flex wp-container-core-columns-is-layout-9d6595d7 wp-block-columns-is-layout-flex\">\n<div class=\"wp-block-column is-layout-flow wp-block-column-is-layout-flow\">\n<p class=\"has-background\" style=\"background-color:#fffacf;font-size:16px\">\u00bfQu\u00e9 es lo que te motiva en tu vida y en tu carrera?<\/p>\n<\/div>\n\n\n\n<div class=\"wp-block-column is-layout-flow wp-block-column-is-layout-flow\">\n<p style=\"font-size:16px\">El placer.<\/p>\n<\/div>\n<\/div>\n\n\n\n<div class=\"wp-block-columns is-layout-flex wp-container-core-columns-is-layout-9d6595d7 wp-block-columns-is-layout-flex\">\n<div class=\"wp-block-column is-layout-flow wp-block-column-is-layout-flow\">\n<p class=\"has-background\" style=\"background-color:#fffacf;font-size:16px\">\u00bfC\u00f3mo llegaste hasta donde est\u00e1s ahora (profesionalmente)<\/p>\n<\/div>\n\n\n\n<div class=\"wp-block-column is-layout-flow wp-block-column-is-layout-flow\">\n<p style=\"font-size:16px\">Estudi\u00e9 historia y econom\u00eda en Buenos Aires, luego me fui a la Universidad de California, Berkeley, donde hice mi maestr\u00eda y mi doctorado, y a partir de ese momento me dediqu\u00e9 solamente a los temas que me gustaban: historia cultural y pol\u00edtica; historia de los saberes \u201cpsi\u201d; historia del Estado y sus burocracias. Ahora estoy incursionando en el g\u00e9nero biogr\u00e1fico y del \u201cnon-fiction\u201d y tambi\u00e9n estoy vinculado a proyectos interdisciplinarios junto con antrop\u00f3logos (de ellos aprendo much\u00edsimo) y soci\u00f3logos. En el medio, las cosas van saliendo: subsidios, becas, invitaciones a dar clases a distintas universidades, publicaciones, libros, etc. Pero todo esto son medios para hacer lo que a uno le gusta, no fines en s\u00ed mismos.<\/p>\n<\/div>\n<\/div>\n\n\n\n<div class=\"wp-block-columns is-layout-flex wp-container-core-columns-is-layout-9d6595d7 wp-block-columns-is-layout-flex\">\n<div class=\"wp-block-column is-layout-flow wp-block-column-is-layout-flow\">\n<p class=\"has-background\" style=\"background-color:#fffacf;font-size:16px\">Tu consejo\/ motto general (y sabio)\u2026<\/p>\n<\/div>\n\n\n\n<div class=\"wp-block-column is-layout-flow wp-block-column-is-layout-flow\">\n<p style=\"font-size:16px\">En porte\u00f1o: \u201cPasala bien y hac\u00e9 lo que quieras. No vas a fallar. Y, sobre todo, segu\u00ed aprendiendo siempre\u201d.<\/p>\n<\/div>\n<\/div>\n\n\n\n<div class=\"wp-block-columns is-layout-flex wp-container-core-columns-is-layout-9d6595d7 wp-block-columns-is-layout-flex\">\n<div class=\"wp-block-column is-layout-flow wp-block-column-is-layout-flow\">\n<p class=\"has-background\" style=\"background-color:#fffacf;font-size:16px\">\u00bfQu\u00e9 podr\u00edas ofrecer a alumni de la maestria del LAI que te contactan? (ayuda para encontrar contactos, una pasant\u00eda, consejos, e.g.)<\/p>\n<\/div>\n\n\n\n<div class=\"wp-block-column is-layout-flow wp-block-column-is-layout-flow\">\n<p style=\"font-size:16px\">Algunos contactos (no demasiados), consejos, lectura de sus textos, supervisi\u00f3n, en fin, lo que necesiten (y est\u00e9 a mi alcance).<\/p>\n<\/div>\n<\/div>\n\n\n\n<div class=\"wp-block-columns is-layout-flex wp-container-core-columns-is-layout-9d6595d7 wp-block-columns-is-layout-flex\">\n<div class=\"wp-block-column is-layout-flow wp-block-column-is-layout-flow\">\n<p class=\"has-background\" style=\"background-color:#fffacf;font-size:16px\">Compartes un contacto para que te contacten lxs estudiantes del LAI? (por favor, indique el e-mail \/ contacto)<\/p>\n<\/div>\n\n\n\n<div class=\"wp-block-column is-layout-flow wp-block-column-is-layout-flow\">\n<p style=\"font-size:16px\">S\u00ed (Cont\u00e1ctenos en alumni@lai.fu-berlin para recibir el correo electr\u00f3nico.)<\/p>\n<\/div>\n<\/div>\n","protected":false},"excerpt":{"rendered":"<p>Mariano Ben Plotkin es investigador principal del CONICET con sede en el Centro de Investigaciones Sociales (CONICET-IDES) y profesor de historia en la Universidad Nacional de Tres de Febrero. Ha sido profesor visitante en diversas universidades de Europa, Estados Unidos e Israel. Ha obtenido la beca de la John Simon Guggenheim Memorial Foundation y financiamiento &hellip; <a href=\"https:\/\/blogs.fu-berlin.de\/lai-alumni-mentoring\/2023\/09\/29\/1-mariano-ben-plotkin\/\" class=\"more-link\"><span class=\"screen-reader-text\">\u201e1. Mariano Ben Plotkin\u201c<\/span> weiterlesen<\/a><\/p>\n","protected":false},"author":7741,"featured_media":0,"comment_status":"open","ping_status":"open","sticky":false,"template":"","format":"standard","meta":{"footnotes":""},"categories":[9],"tags":[],"class_list":["post-93","post","type-post","status-publish","format-standard","hentry","category-allgemein"],"_links":{"self":[{"href":"https:\/\/blogs.fu-berlin.de\/lai-alumni-mentoring\/wp-json\/wp\/v2\/posts\/93","targetHints":{"allow":["GET"]}}],"collection":[{"href":"https:\/\/blogs.fu-berlin.de\/lai-alumni-mentoring\/wp-json\/wp\/v2\/posts"}],"about":[{"href":"https:\/\/blogs.fu-berlin.de\/lai-alumni-mentoring\/wp-json\/wp\/v2\/types\/post"}],"author":[{"embeddable":true,"href":"https:\/\/blogs.fu-berlin.de\/lai-alumni-mentoring\/wp-json\/wp\/v2\/users\/7741"}],"replies":[{"embeddable":true,"href":"https:\/\/blogs.fu-berlin.de\/lai-alumni-mentoring\/wp-json\/wp\/v2\/comments?post=93"}],"version-history":[{"count":3,"href":"https:\/\/blogs.fu-berlin.de\/lai-alumni-mentoring\/wp-json\/wp\/v2\/posts\/93\/revisions"}],"predecessor-version":[{"id":126,"href":"https:\/\/blogs.fu-berlin.de\/lai-alumni-mentoring\/wp-json\/wp\/v2\/posts\/93\/revisions\/126"}],"wp:attachment":[{"href":"https:\/\/blogs.fu-berlin.de\/lai-alumni-mentoring\/wp-json\/wp\/v2\/media?parent=93"}],"wp:term":[{"taxonomy":"category","embeddable":true,"href":"https:\/\/blogs.fu-berlin.de\/lai-alumni-mentoring\/wp-json\/wp\/v2\/categories?post=93"},{"taxonomy":"post_tag","embeddable":true,"href":"https:\/\/blogs.fu-berlin.de\/lai-alumni-mentoring\/wp-json\/wp\/v2\/tags?post=93"}],"curies":[{"name":"wp","href":"https:\/\/api.w.org\/{rel}","templated":true}]}}