{"id":95,"date":"2023-09-29T19:02:51","date_gmt":"2023-09-29T17:02:51","guid":{"rendered":"https:\/\/blogs.fu-berlin.de\/lai-alumni-mentoring\/?p=95"},"modified":"2023-09-29T19:35:45","modified_gmt":"2023-09-29T17:35:45","slug":"2-sebastian-huneeus","status":"publish","type":"post","link":"https:\/\/blogs.fu-berlin.de\/lai-alumni-mentoring\/2023\/09\/29\/2-sebastian-huneeus\/","title":{"rendered":"2. Sebasti\u00e1n Huneeus"},"content":{"rendered":"\n<div class=\"wp-block-media-text alignwide is-stacked-on-mobile\"><figure class=\"wp-block-media-text__media\"><img loading=\"lazy\" decoding=\"async\" width=\"1024\" height=\"987\" src=\"https:\/\/blogs.fu-berlin.de\/lai-alumni-mentoring\/files\/2023\/09\/SebHuneeusFoto-1024x987.jpg\" alt=\"\" class=\"wp-image-42 size-full\" srcset=\"https:\/\/blogs.fu-berlin.de\/lai-alumni-mentoring\/files\/2023\/09\/SebHuneeusFoto-1024x987.jpg 1024w, https:\/\/blogs.fu-berlin.de\/lai-alumni-mentoring\/files\/2023\/09\/SebHuneeusFoto-300x289.jpg 300w, https:\/\/blogs.fu-berlin.de\/lai-alumni-mentoring\/files\/2023\/09\/SebHuneeusFoto-768x740.jpg 768w, https:\/\/blogs.fu-berlin.de\/lai-alumni-mentoring\/files\/2023\/09\/SebHuneeusFoto-1536x1480.jpg 1536w, https:\/\/blogs.fu-berlin.de\/lai-alumni-mentoring\/files\/2023\/09\/SebHuneeusFoto-1200x1156.jpg 1200w, https:\/\/blogs.fu-berlin.de\/lai-alumni-mentoring\/files\/2023\/09\/SebHuneeusFoto.jpg 1896w\" sizes=\"auto, (max-width: 709px) 85vw, (max-width: 909px) 67vw, (max-width: 1362px) 62vw, 840px\" \/><\/figure><div class=\"wp-block-media-text__content\">\n<p class=\"has-small-font-size\">Doctor en ciencia pol\u00edtica de la Pontificia Universidad Cat\u00f3lica de Chile y MSc en Economic Sociology (LSE). Actualmente ense\u00f1a pol\u00edtica comparada y m\u00e9todos de investigaci\u00f3n en la Universidad Alberto Hurtado y en la Pontificia Universidad Cat\u00f3lica de Chile. Es investigador joven en el N\u00facleo Milenio de Desarrollo Integral de los Territorios (CEDIT). Durante el doctorado realiz\u00f3 una estancia en el Instituto de Estudios Latinoamericanos de la Freie Universit\u00e4t Berlin en el marco del proyecto TrAndes. Sus temas son: pol\u00edtica comparada, pol\u00edtica medioambiental, gobiernos locales, m\u00e9todos de investigaci\u00f3n.<\/p>\n<\/div><\/div>\n\n\n\n<p>Algunas preguntas a Sebasti\u00e1n:<\/p>\n\n\n\n<div class=\"wp-block-columns is-layout-flex wp-container-core-columns-is-layout-9d6595d7 wp-block-columns-is-layout-flex\">\n<div class=\"wp-block-column is-layout-flow wp-block-column-is-layout-flow\">\n<p class=\"has-background\" style=\"background-color:#bac2ff;font-size:16px\">\u00bfQu\u00e9 es lo que te conecta con el LAI?<\/p>\n<\/div>\n\n\n\n<div class=\"wp-block-column is-layout-flow wp-block-column-is-layout-flow\">\n<p style=\"font-size:16px\">Pasant\u00eda doctoral durante el a\u00f1o 2021.<\/p>\n<\/div>\n<\/div>\n\n\n\n<div class=\"wp-block-columns is-layout-flex wp-container-core-columns-is-layout-9d6595d7 wp-block-columns-is-layout-flex\">\n<div class=\"wp-block-column is-layout-flow wp-block-column-is-layout-flow\">\n<p class=\"has-background\" style=\"background-color:#bac2ff;font-size:16px\">Describe brevemente que est\u00e1s haciendo en este puesto de trabajo.<\/p>\n<\/div>\n\n\n\n<div class=\"wp-block-column is-layout-flow wp-block-column-is-layout-flow\">\n<p style=\"font-size:16px\">Me dedico a ense\u00f1ar pol\u00edtica comparada y m\u00e9todos de investigaci\u00f3n (cuantitativos y cualitativos) para ciencias pol\u00edticas. En CEDIT estoy desarrollando una investigaci\u00f3n sobre la calidad de los gobiernos locales en Chile.<\/p>\n<\/div>\n<\/div>\n\n\n\n<div class=\"wp-block-columns is-layout-flex wp-container-core-columns-is-layout-9d6595d7 wp-block-columns-is-layout-flex\">\n<div class=\"wp-block-column is-layout-flow wp-block-column-is-layout-flow\">\n<p class=\"has-background\" style=\"background-color:#bac2ff;font-size:16px\">\u00bfQu\u00e9 es lo que m\u00e1s te gusta de tu trabajo?<\/p>\n<\/div>\n\n\n\n<div class=\"wp-block-column is-layout-flow wp-block-column-is-layout-flow\">\n<p style=\"font-size:16px\">Me gusta investigar sobre nuevos temas con equipos interdisciplinarios; me gusta aportar a la construcci\u00f3n de una sociedad m\u00e1s integradora y democr\u00e1tica; me gusta ense\u00f1ar y escribir; me gusta viajar y construir redes profesionales; me apasiona colaborar con gente brillante y que ama su trabajo.<\/p>\n<\/div>\n<\/div>\n\n\n\n<div class=\"wp-block-columns is-layout-flex wp-container-core-columns-is-layout-9d6595d7 wp-block-columns-is-layout-flex\">\n<div class=\"wp-block-column is-layout-flow wp-block-column-is-layout-flow\">\n<p class=\"has-background\" style=\"background-color:#bac2ff;font-size:16px\">\u00bfQu\u00e9 es lo m\u00e1s complejo \/ dif\u00edcil?<\/p>\n<\/div>\n\n\n\n<div class=\"wp-block-column is-layout-flow wp-block-column-is-layout-flow\">\n<p style=\"font-size:16px\">Las condiciones materiales: generalmente hay poco financiamiento y conseguir trabajo en la academia es muy dif\u00edcil. La academia puede llegar a ser un camino de grandes sacrificios y frustraciones.<\/p>\n<\/div>\n<\/div>\n\n\n\n<div class=\"wp-block-columns is-layout-flex wp-container-core-columns-is-layout-9d6595d7 wp-block-columns-is-layout-flex\">\n<div class=\"wp-block-column is-layout-flow wp-block-column-is-layout-flow\">\n<p class=\"has-background\" style=\"background-color:#bac2ff;font-size:16px\">\u00bfQu\u00e9 dir\u00edas a un estudiante que busca un camino profesional parecido al tuyo? \u00bfQu\u00e9 le aconsejar\u00edas?<\/p>\n<\/div>\n\n\n\n<div class=\"wp-block-column is-layout-flow wp-block-column-is-layout-flow\">\n<p style=\"font-size:16px\">\u00a1Que lo piense muy bien! Hay que ponderar muchas variables &#8211; como partir \u201cconoci\u00e9ndote a ti mismo\u201d. Siempre hay que pensar muy bien que es lo que te gusta realmente te gustar\u00eda hacer en la pr\u00e1ctica, en que ambiente te gustar\u00eda trabajar, si te gusta trabajar solo o en equipos, si tienes deseos de explorar diferentes opciones profesionales o desarrollar una carrera bien definida en un \u00e1rea, si quieres pasar tu vida en congresos o no, etc.<\/p>\n<\/div>\n<\/div>\n\n\n\n<div class=\"wp-block-columns is-layout-flex wp-container-core-columns-is-layout-9d6595d7 wp-block-columns-is-layout-flex\">\n<div class=\"wp-block-column is-layout-flow wp-block-column-is-layout-flow\">\n<p class=\"has-background\" style=\"background-color:#bac2ff;font-size:16px\">\u00bfQu\u00e9 te hubiese gustado saber iniciando tu carrera profesional?<\/p>\n<\/div>\n\n\n\n<div class=\"wp-block-column is-layout-flow wp-block-column-is-layout-flow\">\n<p style=\"font-size:16px\">Me hubiera gustado saber que en las ciencias sociales puede llegar a haber una gran diferencia entre la teor\u00eda y la pr\u00e1ctica. Puede llegar a ser muy frustrante lo diferente que es estudiar ciencias sociales y luego ejercerlas profesionalmente.<\/p>\n<\/div>\n<\/div>\n\n\n\n<div class=\"wp-block-columns is-layout-flex wp-container-core-columns-is-layout-9d6595d7 wp-block-columns-is-layout-flex\">\n<div class=\"wp-block-column is-layout-flow wp-block-column-is-layout-flow\">\n<p class=\"has-background\" style=\"background-color:#bac2ff;font-size:16px\">Comparte una fuerza tuya y una debilidad<\/p>\n<\/div>\n\n\n\n<div class=\"wp-block-column is-layout-flow wp-block-column-is-layout-flow\">\n<p style=\"font-size:16px\">Una fortaleza es que soy creativo; una debilidad es que soy disperso.<\/p>\n<\/div>\n<\/div>\n\n\n\n<div class=\"wp-block-columns is-layout-flex wp-container-core-columns-is-layout-9d6595d7 wp-block-columns-is-layout-flex\">\n<div class=\"wp-block-column is-layout-flow wp-block-column-is-layout-flow\">\n<p class=\"has-background\" style=\"background-color:#bac2ff;font-size:16px\">\u00bfQu\u00e9 es lo que te motiva en tu vida y en tu carrera?<\/p>\n<\/div>\n\n\n\n<div class=\"wp-block-column is-layout-flow wp-block-column-is-layout-flow\">\n<p style=\"font-size:16px\">Me motiva participar en discusiones en torno a temas que considero relevantes; me interesa aportar con informaci\u00f3n precisa y ofrecer narrativas e interpretaciones basadas en evidencia.<\/p>\n<\/div>\n<\/div>\n\n\n\n<div class=\"wp-block-columns is-layout-flex wp-container-core-columns-is-layout-9d6595d7 wp-block-columns-is-layout-flex\">\n<div class=\"wp-block-column is-layout-flow wp-block-column-is-layout-flow\">\n<p class=\"has-background\" style=\"background-color:#bac2ff;font-size:16px\">\u00bfC\u00f3mo llegaste hasta donde est\u00e1s ahora (profesionalmente)<\/p>\n<\/div>\n\n\n\n<div class=\"wp-block-column is-layout-flow wp-block-column-is-layout-flow\">\n<p style=\"font-size:16px\">Con muchas idas y vueltas; de manera no lineal; con mucho esfuerzo y ayuda de colegas.<\/p>\n<\/div>\n<\/div>\n\n\n\n<div class=\"wp-block-columns is-layout-flex wp-container-core-columns-is-layout-9d6595d7 wp-block-columns-is-layout-flex\">\n<div class=\"wp-block-column is-layout-flow wp-block-column-is-layout-flow\">\n<p class=\"has-background\" style=\"background-color:#bac2ff;font-size:16px\">Tu consejo\/ motto general (y sabio)\u2026<\/p>\n<\/div>\n\n\n\n<div class=\"wp-block-column is-layout-flow wp-block-column-is-layout-flow\">\n<p style=\"font-size:16px\">El principio socr\u00e1tico de \u201cCon\u00f3cete a ti mismo\u201d<\/p>\n<\/div>\n<\/div>\n\n\n\n<div class=\"wp-block-columns is-layout-flex wp-container-core-columns-is-layout-9d6595d7 wp-block-columns-is-layout-flex\">\n<div class=\"wp-block-column is-layout-flow wp-block-column-is-layout-flow\">\n<p class=\"has-background\" style=\"background-color:#bac2ff;font-size:16px\">\u00bfQu\u00e9 podr\u00edas ofrecer a alumni de la maestria del LAI que te contactan? (ayuda para encontrar contactos, una pasant\u00eda, consejos, e.g.)<\/p>\n<\/div>\n\n\n\n<div class=\"wp-block-column is-layout-flow wp-block-column-is-layout-flow\">\n<p style=\"font-size:16px\">Puedo ofrecer ayuda a quienes visiten Chile; contactos y asesor\u00eda para llevar a cabo proyectos dentro de Chile.<\/p>\n<\/div>\n<\/div>\n\n\n\n<div class=\"wp-block-columns is-layout-flex wp-container-core-columns-is-layout-9d6595d7 wp-block-columns-is-layout-flex\">\n<div class=\"wp-block-column is-layout-flow wp-block-column-is-layout-flow\">\n<p class=\"has-background\" style=\"background-color:#bac2ff;font-size:16px\">Compartes un contacto para que te contacten lxs estudiantes del LAI? (por favor, indique el e-mail \/ contacto)<\/p>\n<\/div>\n\n\n\n<div class=\"wp-block-column is-layout-flow wp-block-column-is-layout-flow\">\n<p style=\"font-size:16px\">S\u00ed (Cont\u00e1ctenos en alumni@lai.fu-berlin para recibir el correo electr\u00f3nico.)<\/p>\n<\/div>\n<\/div>\n","protected":false},"excerpt":{"rendered":"<p>Doctor en ciencia pol\u00edtica de la Pontificia Universidad Cat\u00f3lica de Chile y MSc en Economic Sociology (LSE). Actualmente ense\u00f1a pol\u00edtica comparada y m\u00e9todos de investigaci\u00f3n en la Universidad Alberto Hurtado y en la Pontificia Universidad Cat\u00f3lica de Chile. Es investigador joven en el N\u00facleo Milenio de Desarrollo Integral de los Territorios (CEDIT). Durante el doctorado &hellip; <a href=\"https:\/\/blogs.fu-berlin.de\/lai-alumni-mentoring\/2023\/09\/29\/2-sebastian-huneeus\/\" class=\"more-link\"><span class=\"screen-reader-text\">\u201e2. Sebasti\u00e1n Huneeus\u201c<\/span> weiterlesen<\/a><\/p>\n","protected":false},"author":7741,"featured_media":0,"comment_status":"open","ping_status":"open","sticky":false,"template":"","format":"standard","meta":{"footnotes":""},"categories":[9],"tags":[],"class_list":["post-95","post","type-post","status-publish","format-standard","hentry","category-allgemein"],"_links":{"self":[{"href":"https:\/\/blogs.fu-berlin.de\/lai-alumni-mentoring\/wp-json\/wp\/v2\/posts\/95","targetHints":{"allow":["GET"]}}],"collection":[{"href":"https:\/\/blogs.fu-berlin.de\/lai-alumni-mentoring\/wp-json\/wp\/v2\/posts"}],"about":[{"href":"https:\/\/blogs.fu-berlin.de\/lai-alumni-mentoring\/wp-json\/wp\/v2\/types\/post"}],"author":[{"embeddable":true,"href":"https:\/\/blogs.fu-berlin.de\/lai-alumni-mentoring\/wp-json\/wp\/v2\/users\/7741"}],"replies":[{"embeddable":true,"href":"https:\/\/blogs.fu-berlin.de\/lai-alumni-mentoring\/wp-json\/wp\/v2\/comments?post=95"}],"version-history":[{"count":3,"href":"https:\/\/blogs.fu-berlin.de\/lai-alumni-mentoring\/wp-json\/wp\/v2\/posts\/95\/revisions"}],"predecessor-version":[{"id":128,"href":"https:\/\/blogs.fu-berlin.de\/lai-alumni-mentoring\/wp-json\/wp\/v2\/posts\/95\/revisions\/128"}],"wp:attachment":[{"href":"https:\/\/blogs.fu-berlin.de\/lai-alumni-mentoring\/wp-json\/wp\/v2\/media?parent=95"}],"wp:term":[{"taxonomy":"category","embeddable":true,"href":"https:\/\/blogs.fu-berlin.de\/lai-alumni-mentoring\/wp-json\/wp\/v2\/categories?post=95"},{"taxonomy":"post_tag","embeddable":true,"href":"https:\/\/blogs.fu-berlin.de\/lai-alumni-mentoring\/wp-json\/wp\/v2\/tags?post=95"}],"curies":[{"name":"wp","href":"https:\/\/api.w.org\/{rel}","templated":true}]}}