{"id":97,"date":"2023-09-29T19:03:28","date_gmt":"2023-09-29T17:03:28","guid":{"rendered":"https:\/\/blogs.fu-berlin.de\/lai-alumni-mentoring\/?p=97"},"modified":"2023-09-29T19:37:43","modified_gmt":"2023-09-29T17:37:43","slug":"3-gabriel-ruiz-romero","status":"publish","type":"post","link":"https:\/\/blogs.fu-berlin.de\/lai-alumni-mentoring\/2023\/09\/29\/3-gabriel-ruiz-romero\/","title":{"rendered":"3. Gabriel Ruiz Romero"},"content":{"rendered":"\n<div class=\"wp-block-media-text alignwide is-stacked-on-mobile\" style=\"grid-template-columns:43% auto\"><figure class=\"wp-block-media-text__media\"><img loading=\"lazy\" decoding=\"async\" width=\"949\" height=\"1024\" src=\"https:\/\/blogs.fu-berlin.de\/lai-alumni-mentoring\/files\/2023\/09\/unnamed-949x1024.jpg\" alt=\"\" class=\"wp-image-48 size-full\" srcset=\"https:\/\/blogs.fu-berlin.de\/lai-alumni-mentoring\/files\/2023\/09\/unnamed-949x1024.jpg 949w, https:\/\/blogs.fu-berlin.de\/lai-alumni-mentoring\/files\/2023\/09\/unnamed-278x300.jpg 278w, https:\/\/blogs.fu-berlin.de\/lai-alumni-mentoring\/files\/2023\/09\/unnamed-768x829.jpg 768w, https:\/\/blogs.fu-berlin.de\/lai-alumni-mentoring\/files\/2023\/09\/unnamed-1424x1536.jpg 1424w, https:\/\/blogs.fu-berlin.de\/lai-alumni-mentoring\/files\/2023\/09\/unnamed-1898x2048.jpg 1898w, https:\/\/blogs.fu-berlin.de\/lai-alumni-mentoring\/files\/2023\/09\/unnamed-1200x1295.jpg 1200w\" sizes=\"auto, (max-width: 709px) 85vw, (max-width: 909px) 67vw, (max-width: 1362px) 62vw, 840px\" \/><\/figure><div class=\"wp-block-media-text__content\">\n<p class=\"has-small-font-size\">Doctor en Antropolog\u00eda Social. Es coordinador de la Maestr\u00eda en Conflicto y Paz de la Universidad de Medell\u00edn (Colombia) y miembro del Grupo de Investigaci\u00f3n en Conflicto y Paz de la misma universidad. Actualmente lidera un proyecto de investigaci\u00f3n sobre las afectaciones del conflicto armado al Consejo Regional Ind\u00edgena del Cauca (CRIC), la m\u00e1s organizaci\u00f3n ind\u00edgena del pa\u00eds. En este proyecto participa una investigadora del LAI, la Prof. Dr. Stephanie Sch\u00fctze, y un graduado del programa de doctorado Social and Cultural Anthropology de la Freie Universit\u00e4t. Asimismo, es colaborador del proyecto &#8222;Stay, return, or move on: Comparing the life strategies of forced migrants in the transit countries of Colombia, Jordan, Mexico, and Turkey&#8220;, que est\u00e1 co-dirigido por la Prof. Dr. Stephanie Sch\u00fctze y en el que tambi\u00e9n participan otras investigadoras del LAI.<\/p>\n<\/div><\/div>\n\n\n\n<p>Algunas preguntas a Gabriel: <\/p>\n\n\n\n<div class=\"wp-block-columns is-layout-flex wp-container-core-columns-is-layout-9d6595d7 wp-block-columns-is-layout-flex\">\n<div class=\"wp-block-column is-layout-flow wp-block-column-is-layout-flow\">\n<p class=\"has-background\" style=\"background-color:#fffacf;font-size:16px\">\u00bfQu\u00e9 es lo que te conecta con el LAI?<\/p>\n<\/div>\n\n\n\n<div class=\"wp-block-column is-layout-flow wp-block-column-is-layout-flow\">\n<p style=\"font-size:16px\">Fui investigador posdoctoral en el 2019.<\/p>\n<\/div>\n<\/div>\n\n\n\n<div class=\"wp-block-columns is-layout-flex wp-container-core-columns-is-layout-9d6595d7 wp-block-columns-is-layout-flex\">\n<div class=\"wp-block-column is-layout-flow wp-block-column-is-layout-flow\">\n<p class=\"has-background\" style=\"background-color:#fffacf;font-size:16px\">Describe brevemente que est\u00e1s haciendo en este puesto de trabajo.<\/p>\n<\/div>\n\n\n\n<div class=\"wp-block-column is-layout-flow wp-block-column-is-layout-flow\">\n<p style=\"font-size:16px\">En este momento estoy en periodo sab\u00e1tico, pero coordinaba la maestr\u00eda en conflicto y paz de la universidad. Sigo siendo parte activa del grupo de investigaci\u00f3n en la misma \u00e1rea.<\/p>\n<\/div>\n<\/div>\n\n\n\n<div class=\"wp-block-columns is-layout-flex wp-container-core-columns-is-layout-9d6595d7 wp-block-columns-is-layout-flex\">\n<div class=\"wp-block-column is-layout-flow wp-block-column-is-layout-flow\">\n<p class=\"has-background\" style=\"background-color:#fffacf;font-size:16px\">\u00bfQu\u00e9 es lo que m\u00e1s te gusta de tu trabajo?<\/p>\n<\/div>\n\n\n\n<div class=\"wp-block-column is-layout-flow wp-block-column-is-layout-flow\">\n<p style=\"font-size:16px\">La investigaci\u00f3n.<\/p>\n<\/div>\n<\/div>\n\n\n\n<div class=\"wp-block-columns is-layout-flex wp-container-core-columns-is-layout-9d6595d7 wp-block-columns-is-layout-flex\">\n<div class=\"wp-block-column is-layout-flow wp-block-column-is-layout-flow\">\n<p class=\"has-background\" style=\"background-color:#fffacf;font-size:16px\">\u00bfQu\u00e9 es lo m\u00e1s complejo \/ dif\u00edcil?<\/p>\n<\/div>\n\n\n\n<div class=\"wp-block-column is-layout-flow wp-block-column-is-layout-flow\">\n<p style=\"font-size:16px\">Las labores administrativas.<\/p>\n<\/div>\n<\/div>\n\n\n\n<div class=\"wp-block-columns is-layout-flex wp-container-core-columns-is-layout-9d6595d7 wp-block-columns-is-layout-flex\">\n<div class=\"wp-block-column is-layout-flow wp-block-column-is-layout-flow\">\n<p class=\"has-background\" style=\"background-color:#fffacf;font-size:16px\">\u00bfQu\u00e9 dir\u00edas a un estudiante que busca un camino profesional parecido al tuyo? \u00bfQu\u00e9 le aconsejar\u00edas?<\/p>\n<\/div>\n\n\n\n<div class=\"wp-block-column is-layout-flow wp-block-column-is-layout-flow\">\n<p style=\"font-size:16px\">Establecer una l\u00ednea de trabajo de investigaci\u00f3n y profundizar cada vez m\u00e1s en ella. Por otro lado, entender que el proceso para llegar a obtener una plaza definitiva en una universidad suele ser largo y requiere, por tanto, estar dispuesto a afrontar un proceso de largo aliento.<\/p>\n<\/div>\n<\/div>\n\n\n\n<div class=\"wp-block-columns is-layout-flex wp-container-core-columns-is-layout-9d6595d7 wp-block-columns-is-layout-flex\">\n<div class=\"wp-block-column is-layout-flow wp-block-column-is-layout-flow\">\n<p class=\"has-background\" style=\"background-color:#fffacf;font-size:16px\">\u00bfQu\u00e9 te hubiese gustado saber iniciando tu carrera profesional?<\/p>\n<\/div>\n\n\n\n<div class=\"wp-block-column is-layout-flow wp-block-column-is-layout-flow\">\n<p style=\"font-size:16px\">La importancia de las alianzas con otros colegas.<\/p>\n<\/div>\n<\/div>\n\n\n\n<div class=\"wp-block-columns is-layout-flex wp-container-core-columns-is-layout-9d6595d7 wp-block-columns-is-layout-flex\">\n<div class=\"wp-block-column is-layout-flow wp-block-column-is-layout-flow\">\n<p class=\"has-background\" style=\"background-color:#fffacf;font-size:16px\">Comparte una fuerza tuya y una debilidad<\/p>\n<\/div>\n\n\n\n<div class=\"wp-block-column is-layout-flow wp-block-column-is-layout-flow\">\n<p style=\"font-size:16px\">Una fuerza es la disciplina.<\/p>\n<\/div>\n<\/div>\n\n\n\n<div class=\"wp-block-columns is-layout-flex wp-container-core-columns-is-layout-9d6595d7 wp-block-columns-is-layout-flex\">\n<div class=\"wp-block-column is-layout-flow wp-block-column-is-layout-flow\">\n<p class=\"has-background\" style=\"background-color:#fffacf;font-size:16px\">\u00bfQu\u00e9 es lo que te motiva en tu vida y en tu carrera?<\/p>\n<\/div>\n\n\n\n<div class=\"wp-block-column is-layout-flow wp-block-column-is-layout-flow\">\n<p style=\"font-size:16px\">El gusto por lo que hago.<\/p>\n<\/div>\n<\/div>\n\n\n\n<div class=\"wp-block-columns is-layout-flex wp-container-core-columns-is-layout-9d6595d7 wp-block-columns-is-layout-flex\">\n<div class=\"wp-block-column is-layout-flow wp-block-column-is-layout-flow\">\n<p class=\"has-background\" style=\"background-color:#fffacf;font-size:16px\">\u00bfC\u00f3mo llegaste hasta donde est\u00e1s ahora (profesionalmente)<\/p>\n<\/div>\n\n\n\n<div class=\"wp-block-column is-layout-flow wp-block-column-is-layout-flow\">\n<p style=\"font-size:16px\">Mediante el ejercicio constante de investigaci\u00f3n y publicaci\u00f3n acad\u00e9mica.<\/p>\n<\/div>\n<\/div>\n\n\n\n<div class=\"wp-block-columns is-layout-flex wp-container-core-columns-is-layout-9d6595d7 wp-block-columns-is-layout-flex\">\n<div class=\"wp-block-column is-layout-flow wp-block-column-is-layout-flow\">\n<p class=\"has-background\" style=\"background-color:#fffacf;font-size:16px\">Tu consejo\/ motto general (y sabio)\u2026<\/p>\n<\/div>\n\n\n\n<div class=\"wp-block-column is-layout-flow wp-block-column-is-layout-flow\">\n<p style=\"font-size:16px\">Olvidarse de las grandes pretensiones profesionales (e.g. ser un profesor -o cualquier cargo- muy reconocido o estar en instituciones de renombre) y buscar trabajar en algo donde puedan tener cierto grado de independencia y concentrarse mayoritariamente en lo que les guste concretamente de sus profesiones.<\/p>\n<\/div>\n<\/div>\n\n\n\n<div class=\"wp-block-columns is-layout-flex wp-container-core-columns-is-layout-9d6595d7 wp-block-columns-is-layout-flex\">\n<div class=\"wp-block-column is-layout-flow wp-block-column-is-layout-flow\">\n<p class=\"has-background\" style=\"background-color:#fffacf;font-size:16px\">\u00bfQu\u00e9 podr\u00edas ofrecer a alumni de la maestria del LAI que te contactan? (ayuda para encontrar contactos, una pasant\u00eda, consejos, e.g.)<\/p>\n<\/div>\n\n\n\n<div class=\"wp-block-column is-layout-flow wp-block-column-is-layout-flow\">\n<p style=\"font-size:16px\">Podr\u00eda ofrecer asesor\u00eda en eventuales proyectos doctorales, contactos para pasant\u00edas acad\u00e9micas en Colombia.<\/p>\n<\/div>\n<\/div>\n\n\n\n<div class=\"wp-block-columns is-layout-flex wp-container-core-columns-is-layout-9d6595d7 wp-block-columns-is-layout-flex\">\n<div class=\"wp-block-column is-layout-flow wp-block-column-is-layout-flow\">\n<p class=\"has-background\" style=\"background-color:#fffacf;font-size:16px\">Compartes un contacto para que te contacten lxs estudiantes del LAI? (por favor, indique el e-mail \/ contacto)<\/p>\n<\/div>\n\n\n\n<div class=\"wp-block-column is-layout-flow wp-block-column-is-layout-flow\">\n<p style=\"font-size:16px\">S\u00ed (Cont\u00e1ctenos en alumni@lai.fu-berlin para recibir el correo electr\u00f3nico.)<\/p>\n<\/div>\n<\/div>\n","protected":false},"excerpt":{"rendered":"<p>Doctor en Antropolog\u00eda Social. Es coordinador de la Maestr\u00eda en Conflicto y Paz de la Universidad de Medell\u00edn (Colombia) y miembro del Grupo de Investigaci\u00f3n en Conflicto y Paz de la misma universidad. Actualmente lidera un proyecto de investigaci\u00f3n sobre las afectaciones del conflicto armado al Consejo Regional Ind\u00edgena del Cauca (CRIC), la m\u00e1s organizaci\u00f3n &hellip; <a href=\"https:\/\/blogs.fu-berlin.de\/lai-alumni-mentoring\/2023\/09\/29\/3-gabriel-ruiz-romero\/\" class=\"more-link\"><span class=\"screen-reader-text\">\u201e3. Gabriel Ruiz Romero\u201c<\/span> weiterlesen<\/a><\/p>\n","protected":false},"author":7741,"featured_media":0,"comment_status":"open","ping_status":"open","sticky":false,"template":"","format":"standard","meta":{"footnotes":""},"categories":[9],"tags":[],"class_list":["post-97","post","type-post","status-publish","format-standard","hentry","category-allgemein"],"_links":{"self":[{"href":"https:\/\/blogs.fu-berlin.de\/lai-alumni-mentoring\/wp-json\/wp\/v2\/posts\/97","targetHints":{"allow":["GET"]}}],"collection":[{"href":"https:\/\/blogs.fu-berlin.de\/lai-alumni-mentoring\/wp-json\/wp\/v2\/posts"}],"about":[{"href":"https:\/\/blogs.fu-berlin.de\/lai-alumni-mentoring\/wp-json\/wp\/v2\/types\/post"}],"author":[{"embeddable":true,"href":"https:\/\/blogs.fu-berlin.de\/lai-alumni-mentoring\/wp-json\/wp\/v2\/users\/7741"}],"replies":[{"embeddable":true,"href":"https:\/\/blogs.fu-berlin.de\/lai-alumni-mentoring\/wp-json\/wp\/v2\/comments?post=97"}],"version-history":[{"count":3,"href":"https:\/\/blogs.fu-berlin.de\/lai-alumni-mentoring\/wp-json\/wp\/v2\/posts\/97\/revisions"}],"predecessor-version":[{"id":130,"href":"https:\/\/blogs.fu-berlin.de\/lai-alumni-mentoring\/wp-json\/wp\/v2\/posts\/97\/revisions\/130"}],"wp:attachment":[{"href":"https:\/\/blogs.fu-berlin.de\/lai-alumni-mentoring\/wp-json\/wp\/v2\/media?parent=97"}],"wp:term":[{"taxonomy":"category","embeddable":true,"href":"https:\/\/blogs.fu-berlin.de\/lai-alumni-mentoring\/wp-json\/wp\/v2\/categories?post=97"},{"taxonomy":"post_tag","embeddable":true,"href":"https:\/\/blogs.fu-berlin.de\/lai-alumni-mentoring\/wp-json\/wp\/v2\/tags?post=97"}],"curies":[{"name":"wp","href":"https:\/\/api.w.org\/{rel}","templated":true}]}}