{"id":250,"date":"2020-05-20T12:18:55","date_gmt":"2020-05-20T10:18:55","guid":{"rendered":"https:\/\/blogs.fu-berlin.de\/lehre-angesagt\/?p=250"},"modified":"2020-06-29T12:12:33","modified_gmt":"2020-06-29T10:12:33","slug":"coming-soon-lehre-for-runaways-grundlagen-guter-lehre-digital-und-in-praesenz","status":"publish","type":"post","link":"https:\/\/blogs.fu-berlin.de\/lehre-angesagt\/2020\/05\/20\/coming-soon-lehre-for-runaways-grundlagen-guter-lehre-digital-und-in-praesenz\/","title":{"rendered":"coming soon: 1.4 digital &#8211; so machen wir das"},"content":{"rendered":"<p>Ab Beginn der vorlesungsfreien Zeit hier:<\/p>\n<p>Das <em>Kreativsemester<\/em> an der Freien Universit\u00e4t geht in die 7. digitale Vorlesungswoche. Lehrende und Studierende haben sich inzwischen unter den neuen Bedingungen eingegroovt und jetzt zur Semestermitte bietet sich eine wunderbare Gelegenheit, mal bei einigen digitalen Lehrveranstaltungen reinzuh\u00f6ren. Wir haben Lehrende und Studierende gefragt &#8222;Wie macht ihr das digital?&#8220;<\/p>\n<h5>Unsere G\u00e4ste:<\/h5>\n<p>Prof. Dr. Doris Kolesch ist Professorin der <a href=\"https:\/\/www.geisteswissenschaften.fu-berlin.de\/we07\/theater-tanz\/mitarbeiter-innen\/prof\/kolesch\/index.html\" target=\"_blank\" rel=\"noopener noreferrer\">Theaterwissenschaft <\/a>und lehrt in diesem Sommersemester unter anderem eine schauspieltheoretische &#8222;Vorlesung f\u00fcr alle&#8220; auf <a href=\"https:\/\/twitter.com\/sfb1171\">Twitter<\/a>. Prof. Kolesch besch\u00e4ftigt sich mit Stimme, Gef\u00fchlen und Emotionen in der Theaterwissenschaft und hat sich bereits vor dem &#8222;Kreativsemester&#8220; mit digitalen Formaten in der Lehre auseinandergesetzt.<\/p>\n<p>Victoria Mummelthei ist in der <a href=\"https:\/\/www.geschkult.fu-berlin.de\/e\/semiarab\/arabistik\/Seminar\/Mitarbeiterinnen-und-Mitarbeiter\/Wissenschaftliche-Mitarbeiterinnen-und-Mitarbeiter\/Mummelthei\/index.html\" target=\"_blank\" rel=\"noopener noreferrer\">Arabistik<\/a> als wissenschaftliche Mitarbeiterin t\u00e4tig und lehrt dieses Semester vor allem Kurse zur modernen arabischen Literatur.\u00a0 Sie schreibt \u00fcber ihre Erfahrungen mit digitalen Lehre auf <a href=\"https:\/\/blogs.fu-berlin.de\/mummelthei\/\">Arabistik online<\/a> und m\u00f6chte so ihre Gedanken zur Lehrplanung und Ausf\u00fchrung der Lehre in diesem &#8222;Kreativsemester&#8220; transparenter machen, gem\u00e4\u00df dem <a href=\"https:\/\/blogs.fu-berlin.de\/mummelthei\/2020\/03\/29\/erkunden-und-ausprobieren\/\">Motto<\/a>: &#8222;erkunden und ausprobieren, und zwar zusammen mit den Studierenden!&#8220;<\/p>\n<h3><\/h3>\n","protected":false},"excerpt":{"rendered":"<p>Ab Beginn der vorlesungsfreien Zeit hier: Das Kreativsemester an der Freien Universit\u00e4t geht in die 7. digitale Vorlesungswoche. Lehrende und Studierende haben sich inzwischen unter den neuen Bedingungen eingegroovt und jetzt zur Semestermitte bietet sich eine wunderbare Gelegenheit, mal bei einigen digitalen Lehrveranstaltungen reinzuh\u00f6ren. Wir haben Lehrende und Studierende gefragt &#8222;Wie macht ihr das digital?&#8220; &hellip; <a href=\"https:\/\/blogs.fu-berlin.de\/lehre-angesagt\/2020\/05\/20\/coming-soon-lehre-for-runaways-grundlagen-guter-lehre-digital-und-in-praesenz\/\" class=\"more-link\"><span class=\"screen-reader-text\">\u201ecoming soon: 1.4 digital &#8211; so machen wir das\u201c<\/span> weiterlesen<\/a><\/p>\n","protected":false},"author":3203,"featured_media":0,"comment_status":"open","ping_status":"open","sticky":false,"template":"","format":"standard","meta":{"footnotes":""},"categories":[9],"tags":[],"class_list":["post-250","post","type-post","status-publish","format-standard","hentry","category-allgemein"],"_links":{"self":[{"href":"https:\/\/blogs.fu-berlin.de\/lehre-angesagt\/wp-json\/wp\/v2\/posts\/250","targetHints":{"allow":["GET"]}}],"collection":[{"href":"https:\/\/blogs.fu-berlin.de\/lehre-angesagt\/wp-json\/wp\/v2\/posts"}],"about":[{"href":"https:\/\/blogs.fu-berlin.de\/lehre-angesagt\/wp-json\/wp\/v2\/types\/post"}],"author":[{"embeddable":true,"href":"https:\/\/blogs.fu-berlin.de\/lehre-angesagt\/wp-json\/wp\/v2\/users\/3203"}],"replies":[{"embeddable":true,"href":"https:\/\/blogs.fu-berlin.de\/lehre-angesagt\/wp-json\/wp\/v2\/comments?post=250"}],"version-history":[{"count":9,"href":"https:\/\/blogs.fu-berlin.de\/lehre-angesagt\/wp-json\/wp\/v2\/posts\/250\/revisions"}],"predecessor-version":[{"id":310,"href":"https:\/\/blogs.fu-berlin.de\/lehre-angesagt\/wp-json\/wp\/v2\/posts\/250\/revisions\/310"}],"wp:attachment":[{"href":"https:\/\/blogs.fu-berlin.de\/lehre-angesagt\/wp-json\/wp\/v2\/media?parent=250"}],"wp:term":[{"taxonomy":"category","embeddable":true,"href":"https:\/\/blogs.fu-berlin.de\/lehre-angesagt\/wp-json\/wp\/v2\/categories?post=250"},{"taxonomy":"post_tag","embeddable":true,"href":"https:\/\/blogs.fu-berlin.de\/lehre-angesagt\/wp-json\/wp\/v2\/tags?post=250"}],"curies":[{"name":"wp","href":"https:\/\/api.w.org\/{rel}","templated":true}]}}