{"id":1024,"date":"2014-09-26T11:10:08","date_gmt":"2014-09-26T11:10:08","guid":{"rendered":"https:\/\/blogs.fu-berlin.de\/letrasendanza\/?p=1024"},"modified":"2014-10-16T08:03:37","modified_gmt":"2014-10-16T08:03:37","slug":"violencia-desatada-i-santalla-el-escapado-de-pilar-cibreiro","status":"publish","type":"post","link":"https:\/\/blogs.fu-berlin.de\/letrasendanza\/2014\/09\/26\/violencia-desatada-i-santalla-el-escapado-de-pilar-cibreiro\/","title":{"rendered":"Violencia desatada (I): Santalla el escapado de Pilar Cibreiro"},"content":{"rendered":"<blockquote>\n<p style=\"text-align: justify\">Seguimos comentando hoy, de los cuentos de la colecci\u00f3n &#8222;<a title=\"Acercamiento a VIVIR EN TIEMPOS DIF\u00cdCILES\" href=\"https:\/\/blogs.fu-berlin.de\/letrasendanza\/2014\/08\/15\/un-acercamiento-y-una-reflexion\/\" target=\"_blank\">Vivir en tiempos dif\u00edciles<\/a>&#8222;, el que lleva por t\u00edtulo <span style=\"color: #808000\"><strong><em>SANTALLA EL ESCAPADO<\/em><\/strong><\/span>, cuyo <a title=\"Resumen del cuento Santalla el escapado\" href=\"https:\/\/blogs.fu-berlin.de\/letrasendanza\/2014\/03\/29\/resumenes-de-cuentos-1\/\" target=\"_blank\"><strong>resumen ya apareci\u00f3 en estas Letras en Danza<\/strong><\/a>.<\/p>\n<p style=\"text-align: justify\">La violencia sufrida por los personajes centrales de <strong><span style=\"color: #008000\"><i>Santalla el escapado<\/i> de Pilar Cibreiro y <i>Un ruido extra\u00f1o<\/i> de Juan Eduardo Z\u00fa\u00f1iga<\/span><\/strong> \u2013 es el tema com\u00fan de ambos cuentos: una violencia que tiene lugar en contextos de represi\u00f3n y guerra. En <span style=\"color: #888888\"><strong><i>Santalla el escapado<\/i><\/strong><\/span>, el protagonista, que da nombre al t\u00edtulo, vive como una alima\u00f1a, escondido de la justicia en un lugar del monte, en Galicia, pues durante la \u00faltima fase del gobierno de la II Rep\u00fablica hab\u00eda cometido robos y asaltos a casas de labranza ricas, donde abundaba la comida y bebida. Del grupo de j\u00f3venes con los que hab\u00eda llevado a cabo estos actos violentos, Santalla es el \u00fanico que no se ha entregado a la justicia y, adem\u00e1s, no se arrepiente de sus actos.<\/p>\n<p style=\"text-align: justify\">En el cuento <span style=\"color: #008000\"><strong><i>Un ruido extra\u00f1o<\/i> <\/strong><\/span>un <i>emboscao<\/i> -una persona que anda huyendo o est\u00e1 escondida para no participar en la guerra -, es perseguido por un oficial de Brigada en una casa abandonada donde ambos acaban siendo v\u00edctimas del ataque de cientos de ratas que les dejan el cuerpo ensangrentado.<\/p>\n<p style=\"text-align: justify\">Si bien los espacios donde transcurren las dos narraciones son diferentes \u2013 uno rural y el otro urbano-, en ambas historias hay alguien que se refugia (cueva\/casa) y el ambiente que se respira es de represi\u00f3n, opresi\u00f3n o abandono.<\/p>\n<h3 style=\"text-align: center\"><b><span style=\"color: #808000\">Silencios que matan<\/span> <\/b><b><i><\/i><\/b><\/h3>\n<p style=\"text-align: justify\">El conflicto en el relato de Pilar Cibreiro se cristaliza entre Santalla, que se esconde, y quien le busca: un sargento de la Guardia Civil que desea atraparlo a toda costa. Los personajes son caracterizados en el texto bien por su personalidad y temperamento o por sus actos: Santalla es una persona ociosa, violenta, obstinada, que no siente remordimientos y solo piensa en s\u00ed misma; vive como un animal salvaje escondido en el monte y baja cada dos o tres d\u00edas a buscar la comida que su hermana le deja en un lugar convenido.<\/p>\n<p style=\"text-align: justify\">Cedeira, cuya\u00a0 actuaci\u00f3n es todo lo contrario a ejemplar, es tambi\u00e9n violento y obstinado: al no dar con Santalla ni querer introducirse en las zonas m\u00e1s inaccesibles del monte para buscarlo, decide ir sobre seguro y torturar a las mujeres (hermana y madre de Santalla) hasta que estas mueren. Con estas muertes se da por satisfecho.<\/p>\n<p style=\"text-align: justify\">Las mujeres son silenciosas pero tenaces, hasta el punto de morir sin revelar el escondite. Los vecinos de la comarca se mantienen en vilo, vigilan atentos encerrados en sus casas cuando tienen lugar las vejaciones y torturas a las mujeres, pero permanecen pasivos y atemorizados.<\/p>\n<p style=\"text-align: justify\">Todas las decisiones y acciones que realizan los personajes tienen consecuencias violentas.<\/p>\n<p style=\"text-align: justify\">\n<\/blockquote>\n","protected":false},"excerpt":{"rendered":"<p>Seguimos comentando hoy, de los cuentos de la colecci\u00f3n &#8222;Vivir en tiempos dif\u00edciles&#8222;, el que lleva por t\u00edtulo SANTALLA EL ESCAPADO, cuyo resumen ya apareci\u00f3 en estas Letras en Danza. La violencia sufrida por los personajes centrales de Santalla el escapado de Pilar Cibreiro y Un ruido extra\u00f1o de Juan Eduardo Z\u00fa\u00f1iga \u2013 es el [&hellip;]<\/p>\n","protected":false},"author":74,"featured_media":0,"comment_status":"open","ping_status":"open","sticky":false,"template":"","format":"standard","meta":{"footnotes":""},"categories":[18050,17719,18055,17905,18054],"tags":[18064,18067],"class_list":["post-1024","post","type-post","status-publish","format-standard","hentry","category-analizar","category-comentar","category-explicar","category-leer","category-vivir-en-tiempos-dificiles","tag-cuentos","tag-ensenanza-reglada"],"_links":{"self":[{"href":"https:\/\/blogs.fu-berlin.de\/letrasendanza\/wp-json\/wp\/v2\/posts\/1024","targetHints":{"allow":["GET"]}}],"collection":[{"href":"https:\/\/blogs.fu-berlin.de\/letrasendanza\/wp-json\/wp\/v2\/posts"}],"about":[{"href":"https:\/\/blogs.fu-berlin.de\/letrasendanza\/wp-json\/wp\/v2\/types\/post"}],"author":[{"embeddable":true,"href":"https:\/\/blogs.fu-berlin.de\/letrasendanza\/wp-json\/wp\/v2\/users\/74"}],"replies":[{"embeddable":true,"href":"https:\/\/blogs.fu-berlin.de\/letrasendanza\/wp-json\/wp\/v2\/comments?post=1024"}],"version-history":[{"count":10,"href":"https:\/\/blogs.fu-berlin.de\/letrasendanza\/wp-json\/wp\/v2\/posts\/1024\/revisions"}],"predecessor-version":[{"id":1071,"href":"https:\/\/blogs.fu-berlin.de\/letrasendanza\/wp-json\/wp\/v2\/posts\/1024\/revisions\/1071"}],"wp:attachment":[{"href":"https:\/\/blogs.fu-berlin.de\/letrasendanza\/wp-json\/wp\/v2\/media?parent=1024"}],"wp:term":[{"taxonomy":"category","embeddable":true,"href":"https:\/\/blogs.fu-berlin.de\/letrasendanza\/wp-json\/wp\/v2\/categories?post=1024"},{"taxonomy":"post_tag","embeddable":true,"href":"https:\/\/blogs.fu-berlin.de\/letrasendanza\/wp-json\/wp\/v2\/tags?post=1024"}],"curies":[{"name":"wp","href":"https:\/\/api.w.org\/{rel}","templated":true}]}}