{"id":1027,"date":"2014-10-10T11:23:22","date_gmt":"2014-10-10T11:23:22","guid":{"rendered":"https:\/\/blogs.fu-berlin.de\/letrasendanza\/?p=1027"},"modified":"2014-10-14T09:37:39","modified_gmt":"2014-10-14T09:37:39","slug":"violencia-desatada-ii-un-ruido-extrano-de-juan-eduardo-zuniga","status":"publish","type":"post","link":"https:\/\/blogs.fu-berlin.de\/letrasendanza\/2014\/10\/10\/violencia-desatada-ii-un-ruido-extrano-de-juan-eduardo-zuniga\/","title":{"rendered":"Violencia desatada (II): Un ruido extra\u00f1o de Juan Eduardo Z\u00fa\u00f1iga"},"content":{"rendered":"<blockquote>\n<p style=\"text-align: justify\">La violencia de la que habl\u00e1bamos el 26 del mes pasado en estas <a title=\"Referencia a Violencia desatada (I)\" href=\"https:\/\/blogs.fu-berlin.de\/letrasendanza\/2014\/09\/26\/violencia-desatada-i-santalla-el-escapado-de-pilar-cibreiro\/\" target=\"_blank\">Letras en Danza<\/a>, aparece tambi\u00e9n en el cuento de Juan Eduardo Z\u00fa\u00f1iga titulado <i>Un ruido extra\u00f1o.<\/i> El argumento puede leerse aqu\u00ed: <a title=\"Resumen de Un ruido extra\u00f1o\" href=\"https:\/\/blogs.fu-berlin.de\/letrasendanza\/2014\/03\/29\/resumenes-de-cuentos-1\/\" target=\"_blank\">Resumen del cuento .<\/a><\/p>\n<h2 style=\"text-align: center\"><span style=\"color: #993366\"><b>El laberinto de la violencia<\/b><\/span><\/h2>\n<p style=\"text-align: justify\">En este relato casi fantasmag\u00f3rico de gran dramatismo, se plasma el encuentro\u00a0 entre un oficial de Brigada y un <i>emboscao<\/i> en una casa controlada por enormes ratas. La narraci\u00f3n, que transcurre en una ciudad martirizada por un largo asedio (noviembre 1936 \u2013 marzo 1939) es una alegor\u00eda de la situaci\u00f3n de guerra, en la que tanto el perseguidor como el perseguido son v\u00edctimas que pagan con su sangre.<\/p>\n<p style=\"text-align: justify\">En el cuento, se presenta un encuentro ins\u00f3lito entre un oficial de una Brigada, que defiende Madrid de los ataques de las fuerzas sublevadas, y un <strong><i>emboscao<\/i><\/strong>, es decir, una persona que se esconde para no ir a la guerra.<\/p>\n<p style=\"text-align: justify\">El oficial va caminando por una calle en el Madrid sitiado del final de la guerra (1936-1939) y alertado por un extra\u00f1o ruido procedente del jard\u00edn de un palacete, entra en \u00e9l y vislumbra en la semioscuridad a una persona que al verse observada sale huyendo y desaparece en el interior de la casa.<\/p>\n<p style=\"text-align: justify\">Empieza entonces una larga persecuci\u00f3n por el interior de la casa abandonada. Despu\u00e9s de subir y bajar por diversas escaleras, atravesar salones y estancias en penumbra, el perseguidor percibe un extra\u00f1o olor.<\/p>\n<p style=\"text-align: justify\">Ve salir unos gatos enormes, y por fin, en el s\u00f3tano, que est\u00e1 lleno de inmundicia, descubre cientos de ratas que salen en estampida. Entonces aparece la persona que iba buscando: est\u00e1 luchando por deshacerse de las numerosas ratas que le suben por el cuerpo y le est\u00e1n atacando.<\/p>\n<p style=\"text-align: justify\">Al perseguidor tambi\u00e9n empiezan a subirle por las piernas. Al darse cuenta de la situaci\u00f3n, le grita que salga corriendo y una vez fuera, el oficial ve que la persona a quien persegu\u00eda es un joven totalmente atemorizado y en muy mal estado, que va vestido con un abrigo de mujer. Ambos llevan las manos ensangrentadas.<\/p>\n<p style=\"text-align: justify\">(Continuar\u00e1 el comentario en estas mismas <strong><span style=\"color: #99cc00\">Letras en Danza<\/span><\/strong> de la <strong><em>Freie Universit\u00e4t Berlin<\/em><\/strong>)<\/p>\n<p><b><br \/>\n<\/b><\/p><\/blockquote>\n","protected":false},"excerpt":{"rendered":"<p>La violencia de la que habl\u00e1bamos el 26 del mes pasado en estas Letras en Danza, aparece tambi\u00e9n en el cuento de Juan Eduardo Z\u00fa\u00f1iga titulado Un ruido extra\u00f1o. El argumento puede leerse aqu\u00ed: Resumen del cuento . El laberinto de la violencia En este relato casi fantasmag\u00f3rico de gran dramatismo, se plasma el encuentro\u00a0 [&hellip;]<\/p>\n","protected":false},"author":74,"featured_media":0,"comment_status":"open","ping_status":"open","sticky":false,"template":"","format":"standard","meta":{"footnotes":""},"categories":[18050,17719,18055,17905,18054],"tags":[18064,18067],"class_list":["post-1027","post","type-post","status-publish","format-standard","hentry","category-analizar","category-comentar","category-explicar","category-leer","category-vivir-en-tiempos-dificiles","tag-cuentos","tag-ensenanza-reglada"],"_links":{"self":[{"href":"https:\/\/blogs.fu-berlin.de\/letrasendanza\/wp-json\/wp\/v2\/posts\/1027","targetHints":{"allow":["GET"]}}],"collection":[{"href":"https:\/\/blogs.fu-berlin.de\/letrasendanza\/wp-json\/wp\/v2\/posts"}],"about":[{"href":"https:\/\/blogs.fu-berlin.de\/letrasendanza\/wp-json\/wp\/v2\/types\/post"}],"author":[{"embeddable":true,"href":"https:\/\/blogs.fu-berlin.de\/letrasendanza\/wp-json\/wp\/v2\/users\/74"}],"replies":[{"embeddable":true,"href":"https:\/\/blogs.fu-berlin.de\/letrasendanza\/wp-json\/wp\/v2\/comments?post=1027"}],"version-history":[{"count":7,"href":"https:\/\/blogs.fu-berlin.de\/letrasendanza\/wp-json\/wp\/v2\/posts\/1027\/revisions"}],"predecessor-version":[{"id":1068,"href":"https:\/\/blogs.fu-berlin.de\/letrasendanza\/wp-json\/wp\/v2\/posts\/1027\/revisions\/1068"}],"wp:attachment":[{"href":"https:\/\/blogs.fu-berlin.de\/letrasendanza\/wp-json\/wp\/v2\/media?parent=1027"}],"wp:term":[{"taxonomy":"category","embeddable":true,"href":"https:\/\/blogs.fu-berlin.de\/letrasendanza\/wp-json\/wp\/v2\/categories?post=1027"},{"taxonomy":"post_tag","embeddable":true,"href":"https:\/\/blogs.fu-berlin.de\/letrasendanza\/wp-json\/wp\/v2\/tags?post=1027"}],"curies":[{"name":"wp","href":"https:\/\/api.w.org\/{rel}","templated":true}]}}