{"id":1073,"date":"2014-10-17T19:59:28","date_gmt":"2014-10-17T19:59:28","guid":{"rendered":"https:\/\/blogs.fu-berlin.de\/letrasendanza\/?p=1073"},"modified":"2015-01-26T10:59:45","modified_gmt":"2015-01-26T10:59:45","slug":"partes-de-un-libro-una-presentacion-escrito-por-luis-aaron-gonzalez-hernandez","status":"publish","type":"post","link":"https:\/\/blogs.fu-berlin.de\/letrasendanza\/2014\/10\/17\/partes-de-un-libro-una-presentacion-escrito-por-luis-aaron-gonzalez-hernandez\/","title":{"rendered":"Partes de un libro: una presentaci\u00f3n. Escrito por  Luis Aar\u00f3n Gonz\u00e1lez Hern\u00e1ndez"},"content":{"rendered":"<blockquote>\n<p style=\"text-align: justify\">En estas <span style=\"color: #333300\"><strong>Letras en Danza<\/strong><\/span> conocemos ya a Luis Aar\u00f3n Gonz\u00e1lez Hern\u00e1ndez, profesor, fil\u00f3sofo y antiguo estudiante de uno de mis cursos. Su primera colaboraci\u00f3n en esta bit\u00e1cora\u00a0 se puede leer cliqueando <a href=\"https:\/\/blogs.fu-berlin.de\/letrasendanza\/2014\/06\/03\/de-libros-lectura-y-resistencias\/\" target=\"_blank\">aqu\u00ed<\/a>. Hoy sigue habl\u00e1ndonos de libros, desde su materialidad. He aqu\u00ed el texto escrito por \u00e9l:<\/p>\n<p style=\"text-align: justify\">En el curso \u201cLa Espa\u00f1a de Cervantes. Viaje a la Espa\u00f1a del Siglo de Oro\u201d, en el que particip\u00e9 en el semestre de invierno de 2013 en la <a href=\"https:\/\/www.fu-berlin.de\/\" target=\"_blank\">Universidad Libre de Berl\u00ed<\/a>n, nos acercamos a algunas costumbres y usos de la \u00e9poca a trav\u00e9s de algunos de sus legados art\u00edsticos m\u00e1s representativos como la obra de Vel\u00e1zquez \u201clas Meninas\u201d, la m\u00fasica barroca espa\u00f1ola y la famosa obra de Miguel de Cervantes: <i>Don Quijote de la Mancha<\/i>.<\/p>\n<p style=\"text-align: justify\">A ra\u00edz de la escena en que don Quijote visita una imprenta (segunda parte, cap\u00edtulo 62), plante\u00f3 la profesora del curso, Mar\u00eda Jes\u00fas Beltr\u00e1n Brotons, la tarea de presentar en clase las partes de las que se compone un libro. Para ello deb\u00edamos utilizar alguna de las ediciones del <i>Quijote<\/i> disponibles en la biblioteca o que estuvieran a nuestro alcance.<\/p>\n<p style=\"text-align: justify\">Como yo en aquellos momentos me hallaba leyendo la novela titulada <strong><i>El anarquista que se llamaba como yo<\/i><\/strong> de <strong>Pablo Mart\u00edn S\u00e1nchez<\/strong> se me ocurri\u00f3 la idea de tomarla como modelo para la tarea asignada, ya que se trata de un libro editado con sumo esmero, algo que viene siendo habitual en todos los t\u00edtulos publicados por su sello editorial: Acantilado, desde su fundaci\u00f3n en 1999 por el editor catal\u00e1n Jaume Vallcorba, recientemente fallecido, hasta hoy.<\/p>\n<div id=\"attachment_1075\" style=\"width: 235px\" class=\"wp-caption alignleft\"><a href=\"https:\/\/blogs.fu-berlin.de\/letrasendanza\/files\/2014\/10\/1.jpg\"><img loading=\"lazy\" decoding=\"async\" aria-describedby=\"caption-attachment-1075\" class=\"size-medium wp-image-1075\" src=\"https:\/\/blogs.fu-berlin.de\/letrasendanza\/files\/2014\/10\/1-225x300.jpg\" alt=\"\u00a9 Editorial Acantilado\" width=\"225\" height=\"300\" \/><\/a><p id=\"caption-attachment-1075\" class=\"wp-caption-text\">\u00a9 Editorial Acantilado<\/p><\/div>\n<p style=\"text-align: justify\">\u00a0La gran labor de dicha editorial, que tambi\u00e9n destaca por el elenco de autores con el que cuenta entre sus publicaciones \u00a0y por haber sido lanzadera de muchos autores j\u00f3venes de talento, fue objeto de reconocimiento p\u00fablico cuando le fue concedido el premio Nacional del Ministerio de Educaci\u00f3n, Cultura y Deportes en 2012 por su desempe\u00f1o editorial.<\/p>\n<p style=\"text-align: justify\">El texto que sigue a continuaci\u00f3n es la transcripci\u00f3n aproximada de la presentaci\u00f3n oral que hice en clase con ayuda del material del curso que Mar\u00eda Jes\u00fas puso a nuestra disposici\u00f3n. Agradezco a Margarita Ruby de la librer\u00eda <a href=\"https:\/\/la-rayuela.typepad.com\/la-rayuela\/\" target=\"_blank\"><strong>la Rayuela<\/strong><\/a> de Berl\u00edn su cortes\u00eda, que se ofreci\u00f3 a prestarme el libro de Pablo y por lo que pude contar con su presencia f\u00edsica durante mi presentaci\u00f3n, y la atenci\u00f3n prodigada por el <a href=\"www.pablomartinsanchez.com\" target=\"_blank\">propio Pablo<\/a>, que revis\u00f3 este texto y me sugiri\u00f3 algunas precisiones. Aprovecho tambi\u00e9n para recomendar su libro. Quien no se haya asomado a\u00fan a sus p\u00e1ginas, creo que descubrir\u00e1 en estas una historia fascinante, la de su hom\u00f3nimo anarquista, contada de una forma brillante y que no dejar\u00e1 indiferente a nadie.<\/p>\n<h3 style=\"text-align: center\"><strong>Veamos ahora las partes de un libro<\/strong><\/h3>\n<\/blockquote>\n<ol>\n<li style=\"text-align: justify\">\n<blockquote><p><b>Cubiertas<\/b>: Son las tapas del libro. En la cubierta anterior, tambi\u00e9n llamada portada exterior, figuran el t\u00edtulo del libro y el nombre de la editorial. La portada est\u00e1 ilustrada con una imagen a partir de una postal de Vera de Bidasoa. En la cubierta posterior figura el nombre de la serie: \u201cNarrativa\u201d, el n\u00famero de la misma: 221, una sinopsis del libro: \u201cEn 1924, era condenado a garrote vil el anarquista Pablo Mart\u00edn S\u00e1nchez\u2026\u201d, el ISBN: 978-84-15689-18-8 y el c\u00f3digo de barras del libro, as\u00ed como el logo de la editorial: una silueta humana haciendo un picado mortal.<\/p>\n<div id=\"attachment_1081\" style=\"width: 235px\" class=\"wp-caption alignright\"><a href=\"https:\/\/blogs.fu-berlin.de\/letrasendanza\/files\/2014\/10\/5.jpg\"><img loading=\"lazy\" decoding=\"async\" aria-describedby=\"caption-attachment-1081\" class=\"size-medium wp-image-1081\" src=\"https:\/\/blogs.fu-berlin.de\/letrasendanza\/files\/2014\/10\/5-225x300.jpg\" alt=\"\u00a9 Editorial Acantilado\" width=\"225\" height=\"300\" \/><\/a><p id=\"caption-attachment-1081\" class=\"wp-caption-text\">\u00a9 Editorial Acantilado<\/p><\/div><\/blockquote>\n<\/li>\n<li style=\"text-align: justify\">\n<blockquote><p><b>Solapas: <\/b>Son las prolongaciones laterales de las cubiertas que se doblan hacia dentro. En una de ellas, la de la cubierta anterior, hay una rese\u00f1a biogr\u00e1fica del autor; y en la otra se destacan los \u00faltimos t\u00edtulos publicados en la colecci\u00f3n.<b> <\/b><\/p><\/blockquote>\n<\/li>\n<li style=\"text-align: justify\">\n<blockquote><p><b>Lomo<\/b>: En este lugar se imprime normalmente el t\u00edtulo de la obra y el nombre del autor. Es la parte opuesta al corte de las hojas.<\/p><\/blockquote>\n<\/li>\n<li style=\"text-align: justify\">\n<blockquote><p><b>Guardas: <\/b>Son las hojas de papel que unen el libro y las tapas o cubiertas. En este caso la tapa del libro es blanda, y las guardas son negras en la l\u00ednea est\u00e9tica de la edici\u00f3n en la que predomina este color.<\/p><\/blockquote>\n<\/li>\n<li style=\"text-align: justify\">\n<blockquote><p><b>Anteportada: <\/b>Es la p\u00e1gina anterior a la portada interior, en la cual solo est\u00e1 anotado el t\u00edtulo, el nombre de la colecci\u00f3n y n\u00famero de la serie.<\/p>\n<p>&nbsp;<\/p>\n<p>&nbsp;<\/p>\n<div id=\"attachment_1078\" style=\"width: 235px\" class=\"wp-caption alignleft\"><a href=\"https:\/\/blogs.fu-berlin.de\/letrasendanza\/files\/2014\/10\/2.jpg\"><img loading=\"lazy\" decoding=\"async\" aria-describedby=\"caption-attachment-1078\" class=\"size-medium wp-image-1078\" src=\"https:\/\/blogs.fu-berlin.de\/letrasendanza\/files\/2014\/10\/2-225x300.jpg\" alt=\"\u00a9 Editorial Acantilado\" width=\"225\" height=\"300\" \/><\/a><p id=\"caption-attachment-1078\" class=\"wp-caption-text\">\u00a9 Editorial Acantilado<\/p><\/div><\/blockquote>\n<\/li>\n<li style=\"text-align: justify\">\n<blockquote><p><b>Portada interior: <\/b>Aqu\u00ed figuran el nombre del autor, el t\u00edtulo, el nombre de la editorial, el lugar y el a\u00f1o de edici\u00f3n.<\/p><\/blockquote>\n<\/li>\n<li style=\"text-align: justify\">\n<blockquote><p><b>P\u00e1gina legal o de derechos: <\/b>Es la p\u00e1gina que est\u00e1 en la cara posterior de la portada interior, donde se anotan los derechos de la obra: la casa editorial, el lugar de impresi\u00f3n, el n\u00famero de la edici\u00f3n y el a\u00f1o, el n\u00famero de reimpresi\u00f3n el a\u00f1o en que se reservaron los derechos: 2012, representados por el signo copyright, el ISBN (International Standard Book Number) y el dep\u00f3sito legal.<\/p><\/blockquote>\n<\/li>\n<li style=\"text-align: justify\">\n<blockquote><p><b>Dedicatoria: <\/b>Este texto suele figurar en el anverso de la hoja que sigue a la portada, en el cual autor dedica la obra a alguien en especial: en este caso a dos personas.<\/p>\n<p>&nbsp;<\/p>\n<p>&nbsp;<\/p>\n<p>&nbsp;<\/p><\/blockquote>\n<\/li>\n<li style=\"text-align: justify\">\n<blockquote><p><b>Ep\u00edgrafe:<\/b> Es la p\u00e1gina reservada para la expresi\u00f3n, frase, sentencia o cita que nos sugiere algo del contenido del libro. En este caso hay dos citas: una del fil\u00f3sofo berlin\u00e9s Walter Benjamin, y la otra de Miguel de Unamuno.<\/p>\n<div id=\"attachment_1079\" style=\"width: 235px\" class=\"wp-caption aligncenter\"><a href=\"https:\/\/blogs.fu-berlin.de\/letrasendanza\/files\/2014\/10\/3.jpg\"><img loading=\"lazy\" decoding=\"async\" aria-describedby=\"caption-attachment-1079\" class=\"size-medium wp-image-1079\" src=\"https:\/\/blogs.fu-berlin.de\/letrasendanza\/files\/2014\/10\/3-225x300.jpg\" alt=\"\u00a9 Editorial Acantilado\" width=\"225\" height=\"300\" \/><\/a><p id=\"caption-attachment-1079\" class=\"wp-caption-text\">\u00a9 Editorial Acantilado<\/p><\/div><\/blockquote>\n<\/li>\n<li style=\"text-align: justify\">\n<blockquote><p><b>Contenido:<\/b> Es la p\u00e1gina que sigue al ep\u00edgrafe y es una relaci\u00f3n organizada del contenido del libro y su paginaci\u00f3n. Si se pone al principio se llama \u201ccontenido\u201d \u2013generalmente en las obras cient\u00edficas- y si va al final se llama \u201c\u00edndice\u201d \u2013generalmente en las obras literarias-.<\/p><\/blockquote>\n<\/li>\n<li style=\"text-align: justify\">\n<blockquote><p><b>Pr\u00f3logo:<\/b> El pr\u00f3logo puede tambi\u00e9n ser llamado prefacio o introducci\u00f3n, y se le llama as\u00ed porque es el texto previo al cuerpo de la obra. Puede estar escrito por alguien que conozca muy bien el tema que ocupa a la obra o por su propio autor, como es el caso del pr\u00f3logo de este libro.<\/p>\n<div id=\"attachment_1080\" style=\"width: 210px\" class=\"wp-caption alignleft\"><a href=\"https:\/\/blogs.fu-berlin.de\/letrasendanza\/files\/2014\/10\/4.jpg\"><img loading=\"lazy\" decoding=\"async\" aria-describedby=\"caption-attachment-1080\" class=\"size-medium wp-image-1080\" src=\"https:\/\/blogs.fu-berlin.de\/letrasendanza\/files\/2014\/10\/4-225x300.jpg\" alt=\"\u00a9 Editorial Acantilado\" width=\"200\" height=\"267\" \/><\/a><p id=\"caption-attachment-1080\" class=\"wp-caption-text\">\u00a9 Editorial Acantilado<\/p><\/div><\/blockquote>\n<\/li>\n<li style=\"text-align: justify\">\n<blockquote><p><b>Cuerpo de la obra:<\/b> Es la parte medular del libro y est\u00e1 dividido en 3 partes.<\/p><\/blockquote>\n<\/li>\n<li style=\"text-align: justify\">\n<blockquote><p><b>Ep\u00edlogo:<\/b> Es la parte a\u00f1adida al final de la obra donde se hace un balance general de la misma, se sacan algunas conclusiones y se aprovecha para cerrar las acciones que no hab\u00edan quedado terminadas.<\/p><\/blockquote>\n<\/li>\n<li style=\"text-align: justify\">\n<blockquote><p><b>Adenda:<\/b> Esta p\u00e1gina es un ap\u00e9ndice en el que se a\u00f1aden nuevos datos a la trama y que en el caso de esta novela juega un papel importante para el desenlace de la misma.<\/p><\/blockquote>\n<\/li>\n<li style=\"text-align: justify\">\n<blockquote><p><b>Colof\u00f3n:<\/b> El colof\u00f3n va generalmente en la \u00faltima p\u00e1gina impar. Aqu\u00ed figuran el n\u00famero de la reimpresi\u00f3n y el lugar y la fecha de impresi\u00f3n.<\/p>\n<p>&nbsp;<\/p>\n<p>16. <b>\u00daltimos t\u00edtulos publicados:<\/b> La edici\u00f3n incluye al final del libro unas p\u00e1ginas con un listado de los \u00faltimos t\u00edtulos publicados en la Colecci\u00f3n Acantilado. El libro de Pablo aparece en el listado con el n\u00famero 221 y su libro va ya por la 3\u00aa edici\u00f3n.<\/p>\n<p>LUIS AAR\u00d3N GONZ\u00c1LEZ HERN\u00c1NDEZ<\/p><\/blockquote>\n<\/li>\n<\/ol>\n","protected":false},"excerpt":{"rendered":"<p>En estas Letras en Danza conocemos ya a Luis Aar\u00f3n Gonz\u00e1lez Hern\u00e1ndez, profesor, fil\u00f3sofo y antiguo estudiante de uno de mis cursos. Su primera colaboraci\u00f3n en esta bit\u00e1cora\u00a0 se puede leer cliqueando aqu\u00ed. Hoy sigue habl\u00e1ndonos de libros, desde su materialidad. He aqu\u00ed el texto escrito por \u00e9l: En el curso \u201cLa Espa\u00f1a de Cervantes. [&hellip;]<\/p>\n","protected":false},"author":74,"featured_media":0,"comment_status":"open","ping_status":"open","sticky":false,"template":"","format":"standard","meta":{"footnotes":""},"categories":[9,18079,18055],"tags":[18063],"class_list":["post-1073","post","type-post","status-publish","format-standard","hentry","category-allgemein","category-estudiantes","category-explicar","tag-mas-que-palabras"],"_links":{"self":[{"href":"https:\/\/blogs.fu-berlin.de\/letrasendanza\/wp-json\/wp\/v2\/posts\/1073","targetHints":{"allow":["GET"]}}],"collection":[{"href":"https:\/\/blogs.fu-berlin.de\/letrasendanza\/wp-json\/wp\/v2\/posts"}],"about":[{"href":"https:\/\/blogs.fu-berlin.de\/letrasendanza\/wp-json\/wp\/v2\/types\/post"}],"author":[{"embeddable":true,"href":"https:\/\/blogs.fu-berlin.de\/letrasendanza\/wp-json\/wp\/v2\/users\/74"}],"replies":[{"embeddable":true,"href":"https:\/\/blogs.fu-berlin.de\/letrasendanza\/wp-json\/wp\/v2\/comments?post=1073"}],"version-history":[{"count":14,"href":"https:\/\/blogs.fu-berlin.de\/letrasendanza\/wp-json\/wp\/v2\/posts\/1073\/revisions"}],"predecessor-version":[{"id":1206,"href":"https:\/\/blogs.fu-berlin.de\/letrasendanza\/wp-json\/wp\/v2\/posts\/1073\/revisions\/1206"}],"wp:attachment":[{"href":"https:\/\/blogs.fu-berlin.de\/letrasendanza\/wp-json\/wp\/v2\/media?parent=1073"}],"wp:term":[{"taxonomy":"category","embeddable":true,"href":"https:\/\/blogs.fu-berlin.de\/letrasendanza\/wp-json\/wp\/v2\/categories?post=1073"},{"taxonomy":"post_tag","embeddable":true,"href":"https:\/\/blogs.fu-berlin.de\/letrasendanza\/wp-json\/wp\/v2\/tags?post=1073"}],"curies":[{"name":"wp","href":"https:\/\/api.w.org\/{rel}","templated":true}]}}