{"id":111,"date":"2014-01-13T04:38:43","date_gmt":"2014-01-13T04:38:43","guid":{"rendered":"https:\/\/blogs.fu-berlin.de\/vivirentiemposdificiles\/?p=111"},"modified":"2014-01-28T21:23:23","modified_gmt":"2014-01-28T21:23:23","slug":"el-precio-que-hay-que-pagar","status":"publish","type":"post","link":"https:\/\/blogs.fu-berlin.de\/letrasendanza\/2014\/01\/13\/el-precio-que-hay-que-pagar\/","title":{"rendered":"El precio que hay que pagar"},"content":{"rendered":"<blockquote>\n<p style=\"text-align: justify\"><strong>\u00a0<\/strong><em>I liv u to bits &#8230; jt\u00b4M &#8230;, tvmb, &#8230;, hdgdl \u2026, tq 1webo<\/em>\u2026<\/p>\n<p style=\"text-align: justify\">\u00a0Cada letra cuenta. Cada letra paga. Cada letra transmite parte del universo que crea la ficci\u00f3n. Tambi\u00e9n los mensajes de texto cifrado han entrado ya a<a title=\"Literatura de SMS\" href=\"https:\/\/cultura.elpais.com\/cultura\/2014\/01\/26\/actualidad\/1390750691_437167.html\" target=\"_blank\"> formar parte del texto literario<\/a>, buena se\u00f1al de que la literatura est\u00e1 directamente conectada con nuestra vida cotidiana, la refleja.<\/p>\n<p style=\"text-align: justify\"><strong><em>tq 1webo<\/em><\/strong> es el t\u00edtulo de un microrrelato de la escritora Pilar Gal\u00e1n, publicado en el blog del profesor de literatura espa\u00f1ola contempor\u00e1nea, Fernando Valls, \u201cLa nave de los locos\u201d el viernes 30 de octubre de 2009 y que usted puede leer <a title=\"tq 1webo\" href=\"https:\/\/nalocos.blogspot.de\/2009\/10\/pilar-galan.html\" target=\"_blank\">aqu\u00ed<\/a>.<\/p>\n<p style=\"text-align: justify\">El mensaje de la f\u00f3rmula en el t\u00edtulo es similar al que se representa dibujando el contorno de un coraz\u00f3n con las iniciales de dos nombres de pila y atravesado por una flecha.<\/p>\n<p style=\"text-align: justify\"><a href=\"https:\/\/blogs.fu-berlin.de\/letrasendanza\/files\/2013\/12\/U_P_Coraz\u00f3n.png\"><img loading=\"lazy\" decoding=\"async\" class=\"size-medium wp-image-112 aligncenter\" alt=\"\" src=\"https:\/\/blogs.fu-berlin.de\/letrasendanza\/files\/2013\/12\/U_P_Coraz\u00f3n-300x187.png\" width=\"300\" height=\"187\" \/><\/a>Ahora bien, entre el iluminado mensaje cifrado y el dibujo grabado a punta de navaja en la corteza del tronco o en una piedra, hay mundos. La distancia entre ambos es la que se va descubriendo paso a paso en las 337 palabras que constituyen el brev\u00edsimo cuento de Pilar Gal\u00e1n, en el que se cuenta la historia de una mujer (\u201ct\u00eda\u201d) que decide cortar su relaci\u00f3n sentimental al recibir una declaraci\u00f3n de amor en medio de la noche, por tel\u00e9fono m\u00f3vil.<\/p>\n<p style=\"text-align: justify\">Este ser\u00eda, resumid\u00edsimo, el argumento. Pero, \u00bfpor qu\u00e9 decide cortar? \u00bfQui\u00e9n es ella? \u00bfCu\u00e1l es su entorno vital? \u00bfEs que el mensaje llega en un momento en el que la relaci\u00f3n se est\u00e1 tambaleando y por lo tanto necesita reforzarse con detalles y apelaciones? \u00bfConoce usted los poemas de Antonio Machado \u201cCampos de Castilla\u201d?<\/p>\n<p style=\"text-align: justify\">(Esta semana saldr\u00e1n textos en las secciones EXPLICAR, AN\u00c1LISIS, EN OTRAS LENGUAS, etc. alrededor de este micro)<\/p>\n<\/blockquote>\n","protected":false},"excerpt":{"rendered":"<p>\u00a0I liv u to bits &#8230; jt\u00b4M &#8230;, tvmb, &#8230;, hdgdl \u2026, tq 1webo\u2026 \u00a0Cada letra cuenta. Cada letra paga. Cada letra transmite parte del universo que crea la ficci\u00f3n. Tambi\u00e9n los mensajes de texto cifrado han entrado ya a formar parte del texto literario, buena se\u00f1al de que la literatura est\u00e1 directamente conectada con [&hellip;]<\/p>\n","protected":false},"author":74,"featured_media":0,"comment_status":"open","ping_status":"open","sticky":false,"template":"","format":"standard","meta":{"footnotes":""},"categories":[17905],"tags":[18065],"class_list":["post-111","post","type-post","status-publish","format-standard","hentry","category-leer","tag-microrrelatos"],"_links":{"self":[{"href":"https:\/\/blogs.fu-berlin.de\/letrasendanza\/wp-json\/wp\/v2\/posts\/111","targetHints":{"allow":["GET"]}}],"collection":[{"href":"https:\/\/blogs.fu-berlin.de\/letrasendanza\/wp-json\/wp\/v2\/posts"}],"about":[{"href":"https:\/\/blogs.fu-berlin.de\/letrasendanza\/wp-json\/wp\/v2\/types\/post"}],"author":[{"embeddable":true,"href":"https:\/\/blogs.fu-berlin.de\/letrasendanza\/wp-json\/wp\/v2\/users\/74"}],"replies":[{"embeddable":true,"href":"https:\/\/blogs.fu-berlin.de\/letrasendanza\/wp-json\/wp\/v2\/comments?post=111"}],"version-history":[{"count":7,"href":"https:\/\/blogs.fu-berlin.de\/letrasendanza\/wp-json\/wp\/v2\/posts\/111\/revisions"}],"predecessor-version":[{"id":537,"href":"https:\/\/blogs.fu-berlin.de\/letrasendanza\/wp-json\/wp\/v2\/posts\/111\/revisions\/537"}],"wp:attachment":[{"href":"https:\/\/blogs.fu-berlin.de\/letrasendanza\/wp-json\/wp\/v2\/media?parent=111"}],"wp:term":[{"taxonomy":"category","embeddable":true,"href":"https:\/\/blogs.fu-berlin.de\/letrasendanza\/wp-json\/wp\/v2\/categories?post=111"},{"taxonomy":"post_tag","embeddable":true,"href":"https:\/\/blogs.fu-berlin.de\/letrasendanza\/wp-json\/wp\/v2\/tags?post=111"}],"curies":[{"name":"wp","href":"https:\/\/api.w.org\/{rel}","templated":true}]}}