{"id":1127,"date":"2015-01-06T20:17:45","date_gmt":"2015-01-06T20:17:45","guid":{"rendered":"https:\/\/blogs.fu-berlin.de\/letrasendanza\/?p=1127"},"modified":"2015-01-08T21:43:13","modified_gmt":"2015-01-08T21:43:13","slug":"elogios-y-celebraciones","status":"publish","type":"post","link":"https:\/\/blogs.fu-berlin.de\/letrasendanza\/2015\/01\/06\/elogios-y-celebraciones\/","title":{"rendered":"ELOGIOS Y CELEBRACIONES"},"content":{"rendered":"<p>Celebramos hoy el primer aniversario de estas <span style=\"color: #99cc00\"><strong>LETRAS EN DANZA<\/strong><\/span> con un poema de Jos\u00e9 Jim\u00e9nez Lozano.<\/p>\n<p>&nbsp;<\/p>\n<blockquote>\n<h3 style=\"text-align: center\"><strong>ESTANCIA<\/strong><\/h3>\n<p style=\"text-align: center\">CUANDO veas a alguien con un c\u00e1ntaro<\/p>\n<p style=\"text-align: center\">s\u00edguele y pregunta<\/p>\n<p style=\"text-align: center\">si en la casa que entra no habr\u00e1 acaso<\/p>\n<p style=\"text-align: center\">un cuarto con las ventanas entornadas,<\/p>\n<p style=\"text-align: center\">un pa\u00f1izuelo blanco, un espartillo<\/p>\n<p style=\"text-align: center\">para la vasija, y luego una candela,<\/p>\n<p style=\"text-align: center\">un libro, alg\u00fan rescoldo. D\u00edle<\/p>\n<p style=\"text-align: center\">que buscas una estancia as\u00ed<\/p>\n<p style=\"text-align: center\">para tu \u00e1nima.<\/p>\n<p><a href=\"https:\/\/blogs.fu-berlin.de\/letrasendanza\/files\/2015\/01\/7451_002.jpg\"><img loading=\"lazy\" decoding=\"async\" class=\"aligncenter size-full wp-image-1129\" src=\"https:\/\/blogs.fu-berlin.de\/letrasendanza\/files\/2015\/01\/7451_002.jpg\" alt=\"7451_002\" width=\"135\" height=\"216\" \/><\/a><\/p>\n<p style=\"text-align: right\"><a title=\"Elogios y celebraciones\" href=\"https:\/\/www.pre-textos.com\/escaparate\/product_info.php?products_id=827\" target=\"_blank\">Elogios y celebraciones, p. 140 (Editorial Pre-Textos, Madrid, 2005)<\/a><\/p>\n<\/blockquote>\n","protected":false},"excerpt":{"rendered":"<p>Celebramos hoy el primer aniversario de estas LETRAS EN DANZA con un poema de Jos\u00e9 Jim\u00e9nez Lozano. &nbsp; ESTANCIA CUANDO veas a alguien con un c\u00e1ntaro s\u00edguele y pregunta si en la casa que entra no habr\u00e1 acaso un cuarto con las ventanas entornadas, un pa\u00f1izuelo blanco, un espartillo para la vasija, y luego una [&hellip;]<\/p>\n","protected":false},"author":74,"featured_media":0,"comment_status":"open","ping_status":"open","sticky":false,"template":"","format":"standard","meta":{"footnotes":""},"categories":[17905],"tags":[18072,18077],"class_list":["post-1127","post","type-post","status-publish","format-standard","hentry","category-leer","tag-jose-jimenez-lozano","tag-poesia"],"_links":{"self":[{"href":"https:\/\/blogs.fu-berlin.de\/letrasendanza\/wp-json\/wp\/v2\/posts\/1127","targetHints":{"allow":["GET"]}}],"collection":[{"href":"https:\/\/blogs.fu-berlin.de\/letrasendanza\/wp-json\/wp\/v2\/posts"}],"about":[{"href":"https:\/\/blogs.fu-berlin.de\/letrasendanza\/wp-json\/wp\/v2\/types\/post"}],"author":[{"embeddable":true,"href":"https:\/\/blogs.fu-berlin.de\/letrasendanza\/wp-json\/wp\/v2\/users\/74"}],"replies":[{"embeddable":true,"href":"https:\/\/blogs.fu-berlin.de\/letrasendanza\/wp-json\/wp\/v2\/comments?post=1127"}],"version-history":[{"count":8,"href":"https:\/\/blogs.fu-berlin.de\/letrasendanza\/wp-json\/wp\/v2\/posts\/1127\/revisions"}],"predecessor-version":[{"id":1176,"href":"https:\/\/blogs.fu-berlin.de\/letrasendanza\/wp-json\/wp\/v2\/posts\/1127\/revisions\/1176"}],"wp:attachment":[{"href":"https:\/\/blogs.fu-berlin.de\/letrasendanza\/wp-json\/wp\/v2\/media?parent=1127"}],"wp:term":[{"taxonomy":"category","embeddable":true,"href":"https:\/\/blogs.fu-berlin.de\/letrasendanza\/wp-json\/wp\/v2\/categories?post=1127"},{"taxonomy":"post_tag","embeddable":true,"href":"https:\/\/blogs.fu-berlin.de\/letrasendanza\/wp-json\/wp\/v2\/tags?post=1127"}],"curies":[{"name":"wp","href":"https:\/\/api.w.org\/{rel}","templated":true}]}}