{"id":1236,"date":"2015-03-24T07:14:19","date_gmt":"2015-03-24T07:14:19","guid":{"rendered":"https:\/\/blogs.fu-berlin.de\/letrasendanza\/?p=1236"},"modified":"2015-07-13T09:57:09","modified_gmt":"2015-07-13T09:57:09","slug":"luis-aaron-entrevista-a-margarita-en-la-rayuela-de-berlin","status":"publish","type":"post","link":"https:\/\/blogs.fu-berlin.de\/letrasendanza\/2015\/03\/24\/luis-aaron-entrevista-a-margarita-en-la-rayuela-de-berlin\/","title":{"rendered":"Luis Aar\u00f3n entrevista a Margarita en LA RAYUELA  de Berl\u00edn"},"content":{"rendered":"<blockquote>\n<h2 style=\"text-align: center\"><span style=\"color: #000080\">PASI\u00d3N POR LOS LIBROS<\/span><\/h2>\n<p style=\"text-align: justify\">La librer\u00eda <strong>La Rayuela<\/strong> ya es conocida entre nuestros lectores de <span style=\"color: #99cc00\"><a style=\"color: #99cc00\" title=\"Sobre Libros, lecturas y resistencias\" href=\"https:\/\/blogs.fu-berlin.de\/letrasendanza\/2014\/06\/03\/de-libros-lectura-y-resistencias\/\" target=\"_blank\"><strong>Letras en Danza<\/strong><\/a><\/span>. En esta ocasi\u00f3n hemos podido entrevistar a su propietaria, <strong>Margarita Ruby<\/strong>, que nos ha contado m\u00e1s cosas acerca de la librer\u00eda y de las actividades que all\u00ed se llevan a cabo. Su pasi\u00f3n por los libros se trasluce en cada respuesta y en el entusiasmo que logra transmitir cuando habla de ellos. Su trabajo como librera lo combina con el de madre de dos ni\u00f1os, a los que intenta transmitirles su misma pasi\u00f3n. Margarita se encarga de presentar las actividades culturales que organiza la librer\u00eda y que han convertido <em><strong>S\u00fcdstern 2<\/strong><\/em> en punto de encuentro imprescindible de la lectura y de la cultura hispana en Berl\u00edn. Suena jazz de fondo, el ajetreo propio del caf\u00e9 y el telefonillo de la escuela de idiomas con los que comparte espacio mientras hacemos esta entrevista.<\/p>\n<p>&nbsp;<\/p>\n<h3 style=\"text-align: center\">\u00bfQu\u00e9 es La Rayuela y qu\u00e9 hacen all\u00ed?<\/h3>\n<p style=\"text-align: justify\">LD: La Rayuela, si no me equivoco, es la primera librer\u00eda hispana en Berl\u00edn<\/p>\n<p style=\"text-align: justify\">M: <em>S\u00ed, pero hubo durante muchos a\u00f1os una librer\u00eda rom\u00e1nica, la llevaba un uruguayo y all\u00ed ten\u00edan muchos libros en castellano. O sea, que no soy la primera, lo que pasa es que cerr\u00f3 poco despu\u00e9s de abrir yo la m\u00eda&#8230;<\/em><\/p>\n<p style=\"text-align: justify\">LD: &#8230; y el local actual no es el \u00fanico espacio que ha tenido la librer\u00eda desde que se cre\u00f3.<\/p>\n<p style=\"text-align: justify\">M: <em>No, este es el cuarto local y espero que el definitivo porque mudarse con libros no es lo m\u00e1s bonito ni tampoco es bueno para un negocio tener que cambiar de local. La situaci\u00f3n de locales ha cambiado mucho en Berl\u00edn en los \u00faltimos a\u00f1os y eso lo he notado yo tambi\u00e9n.<\/em><\/p>\n<p style=\"text-align: justify\">LD: \u00bfDe d\u00f3nde surge la idea de montar una librer\u00eda de espa\u00f1ol en Berl\u00edn y c\u00f3mo te las apa\u00f1abas por entonces?<\/p>\n<p style=\"text-align: justify\">M: <em>Por un lado, siempre me ha gustado leer, ya desde peque\u00f1a. De hecho volv\u00eda de la biblioteca cada semana cargada de libros. En casa de mis padres siempre hemos le\u00eddo mucho. Yo dir\u00eda que a partir de los diecisiete solo le\u00eda en castellano. Por otro lado, estudi\u00e9 Hisp\u00e1nicas. Trabaj\u00e9 en la recepci\u00f3n del Instituto Cervantes de Berl\u00edn. All\u00ed nos preguntaban d\u00f3nde se pod\u00edan comprar libros en espa\u00f1ol y eso me decidi\u00f3 a montar el negocio.<\/em><\/p>\n<p style=\"text-align: justify\">LD: Hoy, La Rayuela forma parte de un proyecto com\u00fan integrado por MAR Sprachschule, el Caf\u00e9 Estrellas del Sur y la propia librer\u00eda. \u00bfPuedes contarnos m\u00e1s acerca de este proyecto, c\u00f3mo surgi\u00f3 la idea y c\u00f3mo se materializ\u00f3?<\/p>\n<p style=\"text-align: justify\"><a href=\"https:\/\/blogs.fu-berlin.de\/letrasendanza\/files\/2015\/07\/Felipe.jpg\"><img loading=\"lazy\" decoding=\"async\" class=\"alignleft size-full wp-image-1345\" src=\"https:\/\/blogs.fu-berlin.de\/letrasendanza\/files\/2015\/07\/Felipe.jpg\" alt=\"Felipe\" width=\"190\" height=\"142\" \/><\/a><\/p>\n<p style=\"text-align: justify\">M: <em>La idea de combinar la librer\u00eda con un caf\u00e9 existi\u00f3 desde un principio, pero yo no me atrev\u00eda a llevar las dos cosas paralelas. Cuando estaba en el tercer local, que era una habitaci\u00f3n subalquilada donde hab\u00eda que tocar el timbre para entrar, conoc\u00ed a Marta de la escuela de idiomas y se nos ocurri\u00f3 la idea de buscar juntas un local.<\/em><\/p>\n<p style=\"text-align: justify\">LD: Actualmente, la librer\u00eda tiene sus dependencias en <em><strong>S\u00fcdstern 2<\/strong><\/em>, donde comparte espacio con la escuela de idiomas <span style=\"color: #33cccc\"><strong>MAR<\/strong><\/span> y con el caf\u00e9 <span style=\"color: #008080\"><strong>Estrellas del Sur<\/strong><\/span>. Entre sus paredes pasas muchas horas de tu vida. \u00bfC\u00f3mo es el espacio que habitas? \u00bfC\u00f3mo lo percibes t\u00fa desde dentro?<\/p>\n<p style=\"text-align: justify\">M: <em>Creo que es un espacio acogedor. Me gustan mucho los techos altos y los dos arcos. Es un espacio que comunica diferentes espacios entre s\u00ed. Hay rincones m\u00e1s recogidos y a la vez es un sitio abierto.<\/em><\/p>\n<h2 style=\"text-align: center\"><span style=\"color: #000080\"><strong>Margarita<\/strong><\/span><\/h2>\n<p style=\"text-align: justify\">LD: \u00bfCu\u00e1ndo llegaste a Berl\u00edn y a qu\u00e9 te dedicabas antes de ejercer tu actual profesi\u00f3n?<\/p>\n<p style=\"text-align: justify\">M: <em>Llegu\u00e9 a Berl\u00edn hace m\u00e1s o menos quince a\u00f1os como estudiante. De hecho siempre quise vivir en Berl\u00edn. Lo supe desde la primera vez que estuve aqu\u00ed. Pero cuando empec\u00e9 la carrera pens\u00e9 que si ven\u00eda a Berl\u00edn no iba a estudiar [risas], y de hecho eso fue lo que me pas\u00f3 [r\u00ede]. Hay tant\u00edsimas cosas que hacer aqu\u00ed en Berl\u00edn que me demor\u00e9 bastante. Estudi\u00e9 y al mismo tiempo tambi\u00e9n estuve trabajando.<\/em><\/p>\n<p style=\"text-align: justify\">LD: Tu profesi\u00f3n de librera, \u00bfes c\u00f3mo te la imaginabas o presenta m\u00e1s dificultades de lo que <a href=\"https:\/\/blogs.fu-berlin.de\/letrasendanza\/files\/2015\/07\/Margarita-delante-de-los-libros.jpg\"><img loading=\"lazy\" decoding=\"async\" class=\"alignleft size-full wp-image-1349\" src=\"https:\/\/blogs.fu-berlin.de\/letrasendanza\/files\/2015\/07\/Margarita-delante-de-los-libros.jpg\" alt=\"Margarita delante de los libros\" width=\"190\" height=\"142\" \/><\/a>esperabas? \u00bfCu\u00e1les son?<\/p>\n<p style=\"text-align: justify\">M: E<em>s muy dif\u00edcil imaginarse una profesi\u00f3n cuando no la has ejercido nunca. Las mayores preocupaciones al principio eran entender el \u00e1mbito de la contabilidad y c\u00f3mo tener en orden ese tipo de papeles. El vender libros no lo ve\u00eda nunca como un tema tan dif\u00edcil y tampoco me supuso nunca un problema. Quiz\u00e1s no me imaginaba que ser\u00eda tan dif\u00edcil conseguir clientes o que se conviertieran en habituales. Quiz\u00e1s lo m\u00e1s dif\u00edcil es encontrar clientes no individuales, es decir: bibliotecas, empresas, clientes un poco m\u00e1s grandes que pueden ayudar bastante a llegar a fin de mes.<\/em><\/p>\n<p style=\"text-align: justify\">LD: \u00bfAl final te compensa? \u00bfHas cumplido un sue\u00f1o? \u00bfQu\u00e9 es lo que m\u00e1s te satisface de tu trabajo?<\/p>\n<p style=\"text-align: justify\">M: <em>Depende mucho desde qu\u00e9 punto de vista se mire. Econ\u00f3micamente no me compensa. No veo recompensada de forma justa mi trabajo. En otros sentidos s\u00ed que me compensa. Es un lugar que para m\u00ed es importante como punto de encuentro, como espacio cultural y pol\u00edtico hasta cierto punto, porque me parece que la cultura es parte de la pol\u00edtica. Me veo recompensada por el feedback de la gente, que me dice que se siente como en casa, que est\u00e1n agradecidos porque exista el lugar, porque vienen a las actividades y salen contentos. Tambi\u00e9n por los muchos encuentros que he tenido aqu\u00ed con autores, lectores y amigos.<\/em><\/p>\n<p style=\"text-align: justify\">LD: \u00bfC\u00f3mo es un d\u00eda normal en tu vida?<\/p>\n<p style=\"text-align: justify\">M: <em>Pues depende de si estoy o no con mis hijos [se r\u00ede], de si me levanto m\u00e1s o menos tranquila y descansada. Siempre empiezo el d\u00eda con un caf\u00e9 con leche. Si est\u00e1n mis hijos, primero los llevo a sus respectivos colegios, y si no me vengo directamente al trabajo y me pongo a mirar lo que hab\u00eda del d\u00eda anterior o del fin de semana. Leo los correos electr\u00f3nicos y los contesto. Luego, a veces me llegan cajas de libros y me pongo a sacar las novedades y a avisar a los clientes que han pedido los libros. Contesto al tel\u00e9fono y si hay suerte vendo alg\u00fan libro. Hablo con la gente que entra, me tomo un segundo caf\u00e9 y desayuno algo. Entre semana suelo estar solo hasta las dos o las tres porque luego voy a recoger a mis hijos, salvo alg\u00fan d\u00eda que trabajo a jornada completa. La librer\u00eda cierra a las siete, pero si hay alguna actividad cultural me quedo hasta m\u00e1s tarde. Luego, me voy a casa, cocino algo y despu\u00e9s me pongo a leer porque en alg\u00fan momento del d\u00eda tambi\u00e9n hay que leer, y eso es algo que no hago aqu\u00ed. Si no, quedo con alguien o voy al cine.<\/em><\/p>\n<p style=\"text-align: justify\"><a href=\"https:\/\/blogs.fu-berlin.de\/letrasendanza\/files\/2015\/07\/Margarita-delante-de-los-libros.jpg\"><img loading=\"lazy\" decoding=\"async\" class=\"alignleft size-full wp-image-1349\" src=\"https:\/\/blogs.fu-berlin.de\/letrasendanza\/files\/2015\/07\/Margarita-delante-de-los-libros.jpg\" alt=\"Margarita delante de los libros\" width=\"190\" height=\"142\" \/><\/a>LD: \u00bfTienes muchos libros en casa? \u00bfHas contado cu\u00e1ntos?<\/p>\n<p style=\"text-align: justify\">M: <em>Supongo que ser\u00e1n quinientos. La verdad es que desde que tengo la librer\u00eda me compro muy pocos libros porque los tengo aqu\u00ed. Desde entonces el n\u00famero no ha aumentado mucho.<\/em><\/p>\n<p style=\"text-align: justify\">LD: Y cuando llegas a tu puesto de trabajo m\u00e1s y m\u00e1s libros. Estos han pasado a formar parte de tu vida como un destino indisociable de ella. \u00bfC\u00f3mo asumes este hecho: que ese objeto tenga al mismo tiempo esa presencia tan importante en ambas esferas de tu vida?<\/p>\n<p style=\"text-align: justify\">M:<em> Bueno, eso siempre ha sido as\u00ed. Ya de ni\u00f1a me levantaba los fines de semana a las seis o siete de la ma\u00f1ana antes que nadie, me cog\u00eda una manzana y me volv\u00eda a meter en la cama a leer. Por la noche sol\u00edamos leer en familia. Mis padres nos le\u00edan libros enteros: <\/em>Momo, La Historia Interminable<em>, libros de aventuras o novelas hist\u00f3ricas. Siempre he estado rodeada de libros, as\u00ed que para m\u00ed no es una novedad tenerlos en casa. Quiz\u00e1 la novedad es tenerlos en el trabajo, pero ya son casi diez a\u00f1os, as\u00ed que me he terminado acostumbrando.<\/em><\/p>\n<h2 style=\"text-align: center\"><span style=\"color: #800080\"><strong>Libros y lecturas<\/strong><\/span><\/h2>\n<p style=\"text-align: justify\">LD: \u00bfQu\u00e9 tipo de libros se pueden encontrar en tu librer\u00eda?<\/p>\n<p style=\"text-align: justify\">M: <em>Mayoritariamente ficci\u00f3n de autores hispanoamericanos, pero tambi\u00e9n libros infantiles. Esta secci\u00f3n es la que m\u00e1s ha crecido. Cuando abr\u00ed la librer\u00eda con una socia ni ella ni yo ten\u00edamos ni\u00f1os y no ve\u00edamos la importancia que ello pod\u00eda tener. Ahora es un p\u00fablico muy importante porque incluso la gente que no lee quiere que sus hijos lean o regala alg\u00fan libro cuando nace alg\u00fan ni\u00f1o.<\/em><\/p>\n<p style=\"text-align: justify\">LD: Cort\u00e1zar tiene una presencia importante en la librer\u00eda, de hecho su nombre se lo debe al t\u00edtulo de su principal novela. \u00bfA qu\u00e9 se debe que este autor tenga reservado un lugar tan destacado?<\/p>\n<p style=\"text-align: justify\">M: <em>Corrijo un poquito porque el nombre s\u00ed que hace referencia al t\u00edtulo de la novela, pero tambi\u00e9n al <strong>juego de la rayuela, y a trav\u00e9s de ese nombre a la diversidad de lo castellano<\/strong>, porque cada regi\u00f3n llama al juego de otra forma. Eso nos parec\u00eda muy curioso y <strong>conseguimos juntar por lo menos treinta nombres diferentes del juego, por ejemplo: tejo, tiza o avi\u00f3n<\/strong>. Ese aspecto tan elemental, que se pueda jugar con una tiza en cualquier sitio y el hecho de que refleje las variedades del castellano, junto a la referencia literaria muy clara a Cort\u00e1zar, hizo que nos pareciera un buen nombre.<\/em><\/p>\n<p style=\"text-align: justify\"><em>En cuanto a Cort\u00e1zar, lo que m\u00e1s me gusta de \u00e9l son sus cuentos y su forma de enfocar la literatura como algo para experimentar los l\u00edmites a los que se puede llegar con las palabras.<\/em><\/p>\n<p style=\"text-align: justify\"><a href=\"https:\/\/blogs.fu-berlin.de\/letrasendanza\/files\/2015\/07\/Leyendo-y-caf\u00e9.jpg\"><img loading=\"lazy\" decoding=\"async\" class=\"alignleft size-full wp-image-1346\" src=\"https:\/\/blogs.fu-berlin.de\/letrasendanza\/files\/2015\/07\/Leyendo-y-caf\u00e9.jpg\" alt=\"Leyendo y caf\u00e9\" width=\"190\" height=\"142\" \/><\/a>LD: \u00bfCu\u00e1ntos t\u00edtulos suyos hay disponibles en este momento?<\/p>\n<p style=\"text-align: justify\">M: [Despu\u00e9s de un recuento de varios minutos y de abrir varias cajas]<em> \u00a1Cuarenta y tres!<\/em><\/p>\n<p style=\"text-align: justify\">LD: Tu profesi\u00f3n te obliga a estar al tanto de las novedades literarias. Como lectora, \u00bfc\u00f3mo valoras lo que se publica hoy en d\u00eda? \u00bfHay muchas novedades que te siguen sorprendiendo favorablemente?<\/p>\n<p style=\"text-align: justify\">M: <em>A decir verdad no hay muchas novedades que me sorprendan favorablemente. La mayor\u00eda de las buenas sorpresas son de amigos o de clientes que nos recomiendan alg\u00fan libro. Tambi\u00e9n de alguna lectura que nos proponen hacer en nuestro espacio. No ser\u00eda posible saber todo lo que se publica en castellano porque es demasiado. De hecho, las listas de best-sellers no nos sirven para nada porque no es lo que la gente compra aqu\u00ed. Si sale alg\u00fan libro de Vargas Llosa o de Javier Mar\u00edas est\u00e1 claro que lo voy a tener porque le interesa a la gente. Tambi\u00e9n intento tener otros libros de autores no tan conocidos.<\/em><\/p>\n<p style=\"text-align: justify\">LD: \u00bfQu\u00e9 puedes recomendar de lo \u00faltimo que ha ca\u00eddo en tus manos a los lectores de <em><span style=\"color: #99cc00\"><strong>Letras en Danza<\/strong><\/span><\/em>?<\/p>\n<p style=\"text-align: justify\">M: <em>Me ha gustado bastante la \u00faltima novela de Mu\u00f1oz Molina como reflexi\u00f3n sobre el oficio de escritor. Me gust\u00f3 mucho por sus referencias a &#8222;Invierno en Lisboa&#8220;, una de sus primeras novelas con las que tuvo \u00e9xito y que he rele\u00eddo varias veces porque tambi\u00e9n como \u00e9l soy una apasionada del jazz.<\/em><\/p>\n<p style=\"text-align: justify\">LD: \u00bfCu\u00e1les fueron los t\u00edtulos m\u00e1s solicitados el a\u00f1o pasado? \u00bfQu\u00e9 es lo m\u00e1s raro que te han pedido como librera?<\/p>\n<p style=\"text-align: justify\">M: <em>El autor que m\u00e1s vendimos el a\u00f1o pasado fue Eduardo Halfon porque lo hemos estado recomendando mucho. Tambi\u00e9n vendimos mucho Bioy Casares y Bola\u00f1o, este \u00faltimo es uno de los m\u00e1s solicitados desde que abr\u00ed la librer\u00eda.<\/em><\/p>\n<p style=\"text-align: justify\"><em>Una vez me pidieron un &#8222;Curso de Milagros&#8220;. Me acuerdo porque era un libro car\u00edsimo y porque hab\u00edamos anotado mal el tel\u00e9fono de la cliente. El libro estuvo aqu\u00ed dos meses y ya pensaba que me lo iba a tener que tragar. Finalmente, recibimos milagrosamente [risas] una llamada de la persona que lo hab\u00eda encargado que vino a recogerlo.<\/em><\/p>\n<p style=\"text-align: justify\">LD: Una parte importante de tu trabajo te obliga a preparar las presentaciones de libros que tienen lugar all\u00ed. Como presentadora, \u00bfc\u00f3mo te preparas, cu\u00e1nto tiempo le dedicas y c\u00f3mo lo afrontas cuando los libros no te entusiasman tanto a ti personalmente, sino que lo haces porque puede interesar al p\u00fablico de la Rayuela?<\/p>\n<p style=\"text-align: justify\"><a href=\"https:\/\/blogs.fu-berlin.de\/letrasendanza\/files\/2015\/07\/Margarita-delante-de-la-librer\u00eda.jpg\"><img loading=\"lazy\" decoding=\"async\" class=\"alignleft size-full wp-image-1348\" src=\"https:\/\/blogs.fu-berlin.de\/letrasendanza\/files\/2015\/07\/Margarita-delante-de-la-librer\u00eda.jpg\" alt=\"Margarita delante de la librer\u00eda\" width=\"190\" height=\"142\" \/><\/a>M: <em>Intento no hacer presentaciones de libros que no me gustan. Ha habido alg\u00fan caso, sobre todo por insistencia de los autores, en que fij\u00e1bamos la fecha de la presentaci\u00f3n antes de haber llegado siquiera el libro. Y cuando lo recib\u00eda y ve\u00eda que no me gustaba ya era demasiado tarde. En ese caso, intento buscar alg\u00fan tema que sea interesante tanto para m\u00ed como para el p\u00fablico en general. Depende mucho de los autores. Hay gente que tiene mucho ego y solo quiere tener un podio donde poder estar y eso no ayuda para nada. Otras veces te llevas una sorpresa agradable porque, aunque el libro no te haya convencido, la persona tiene mucho don de gentes y resulta interesante o\u00edrle explicar sus motivos para escribir el libro y lo que significa escribir estando rodeado de otro idioma que no es el suyo como les pasa aqu\u00ed. A todos nos une el hablar castellano en Berl\u00edn y eso siempre se puede sacar como un denominador com\u00fan. Pero la gran mayor\u00eda de las veces, las presentaciones son cosas que a m\u00ed me han gustado y entonces todo resulta mucho m\u00e1s f\u00e1cil. Desde el momento en que hay entusiasmo tambi\u00e9n eso se lo contagias al p\u00fablico y me lo paso bien. Lo preparo ley\u00e9ndomelo y no me cuesta nada hacer preguntas, tanto a nivel de texto como a nivel personal, porque soy una persona muy curiosa.<\/em><\/p>\n<h2 style=\"text-align: center\"><strong>Perspectivas de futuro<\/strong><\/h2>\n<p style=\"text-align: justify\">LD: Actualmente, Berl\u00edn cuenta con una comunidad hispanohablante importante que va en aumento. Que yo sepa, hay ya dos librer\u00edas de espa\u00f1ol en la ciudad.\u00bfEn qu\u00e9 medida influye ese hecho en el concepto de la librer\u00eda y si se nota que las nuevas generaciones tienen otros deseos?<\/p>\n<p style=\"text-align: justify\">M: <em>La mayor\u00eda de la gente que llega huyendo de la crisis en Espa\u00f1a no tiene mucho dinero ni un trabajo estable aqu\u00ed. Noto que viene otra gente, pero tampoco tanto. Se nota quiz\u00e1 en alguna presentaci\u00f3n que viene gente m\u00e1s joven. En general, creo que s\u00ed ha cambiado la forma de acceder a la gente, lo de facebook es de hace tres o cuatro a\u00f1os. Es una labor diaria, pero sigue siendo importante el contacto por email y el hecho de hacer presentaciones de actividades culturales como punto de encuentro para que la gente se sienta a gusto y venga.<\/em><\/p>\n<p style=\"text-align: justify\">LD: El avance del libro digital e internet supone una revoluci\u00f3n en la forma de leer a que est\u00e1bamos acostumbrados con el libro en papel. \u00bfTe preocupa su avance? \u00bfCrees que podr\u00e1n convivir los dos formatos a largo plazo?<\/p>\n<p style=\"text-align: justify\">M: <em>Habla mucho la gente del avance del libro electr\u00f3nico, pero yo en mi d\u00eda a d\u00eda no lo noto. Tampoco vendo libros electr\u00f3nicos aqu\u00ed. No es que crea que no tenga su derecho de existencia. No reniego de \u00e9l, pero no es mi formato ni me ocupo de eso. Quiz\u00e1 es una visi\u00f3n simplista decir: \u201clo que no conozco, no existe\u201c, pero s\u00ed creo que van a coexistir esos dos formatos. Me cuesta mucho imaginarme que no exista el libro en papel, de hecho tambi\u00e9n para los ni\u00f1os. Es muy importante el libro como objeto y no que tengan una pantalla desde beb\u00e9s, aunque all\u00ed tambi\u00e9n se puedan hacer cosas importantes. El libro en papel aporta otras cosas que las pantallas no van a poder aportar: el olor, lo f\u00edsico, el que te tengas que mover, que tenga un peso el objeto, el que la p\u00e1gina se pueda romper, o sea, se pueda morder. Eso lo haces con un objeto real, no con el objeto que es soporte de algo. Algo que me asusta es que para justificarlo hablen de lo mucho que aprenden con ordenadores, ipods o lo que sea, porque <strong>los libros tambi\u00e9n son para aprender en el sentido de coger en mano el mundo y las historias<\/strong>. Para eso no necesito responder las preguntas que me haga una pantalla con voz desagradable. Lo importante est\u00e1 en escuchar la voz de otra persona que te est\u00e1 leyendo, el interactuar con ella o t\u00fa misma con el libro. Espero que eso se pueda mantener durante mucho tiempo.<\/em><\/p>\n<p style=\"text-align: justify\">LD: \u00bfD\u00f3nde te ves de aqu\u00ed a diez a\u00f1os?<\/p>\n<p><a href=\"https:\/\/blogs.fu-berlin.de\/letrasendanza\/files\/2015\/07\/Luis-Aar\u00f3n-autor-de-la-entrevista-en-el-bar-de-La-Rayuela.jpg\"><img loading=\"lazy\" decoding=\"async\" class=\"alignleft size-full wp-image-1347\" src=\"https:\/\/blogs.fu-berlin.de\/letrasendanza\/files\/2015\/07\/Luis-Aar\u00f3n-autor-de-la-entrevista-en-el-bar-de-La-Rayuela.jpg\" alt=\"Luis Aar\u00f3n, autor de la entrevista, en el bar de La Rayuela\" width=\"142\" height=\"190\" \/><\/a><\/p>\n<p style=\"text-align: justify\"><em>A veces me veo en la librer\u00eda. Otras veces me veo vendiendo pasteles en alguna panader\u00eda, y otras veces en alg\u00fan centro literario como empleada porque es muy agotador el hecho de ser aut\u00f3noma, ser responsable de todo, ver c\u00f3mo llegas a fin de mes, no tener vacaciones ni enfermedades pagadas y todo eso. Depender\u00e1 de las fuerzas y de c\u00f3mo siga desarroll\u00e1ndose todo el donde estar\u00e9 en diez a\u00f1os.<\/em><\/p>\n<\/blockquote>\n<p>&nbsp;<\/p>\n<p>&nbsp;<\/p>\n","protected":false},"excerpt":{"rendered":"<p>PASI\u00d3N POR LOS LIBROS La librer\u00eda La Rayuela ya es conocida entre nuestros lectores de Letras en Danza. En esta ocasi\u00f3n hemos podido entrevistar a su propietaria, Margarita Ruby, que nos ha contado m\u00e1s cosas acerca de la librer\u00eda y de las actividades que all\u00ed se llevan a cabo. Su pasi\u00f3n por los libros se [&hellip;]<\/p>\n","protected":false},"author":74,"featured_media":0,"comment_status":"open","ping_status":"open","sticky":false,"template":"","format":"standard","meta":{"footnotes":""},"categories":[9,17905],"tags":[18063],"class_list":["post-1236","post","type-post","status-publish","format-standard","hentry","category-allgemein","category-leer","tag-mas-que-palabras"],"_links":{"self":[{"href":"https:\/\/blogs.fu-berlin.de\/letrasendanza\/wp-json\/wp\/v2\/posts\/1236","targetHints":{"allow":["GET"]}}],"collection":[{"href":"https:\/\/blogs.fu-berlin.de\/letrasendanza\/wp-json\/wp\/v2\/posts"}],"about":[{"href":"https:\/\/blogs.fu-berlin.de\/letrasendanza\/wp-json\/wp\/v2\/types\/post"}],"author":[{"embeddable":true,"href":"https:\/\/blogs.fu-berlin.de\/letrasendanza\/wp-json\/wp\/v2\/users\/74"}],"replies":[{"embeddable":true,"href":"https:\/\/blogs.fu-berlin.de\/letrasendanza\/wp-json\/wp\/v2\/comments?post=1236"}],"version-history":[{"count":12,"href":"https:\/\/blogs.fu-berlin.de\/letrasendanza\/wp-json\/wp\/v2\/posts\/1236\/revisions"}],"predecessor-version":[{"id":1352,"href":"https:\/\/blogs.fu-berlin.de\/letrasendanza\/wp-json\/wp\/v2\/posts\/1236\/revisions\/1352"}],"wp:attachment":[{"href":"https:\/\/blogs.fu-berlin.de\/letrasendanza\/wp-json\/wp\/v2\/media?parent=1236"}],"wp:term":[{"taxonomy":"category","embeddable":true,"href":"https:\/\/blogs.fu-berlin.de\/letrasendanza\/wp-json\/wp\/v2\/categories?post=1236"},{"taxonomy":"post_tag","embeddable":true,"href":"https:\/\/blogs.fu-berlin.de\/letrasendanza\/wp-json\/wp\/v2\/tags?post=1236"}],"curies":[{"name":"wp","href":"https:\/\/api.w.org\/{rel}","templated":true}]}}