{"id":1264,"date":"2015-05-05T14:49:40","date_gmt":"2015-05-05T14:49:40","guid":{"rendered":"https:\/\/blogs.fu-berlin.de\/letrasendanza\/?p=1264"},"modified":"2015-05-05T15:29:28","modified_gmt":"2015-05-05T15:29:28","slug":"una-historia-corta-con-colofon","status":"publish","type":"post","link":"https:\/\/blogs.fu-berlin.de\/letrasendanza\/2015\/05\/05\/una-historia-corta-con-colofon\/","title":{"rendered":"Apuntes con COLOF\u00d3N"},"content":{"rendered":"<blockquote>\n<p style=\"text-align: justify\">Las caracter\u00edsticas geogr\u00e1ficas m\u00e1s destacadas de las tierras que rodean <strong>Esmirna<\/strong> (Turqu\u00eda) son dos: lindan con el Mar Egeo -en la zona costera centro-occidental de Anatolia-, y adem\u00e1s, est\u00e1n ba\u00f1adas en las llanuras por los dos r\u00edos <strong>Meandros<\/strong>, que han dado significado al sustantivo &#8222;<span style=\"color: #ff6600\"><strong>meandro<\/strong><\/span>&#8222;: <em>Cada una de las curvas que describe el curso de un r\u00edo<\/em>.<\/p>\n<p style=\"text-align: justify\">A lo largo de los siglos, la costa de esta regi\u00f3n se ha ido transformando, pues la llanura ha ganado espacio al mar debido a los sedimentos de materiales transportados por el agua de los r\u00edos. Es el fen\u00f3meno que los ge\u00f3logos llaman <span style=\"color: #ff6600\"><strong><em>colmatar<\/em><\/strong><\/span>, galicismo que significa r<em>ellenar una hondonada o depresi\u00f3n del terreno mediante sedimentaci\u00f3n de materiales transportados por el agua<\/em>.<\/p>\n<p style=\"text-align: justify\">Una segunda caracter\u00edstica que da cohesi\u00f3n a esta <strong>zona costera<\/strong> del MEDITERR\u00c1NEO es que se trata de una regi\u00f3n hist\u00f3rica compuesta por los territorios m\u00e1s septentrionales de los asentamientos griegos. Aqu\u00ed encontramos las ciudades de la <strong>Liga J\u00f3nica<\/strong> (\u03a4\u1f78 \u039a\u03bf\u03b9\u03bd\u1f78\u03bd \u03c4\u1ff6\u03bd \u1f38\u03ce\u03bd\u03c9\u03bd), una especie de confederaci\u00f3n de doce (<em>dodeka<\/em>) ciudades (<em>polis<\/em>) que existi\u00f3 entre principios del siglo VII a.C. hasta aproximadamente el siglo V a. C.<\/p>\n<p style=\"text-align: justify\">La Liga J\u00f3nica estaba compuesta por 12 <em>polis<\/em>, a saber: Desplaz\u00e1ndonos de norte a sur, bordeando la costa turca del Egeo, se encuentran: Focea, Claz\u00f3menas, Eritras, Teos, L\u00e9bedos, <span style=\"color: #ff6600\"><strong>Colof\u00f3n<\/strong><\/span>, Efeso, Priene, Miunte, Mileto y las dos islas que hoy en d\u00eda pertenecen a Grecia\u00a0: Qu\u00edos y Samos. Muchas de estas ciudades ubicadas en la llanura de Meandros se ver\u00edan afectadas por las sedimentaciones del r\u00edo que las aislar\u00edan del mar.<\/p>\n<p style=\"text-align: justify\">Adem\u00e1s de tener en com\u00fan unos cultos religiosos similares (Apolo, Dem\u00e9ter, Cibeles, etc.), eran ciudades ricas en productos agr\u00edcolas de sus alrededores. Algunas de ellas destacaban por ser centros militares importantes, otras por ser centros comerciales, otras por haberse especializado en la navegaci\u00f3n. Ahora bien, lo que absolutamente todas ellas tienen en com\u00fan es que han perdido todo su esplendor: todas ellas son ruinas y pocos muy pocos muros y columnas se mantienen erguidos.<\/p>\n<p style=\"text-align: justify\">Sin duda alguna las ruinas m\u00e1s visitadas por turistas de todo el mundo son las de <strong>\u00c9feso<\/strong>, seguidas de las de <strong>Mileto<\/strong>. El resto de localidades antiguas es dif\u00edcil de encontrar o casi imposible. Una de las ciudades m\u00e1s grandes y ricas de la Liga era <span style=\"color: #ff6600\"><strong>Colof\u00f3n<\/strong><\/span>, la actual <strong><em>De\u011firmendere<\/em><\/strong>, que est\u00e1 situada entre Esmirna y \u00c9feso. De esta <em>polis <\/em>no se conservan casi restos, y de su puerto, <strong>Notio<\/strong>, ninguno. Pero lo que s\u00ed nos ha llegado hasta nuestros d\u00edas de esta <em>polis<\/em> son dos palabras: <span style=\"color: #ff6600\"><strong>colof\u00f3n y colofonia<\/strong><\/span>.<\/p>\n<p style=\"text-align: justify\">La segunda acepci\u00f3n de \u201ccolof\u00f3n\u201d que da el DRAE es \u201c<strong>Remate, final de un proceso<\/strong>\u201d, y est\u00e1 relacionada con hechos hist\u00f3ricos de esta ciudad de la Liga J\u00f3nica: La <em>polis <\/em>Colof\u00f3n dispon\u00eda de una buena marina y sobre todo una excelente caballer\u00eda; esta \u00faltima ten\u00eda fama de asegurar la victoria al bando por el que combat\u00eda. Plat\u00f3n dice que en las asambleas de las 12 ciudades j\u00f3nicas que se hac\u00edan en Panjonio, <span style=\"color: #ff6600\"><strong>cuando hab\u00eda empate, el voto de Colof\u00f3n era decisorio porque su voto val\u00eda el doble, porque Colof\u00f3n poblaba su ciudad y la de Esmirna<\/strong><\/span>.<\/p>\n<p style=\"text-align: justify\">En cuanto a la segunda palabra, la <span style=\"color: #ff6600\"><strong>colofonia<\/strong><\/span>, hay que saber que es una resina natural de color \u00e1mbar, tambi\u00e9n est\u00e1 directamente relacionada con la <em>polis <\/em><strong>Colof\u00f3n<\/strong>. Esta resina sale del <em>Pinus sylvestri<\/em>, es una resina l\u00edquida, llamada pityne, o seca, la peukine. Ambas se importaban de la <strong>tierra de Colofonia<\/strong>, por eso tambi\u00e9n se la llama <strong>resina colofonia<\/strong>. Se emplea, entre otras cosas, para dar adherencia al arco de algunos <strong>instrumentos de cuerda<\/strong>. Tambi\u00e9n el chicle (del n\u00e1huatl <em>tzictli<\/em>) o goma de mascar es fundamentalmente colofonia.<\/p>\n<p><a href=\"https:\/\/blogs.fu-berlin.de\/letrasendanza\/files\/2015\/05\/Portada_Epicuro-100x154.png\"><img loading=\"lazy\" decoding=\"async\" class=\"alignright size-full wp-image-1266\" src=\"https:\/\/blogs.fu-berlin.de\/letrasendanza\/files\/2015\/05\/Portada_Epicuro-100x154.png\" alt=\"Portada_Epicuro-100x154\" width=\"100\" height=\"154\" \/><\/a>La excelente editorial de Madrid <span style=\"color: #0000ff\"><strong><a href=\"https:\/\/www.erratanaturae.com\/\" target=\"_blank\">errata naturae<\/a><\/strong><\/span>, es la que produce -a mi entender y el de Luis Aar\u00f3n, que me presta sus libros de filosof\u00eda &#8211; los <span style=\"color: #0000ff\"><strong>mejores colofones<\/strong><span style=\"color: #000000\"> que conocemos<\/span><\/span>.<\/p>\n<p>Aqu\u00ed copio el m\u00e1s especial porque el sustantivo colof\u00f3n est\u00e1 puesto en relaci\u00f3n con la ciudad que le da nombre y con el colof\u00f3n al que pertenece:<\/p>\n<p style=\"text-align: justify\"><span style=\"color: #993300\">&#8222;<em>Filosof\u00eda para la felicidad<\/em> es el decimoquinto libro de la colecci\u00f3n <em>La muchacha de dos cabezas<\/em>. Compuesto en tipos Dante, se termin\u00f3 de imprimir en los talleres de KADMOS por cuenta de ERRATA NATURAE EDITORES en septiembre de dos mil trece, unos dos mil trescientos y pico a\u00f1os despu\u00e9s de que la familia de Epicuro se trasladara a vivir a Colof\u00f3n y unos cinco a\u00f1os despu\u00e9s de que yo empezara a escribir cada uno de los colofones de esta editorial, deseando desde entonces encontrar la oportunidad de hablar de la antigua ciudad de Colof\u00f3n, que desapareci\u00f3 sin dejar vestigio alguno y de la cual, si exceptuamos su ingente producci\u00f3n de resina de pino, poco hay que destacar, la verdad&#8220;.<\/span><\/p>\n<p style=\"text-align: right\">El autor de este texto (la cita en marr\u00f3n) es editor de Errana Naturae, persona a la que felicito por su gusto exquisito, su sentido del humor y por mirar m\u00e1s all\u00e1 de las palabras.<\/p>\n<p style=\"text-align: right\">Mar\u00eda Jes\u00fas Beltr\u00e1n Brotons<\/p>\n<p style=\"text-align: right\">\n<\/blockquote>\n<p>&nbsp;<\/p>\n","protected":false},"excerpt":{"rendered":"<p>Las caracter\u00edsticas geogr\u00e1ficas m\u00e1s destacadas de las tierras que rodean Esmirna (Turqu\u00eda) son dos: lindan con el Mar Egeo -en la zona costera centro-occidental de Anatolia-, y adem\u00e1s, est\u00e1n ba\u00f1adas en las llanuras por los dos r\u00edos Meandros, que han dado significado al sustantivo &#8222;meandro&#8222;: Cada una de las curvas que describe el curso de [&hellip;]<\/p>\n","protected":false},"author":74,"featured_media":0,"comment_status":"open","ping_status":"open","sticky":false,"template":"","format":"standard","meta":{"footnotes":""},"categories":[9,17719],"tags":[18063],"class_list":["post-1264","post","type-post","status-publish","format-standard","hentry","category-allgemein","category-comentar","tag-mas-que-palabras"],"_links":{"self":[{"href":"https:\/\/blogs.fu-berlin.de\/letrasendanza\/wp-json\/wp\/v2\/posts\/1264","targetHints":{"allow":["GET"]}}],"collection":[{"href":"https:\/\/blogs.fu-berlin.de\/letrasendanza\/wp-json\/wp\/v2\/posts"}],"about":[{"href":"https:\/\/blogs.fu-berlin.de\/letrasendanza\/wp-json\/wp\/v2\/types\/post"}],"author":[{"embeddable":true,"href":"https:\/\/blogs.fu-berlin.de\/letrasendanza\/wp-json\/wp\/v2\/users\/74"}],"replies":[{"embeddable":true,"href":"https:\/\/blogs.fu-berlin.de\/letrasendanza\/wp-json\/wp\/v2\/comments?post=1264"}],"version-history":[{"count":11,"href":"https:\/\/blogs.fu-berlin.de\/letrasendanza\/wp-json\/wp\/v2\/posts\/1264\/revisions"}],"predecessor-version":[{"id":1276,"href":"https:\/\/blogs.fu-berlin.de\/letrasendanza\/wp-json\/wp\/v2\/posts\/1264\/revisions\/1276"}],"wp:attachment":[{"href":"https:\/\/blogs.fu-berlin.de\/letrasendanza\/wp-json\/wp\/v2\/media?parent=1264"}],"wp:term":[{"taxonomy":"category","embeddable":true,"href":"https:\/\/blogs.fu-berlin.de\/letrasendanza\/wp-json\/wp\/v2\/categories?post=1264"},{"taxonomy":"post_tag","embeddable":true,"href":"https:\/\/blogs.fu-berlin.de\/letrasendanza\/wp-json\/wp\/v2\/tags?post=1264"}],"curies":[{"name":"wp","href":"https:\/\/api.w.org\/{rel}","templated":true}]}}