{"id":1388,"date":"2016-02-20T12:36:10","date_gmt":"2016-02-20T12:36:10","guid":{"rendered":"https:\/\/blogs.fu-berlin.de\/letrasendanza\/?p=1388"},"modified":"2020-06-04T08:27:47","modified_gmt":"2020-06-04T08:27:47","slug":"celebracion-de-la-fantasia-de-eduardo-galeano","status":"publish","type":"post","link":"https:\/\/blogs.fu-berlin.de\/letrasendanza\/2016\/02\/20\/celebracion-de-la-fantasia-de-eduardo-galeano\/","title":{"rendered":"Celebraci\u00f3n de la fantas\u00eda, de Eduardo Galeano"},"content":{"rendered":"<blockquote>\n<p style=\"text-align: justify\"><strong>Leer<\/strong>, no solamente <a href=\"https:\/\/narrativaypoesia.wordpress.com\/2010\/10\/17\/celebracion-de-la-fantasia\/\" target=\"_blank\" rel=\"noopener\">este breve texto del escritor uruguayo Eduarno Galeano<\/a>, sino en general, sirve para desarrollar habilidades mentales y nuestra fantas\u00eda. El t\u00edtulo de la historia <em><strong>Celebraci\u00f3n de la fantas\u00eda<\/strong>\u00a0<\/em>es una buena respuesta a la pregunta para qu\u00e9 sirve leer.<\/p>\n<p style=\"text-align: justify\">La lectura celebra fantas\u00eda y esta historia en particular, ya que no trata solamente de un ni\u00f1o imaginativo, sino de un ni\u00f1o que imagina sus sue\u00f1os con imperfecciones. Eso es lo que hace la historia digna de ser le\u00edda porque hace falta ser valiente para ver las posibles imperfecciones de nuestros sue\u00f1os y a\u00fan as\u00ed seguir so\u00f1ando con ellos.<\/p>\n<pre><strong>Ivana Malba\u0161i\u0107\r\nEstudiante de Filolog\u00eda Hisp\u00e1nica, Cine y Arte \r\nen la Freie Universit\u00e4t Berlin\r\n\r\n<a href=\"https:\/\/blogs.fu-berlin.de\/letrasendanza\/files\/2016\/02\/P1010009.jpg\"><img loading=\"lazy\" decoding=\"async\" class=\" size-medium wp-image-1398 alignright\" src=\"https:\/\/blogs.fu-berlin.de\/letrasendanza\/files\/2016\/02\/P1010009-225x300.jpg\" alt=\"P1010009\" width=\"225\" height=\"300\" srcset=\"https:\/\/blogs.fu-berlin.de\/letrasendanza\/files\/2016\/02\/P1010009-225x300.jpg 225w, https:\/\/blogs.fu-berlin.de\/letrasendanza\/files\/2016\/02\/P1010009-768x1024.jpg 768w, https:\/\/blogs.fu-berlin.de\/letrasendanza\/files\/2016\/02\/P1010009.jpg 1536w\" sizes=\"auto, (max-width: 225px) 100vw, 225px\" \/><\/a>\r\n<\/strong><\/pre>\n<\/blockquote>\n","protected":false},"excerpt":{"rendered":"<p>Leer, no solamente este breve texto del escritor uruguayo Eduarno Galeano, sino en general, sirve para desarrollar habilidades mentales y nuestra fantas\u00eda. El t\u00edtulo de la historia Celebraci\u00f3n de la fantas\u00eda\u00a0es una buena respuesta a la pregunta para qu\u00e9 sirve leer. La lectura celebra fantas\u00eda y esta historia en particular, ya que no trata solamente [&hellip;]<\/p>\n","protected":false},"author":74,"featured_media":0,"comment_status":"open","ping_status":"open","sticky":false,"template":"","format":"standard","meta":{"footnotes":""},"categories":[9,17719,18079],"tags":[18064,18063],"class_list":["post-1388","post","type-post","status-publish","format-standard","hentry","category-allgemein","category-comentar","category-estudiantes","tag-cuentos","tag-mas-que-palabras"],"_links":{"self":[{"href":"https:\/\/blogs.fu-berlin.de\/letrasendanza\/wp-json\/wp\/v2\/posts\/1388","targetHints":{"allow":["GET"]}}],"collection":[{"href":"https:\/\/blogs.fu-berlin.de\/letrasendanza\/wp-json\/wp\/v2\/posts"}],"about":[{"href":"https:\/\/blogs.fu-berlin.de\/letrasendanza\/wp-json\/wp\/v2\/types\/post"}],"author":[{"embeddable":true,"href":"https:\/\/blogs.fu-berlin.de\/letrasendanza\/wp-json\/wp\/v2\/users\/74"}],"replies":[{"embeddable":true,"href":"https:\/\/blogs.fu-berlin.de\/letrasendanza\/wp-json\/wp\/v2\/comments?post=1388"}],"version-history":[{"count":8,"href":"https:\/\/blogs.fu-berlin.de\/letrasendanza\/wp-json\/wp\/v2\/posts\/1388\/revisions"}],"predecessor-version":[{"id":1553,"href":"https:\/\/blogs.fu-berlin.de\/letrasendanza\/wp-json\/wp\/v2\/posts\/1388\/revisions\/1553"}],"wp:attachment":[{"href":"https:\/\/blogs.fu-berlin.de\/letrasendanza\/wp-json\/wp\/v2\/media?parent=1388"}],"wp:term":[{"taxonomy":"category","embeddable":true,"href":"https:\/\/blogs.fu-berlin.de\/letrasendanza\/wp-json\/wp\/v2\/categories?post=1388"},{"taxonomy":"post_tag","embeddable":true,"href":"https:\/\/blogs.fu-berlin.de\/letrasendanza\/wp-json\/wp\/v2\/tags?post=1388"}],"curies":[{"name":"wp","href":"https:\/\/api.w.org\/{rel}","templated":true}]}}