{"id":1424,"date":"2016-06-19T22:07:57","date_gmt":"2016-06-19T22:07:57","guid":{"rendered":"https:\/\/blogs.fu-berlin.de\/letrasendanza\/?p=1424"},"modified":"2016-06-19T22:07:57","modified_gmt":"2016-06-19T22:07:57","slug":"de-lo-que-es-capaz-un-jamon","status":"publish","type":"post","link":"https:\/\/blogs.fu-berlin.de\/letrasendanza\/2016\/06\/19\/de-lo-que-es-capaz-un-jamon\/","title":{"rendered":"De lo que es capaz un jam\u00f3n"},"content":{"rendered":"<blockquote>\n<h4 style=\"text-align: justify\"><span style=\"color: #008000\"><em><strong>Un d\u00eda, por estas fechas, lleg\u00f3 a casa de alg\u00fan modo inexplicable un jam\u00f3n. Su presencia produjo en la familia un choque emocional indescriptible<\/strong><\/em>.<\/span><\/h4>\n<p style=\"text-align: justify\">As\u00ed da comienzo el <em><span style=\"color: #000080\"><strong>Cuento de Navidad<\/strong><\/span><\/em> de <span style=\"color: #000080\"><strong>Juan Jos\u00e9 Mill\u00e1s<\/strong><\/span>,\u00a0que la profesora <a href=\"https:\/\/www.fcsh.unl.pt\/faculdade\/docentes\/bmoriano\" target=\"_blank\">Beatriz Moriano, de la Universidade Nova de Lisboa<\/a> nos present\u00f3 el 13 de junio pasado en las aulas de la Freie Universit\u00e4t y que usted puede disfrutar -escuch\u00e1ndolo- cliqueando <a href=\"https:\/\/www.youtube.com\/watch?v=uayIhV2yt9Q\" target=\"_blank\">aqu\u00ed<\/a>.<\/p>\n<p style=\"text-align: justify\">Pues bien, despu\u00e9s de una animada discusi\u00f3n entre estudiantes de Filolog\u00eda Hisp\u00e1nica y la profesora Beatriz Moriano sobre el valor fundamental o fundamentalista del jam\u00f3n como producto gastron\u00f3mico estrella, nos<em> saltamos a la torera<\/em> los naturales recelos y las acerbas, incisivas y rigurosas protestas de una estudiante vegetariana, y se dio paso a la actividad creativa propuesta por Beatriz, a saber: reescribir (inventar) el cuento ofreciendo una nueva visi\u00f3n al cambiar la perspectiva de narraci\u00f3n.<\/p>\n<p style=\"text-align: justify\">Ofrecemos aqu\u00ed un buen ejemplo de la pericia, imaginaci\u00f3n y buen hacer de los estudiantes de la FU. En este caso escribe (inventa) Tim:<\/p>\n<\/blockquote>\n<blockquote>\n<h2 style=\"text-align: center\"><span style=\"color: #800080\"><strong>Pensamientos de un jam\u00f3n pudri\u00e9ndose<\/strong><\/span><\/h2>\n<p style=\"text-align: justify\">Ahora cuelgo aqu\u00ed. Del techo. La etapa en la vida de un jam\u00f3n de pata negra en la cual tiene que madurar es la m\u00e1s aburrida, pura espera, paciencia, nada de interactuar, pero mi situaci\u00f3n ahora a\u00fan es peor.<\/p>\n<p style=\"text-align: justify\">Ya llevo mucho tiempo colgando, he madurado lo suficiente como para llamarme un verdadero jam\u00f3n de pata negra, hasta ya me considero un jam\u00f3n anciano y empiezo a sentir los estragos del tiempo en mi carne propia, sin embargo lo m\u00e1ximo que hicieron hasta ahora fue bajarme una \u00fanica vez de mi cadena que me ata al techo para presentarme con mucho orgullo ante algunas personas que no parecen pertenecer a la familia que me posee. Y para despu\u00e9s subirme de nuevo al techo. \u00a1\u00bfQu\u00e9 carajo?!<\/p>\n<p style=\"text-align: justify\">\u00bfEs que no saben cu\u00e1l es el \u00fanico motivo que justifica la existencia de un jam\u00f3n de pata negra?<\/p>\n<p style=\"text-align: justify\">El de ser <em>consumido<\/em>, comido, metido por la boca, tragado, para ofrecerles a sus consumidores su gran sabor incopiable que ya le ha gustado a tanta gente.<\/p>\n<p style=\"text-align: justify\">Despu\u00e9s de todo, los \u00fanicos que parecen haber entendido mi valor en este mundo son los ni\u00f1os. Siento sus miradas ansiosas, su voluntad por comerme y saborear mi carne jugosa y, a fin de cuentas, por salvarme de mi deber terrestre de ofrecerles mi gran sabor a los seres humanos.<\/p>\n<p style=\"text-align: justify\">Pero sigo colgado aqu\u00ed. Creo que la autoridad sobre la decisi\u00f3n de cuando comerme no est\u00e1 en las manos de los que la merecer\u00edan, sino en las de una entidad malvada que impide, con \u00e9xito, a los dem\u00e1s consumirme y eximirme de mi obligaci\u00f3n. En el fondo, ella, como es tan malvada, pretende dejarme pudrir hasta que yo deje de ser un s\u00edmbolo de buen gusto, prosperidad y fecundidad, y me haya convertido en un trozo corrompido que sirve para demostrar el poder de esta entidad maligna.<\/p>\n<p style=\"text-align: justify\">Ya percibo las moscas a las que sirvo de semillero para sus huevecillos. No falta mucho para que la entidad malvada pueda considerar su objetivo como cumplido&#8230;.<\/p>\n<h4 style=\"text-align: right\"><span style=\"color: #008000\"><strong>Tim Slawisch<\/strong><\/span><em>, <\/em><span style=\"color: #008000\">estudiante de Filolog\u00eda Hisp\u00e1nica en la Freie Universit\u00e4t Berlin<em><br \/>\n<\/em><em><br \/>\n<\/em>Aufbaumodul III-Beltr\u00e1n Kurs Nr.54528. Fecha de entrega: <em>\u00a0<\/em>13.06.2016<\/span><em><br \/>\n<\/em><\/h4>\n<\/blockquote>\n<p>&nbsp;<\/p>\n<p>&nbsp;<\/p>\n<p>&nbsp;<\/p>\n","protected":false},"excerpt":{"rendered":"<p>Un d\u00eda, por estas fechas, lleg\u00f3 a casa de alg\u00fan modo inexplicable un jam\u00f3n. Su presencia produjo en la familia un choque emocional indescriptible. As\u00ed da comienzo el Cuento de Navidad de Juan Jos\u00e9 Mill\u00e1s,\u00a0que la profesora Beatriz Moriano, de la Universidade Nova de Lisboa nos present\u00f3 el 13 de junio pasado en las aulas [&hellip;]<\/p>\n","protected":false},"author":74,"featured_media":0,"comment_status":"open","ping_status":"open","sticky":false,"template":"","format":"standard","meta":{"footnotes":""},"categories":[18079],"tags":[],"class_list":["post-1424","post","type-post","status-publish","format-standard","hentry","category-estudiantes"],"_links":{"self":[{"href":"https:\/\/blogs.fu-berlin.de\/letrasendanza\/wp-json\/wp\/v2\/posts\/1424","targetHints":{"allow":["GET"]}}],"collection":[{"href":"https:\/\/blogs.fu-berlin.de\/letrasendanza\/wp-json\/wp\/v2\/posts"}],"about":[{"href":"https:\/\/blogs.fu-berlin.de\/letrasendanza\/wp-json\/wp\/v2\/types\/post"}],"author":[{"embeddable":true,"href":"https:\/\/blogs.fu-berlin.de\/letrasendanza\/wp-json\/wp\/v2\/users\/74"}],"replies":[{"embeddable":true,"href":"https:\/\/blogs.fu-berlin.de\/letrasendanza\/wp-json\/wp\/v2\/comments?post=1424"}],"version-history":[{"count":11,"href":"https:\/\/blogs.fu-berlin.de\/letrasendanza\/wp-json\/wp\/v2\/posts\/1424\/revisions"}],"predecessor-version":[{"id":1438,"href":"https:\/\/blogs.fu-berlin.de\/letrasendanza\/wp-json\/wp\/v2\/posts\/1424\/revisions\/1438"}],"wp:attachment":[{"href":"https:\/\/blogs.fu-berlin.de\/letrasendanza\/wp-json\/wp\/v2\/media?parent=1424"}],"wp:term":[{"taxonomy":"category","embeddable":true,"href":"https:\/\/blogs.fu-berlin.de\/letrasendanza\/wp-json\/wp\/v2\/categories?post=1424"},{"taxonomy":"post_tag","embeddable":true,"href":"https:\/\/blogs.fu-berlin.de\/letrasendanza\/wp-json\/wp\/v2\/tags?post=1424"}],"curies":[{"name":"wp","href":"https:\/\/api.w.org\/{rel}","templated":true}]}}