{"id":1496,"date":"2020-05-31T09:16:51","date_gmt":"2020-05-31T09:16:51","guid":{"rendered":"https:\/\/blogs.fu-berlin.de\/letrasendanza\/?p=1496"},"modified":"2020-05-31T09:16:51","modified_gmt":"2020-05-31T09:16:51","slug":"quien-ostenta-ejerce","status":"publish","type":"post","link":"https:\/\/blogs.fu-berlin.de\/letrasendanza\/2020\/05\/31\/quien-ostenta-ejerce\/","title":{"rendered":"Quien ostenta, ejerce"},"content":{"rendered":"<p><span style=\"color: #ffcc00\"><strong><u>Acotaci\u00f3n\u00a0<\/u><\/strong><\/span><a href=\"https:\/\/dle.rae.es\/ostentar\">Ostentar<\/a>: Mostrar o hacer patente algo.\u00a0<a href=\"https:\/\/dle.rae.es\/ejercer?m=form\">Ejercer<\/a>: Hacer uso de un derecho, capacidad o virtud<\/p>\n<h1 style=\"text-align: center\"><span style=\"color: #ffcc00\">Quien ostenta, ejerce<\/span><\/h1>\n<p><strong><em>Decorados<\/em><\/strong>, un imponente microrrelato de la autora <strong>Julia Otxoa<\/strong>, ha resultado ser uno de los textos m\u00e1s fruct\u00edferos que hemos cultivado en este <em>hortus conclusus<\/em> virtual que son las clases universitarias de espa\u00f1ol, en \u00e9poca de expansi\u00f3n Covid19.<\/p>\n<p>Lo expreso con cierto humor plagado de dolor, porque el tema &#8211; suicidios, desahucios &#8211; ya de por s\u00ed es aterrador: Abordarlo en esta etapa de confinamiento y crisis m\u00faltiples es como transformarse en volatinera nocturna sin focos circenses. Aqu\u00ed les dejo a solas, de momento, con el texto. T\u00f3menselo con serenidad:<\/p>\n<h2 style=\"text-align: center\"><span style=\"color: #0000ff\"><strong>Decorados<\/strong><\/span><\/h2>\n<h4><span style=\"color: #0000ff\">En aquellos d\u00edas, los desesperados, que eran los m\u00e1s, se arrojaban de ventanas y balcones, ante la inminente llegada del juez, que por impago de sus hipotecadas casas, ejecutaba de inmediato su desahucio.<\/span><\/h4>\n<h4><span style=\"color: #0000ff\">De este modo, la justicia para hacer cumplir la ley caminaba sobre cad\u00e1veres, en una ciudad de aspecto lunar en la que la autoridad hab\u00eda dado orden de colocar maniqu\u00edes en las terrazas de las cafeter\u00edas y en las butacas de cines y teatros para lograr un cierto aire de normalidad, una vaga sensaci\u00f3n de regreso a los luminosos d\u00edas del pasado y la abundancia.<\/span><\/h4>\n<p style=\"text-align: right\"><a href=\"http:\/\/juliaotxoa.net\/Blog\/\"><strong>Julia Otxoa<\/strong><\/a><\/p>\n<p><span style=\"color: #ffcc00\"><strong><u>Pre\u00e1mbulo<\/u><\/strong><\/span><\/p>\n<p>Antes de presentar a mis estudiantes el breve texto de ficci\u00f3n, nos acercamos en clase al delicado tema de los suicidios en relaci\u00f3n con desahucios. Reunimos y evaluamos informaciones -en diferentes formatos-, que buscamos y encontramos en la Red. Tuvimos la oportunidad de conocer diversas reacciones sociales; realizamos una clasificaci\u00f3n y descripci\u00f3n de formas de protesta ciudadana (plataformas, manifestaciones con pancartas, grafitis, actos p\u00fablicos y creativos, etc.); escuchamos <em>podcasts<\/em> sobre el tema; y por fin, relacionamos aquella crisis con la actual: la paralizaci\u00f3n de los desahucios ante el coronavirus.<\/p>\n<p>Fue un gran pre\u00e1mbulo que abarcaba la parte no visible del iceberg, considerando &#8211; repito-, que el texto del microrrelato est\u00e1 en la parte externa, y que lo que no vemos, pero conviene conocer, est\u00e1 en su zona oculta.<\/p>\n<p>Si aplicamos la <strong>visualizaci\u00f3n del octaedro<\/strong> (otro recurso sistem\u00e1tico que facilita el an\u00e1lisis), los resultados ser\u00edan m\u00e1s o menos los que apunto a continuaci\u00f3n. Pero les aviso de antemano que resultan a todas luces insuficientes para entender la complejidad de esta obra de arte de 99 palabras.<\/p>\n<p><span style=\"color: #ffcc00\"><strong><u>Octaedro <\/u><\/strong><\/span><\/p>\n<p><em>1.- <strong>Qu\u00e9 <\/strong>pasa<\/em>: Para recuperar cierta normalidad, una autoridad da orden de colocar maniqu\u00edes en espacios p\u00fablicos de una ciudad.<\/p>\n<p><em>2.- <strong>D\u00f3nde<\/strong> pasa<\/em>: En espacios p\u00fablicos -ciudad- y privados -viviendas-, en estas \u00faltimas en los puentes entre interior dom\u00e9stico y exterior p\u00fablico: ventanas y balcones.<\/p>\n<p><em>3.- <strong>Cu\u00e1ndo<\/strong> pasa<\/em>: En d\u00edas lejanos del pasado. La l\u00ednea cronol\u00f3gica o cabo del ovillo desenrollado empezar\u00eda en el pasado \u2013 <em>luminoso, de abundancia<\/em> \u2013, pasar\u00eda por un periodo \u2013 el\u00edptico en el micro \u2013 de crisis econ\u00f3mica, seguir\u00eda por la fase de desahucios simult\u00e1nea a los suicidios masivos, y concluir\u00eda con la decisi\u00f3n de quien detenta el poder de colocar maniqu\u00edes en espacios p\u00fablicos.<\/p>\n<p><em>4.- A <strong>qui\u00e9n<\/strong> le pasa<\/em>: A personas desesperadas porque se quedan sin vivienda. Aparecen tambi\u00e9n<\/p>\n<ol>\n<li>a) la figura del juez (an\u00f3nimo);<\/li>\n<li>b) la justicia y la autoridad;<\/li>\n<li>c) cad\u00e1veres y maniqu\u00edes.<\/li>\n<\/ol>\n<p>Es decir, por un lado, estar\u00edan los desesperados-cad\u00e1veres-maniqu\u00edes; por otro lado, el juez, la justicia, la autoridad: dos bloques diferenciados.<\/p>\n<p><em>5.- <strong>Perspectiva<\/strong> de narraci\u00f3n (desde qu\u00e9 voz se narra)<\/em>: tercera persona exterior a la historia.<\/p>\n<p><em>6.- Qu\u00e9 disposici\u00f3n y caracter\u00edsticas presentan los <strong>elementos l\u00e9xicos<\/strong><\/em>:<\/p>\n<p>Esta es, a mi entender y como profesora de lengua espa\u00f1ola, la parte m\u00e1s rica de la huerta:<\/p>\n<p>El micro consta de <strong>dos frases<\/strong> con subordinaci\u00f3n y aposici\u00f3n. Los <strong>tiempos verbales <\/strong>aparecen todos en pasado: pluscuamperfecto e imperfectos. Cada frase va introducida por elementos que dan <strong>cohesi\u00f3n<\/strong>: uno temporal &#8211;<em>En aquellos d\u00edas<\/em> &#8211; y el segundo consecutivo &#8211;<em>De este modo<\/em>. Los dos <strong>verbos<\/strong> principales (<em>arrojarse<\/em> y <em>caminar<\/em>) son de movimiento, uno vertical y el otro, en principio, horizontal. Los <strong>sustantivos<\/strong> pertenecen al \u00e1mbito de la vida cotidiana (<em>ventana, balc\u00f3n, casa, terraza, cafeter\u00eda, butaca, cine, teatro, d\u00eda, aire de normalidad, abundancia<\/em>); o bien se trata de sustantivos cuyo significado sem\u00e1ntico es muy espec\u00edfico, por ejemplo, desahucio (terreno l\u00e9xico abonado previamente en las clases del pre\u00e1mbulo).<\/p>\n<p>Entre las 99 palabras que configuran esta distop\u00eda, aparecen tres <strong>adjetivos antepuestos<\/strong>: <em>inminente llegada \/ hipotecadas casas \/ luminosos d\u00edas<\/em>. Destaca, asimismo, la <strong>cadencia r\u00edtmica,<\/strong> en dos fragmentos, marcada por el prefijo in- \/ im-: <em>Inminente, impago, inmediato<\/em>. Otra viene dada por el uso reiterativo de la preposici\u00f3n \u201cen\u201d: <em>En una ciudad, \u2026 en la que \u2026 en las terrazas \u2026 en las butacas \u2026<\/em><\/p>\n<p><span style=\"color: #ffcc00\"><u>Acotaci\u00f3n<\/u>:<\/span> <em>Ejecutar<\/em>. Mis estudiantes confundieron el significado de este verbo y pensaron al principio que el juez \u201cmataba\u201d a alguien. La desambiguaci\u00f3n es aqu\u00ed una necesidad perentoria.<\/p>\n<p><em>7.- C\u00f3mo es el <strong>final<\/strong><\/em>: El universo textual se clausura con la alusi\u00f3n a un pasado de d\u00edas luminosos y de abundancia.<\/p>\n<p><em>8.- Qu\u00e9 dice el <strong>t\u00edtulo<\/strong> en relaci\u00f3n con el resto<\/em>: El sustantivo <em>decorados<\/em> recuerda una escena teatral, artificial.<\/p>\n<p>Hasta aqu\u00ed la intensa concentraci\u00f3n en visualizar por separado diferentes aspectos de la narraci\u00f3n, desgaj\u00e1ndola, descuartiz\u00e1ndola. Pero resulta insuficiente.\u00a0El microrrelato de Julia Otxoa que nos ocupa hoy es mucho m\u00e1s que todo lo expuesto aqu\u00ed arriba. Cada aspecto provoca, exige, reclama una atenci\u00f3n plena especial. Nos vamos a centrar en dos.<\/p>\n<p><span style=\"color: #ffcc00\"><strong>LOS PERSONAJES:\u00a0<\/strong><\/span><strong>\u00a0<\/strong>Los<em> dramatis personae<\/em> de esta obra son poderes: juez, justicia, autoridad. Las personas que no ostentan ese poder se identifican o bien por una alteraci\u00f3n profunda del estado de \u00e1nimo (desesperaci\u00f3n) o bien por la ausencia total de vida (cad\u00e1veres).<\/p>\n<p><span style=\"color: #ffcc00\"><strong>EL T\u00cdTULO:\u00a0<\/strong><\/span>El sustantivo masculino <span style=\"color: #008080\"><em><u>decorado<\/u><\/em> <\/span>significa conjunto de elementos que se utilizan para crear un ambiente en un escenario. En esta definici\u00f3n disponemos de una alusi\u00f3n a lo artificial, es decir, lo producido por el ingenio humano. Una puesta en escena volitiva. Ahora bien, tirando del hilo de la etimolog\u00eda y remont\u00e1ndonos hasta el indoeuropeo encontramos que (lat.) <em>decus, decoris<\/em> -adorno, decencia- se asocia con la ra\u00edz indoeuropea *dek- (tomar, aceptar), que rastreamos en el griego \u201cdoxa\u201d= opini\u00f3n, doctrina, alabanza, gloria. De ah\u00ed nos quedan palabras como <em>dogma, ortodoxo, paradoja<\/em>, etc.<\/p>\n<p>Recordemos el hecho de que en <strong><em>Decorados<\/em><\/strong> los dos verbos centrales aparecen en pret\u00e9rito imperfecto: <em>se arrojaban<\/em>\u2026 <em>caminaba<\/em>\u2026, es decir, <strong>plasman<\/strong>, <strong>presentan un escenario<\/strong>, una circunstancia, no un acto concreto (no transmiten una acci\u00f3n puntual). \u00a0Combinamos ahora lo mencionado sobre el t\u00edtulo, desbrozando de tierra las ra\u00edces, con los actores de este drama; unimos ambos aspectos y nos atrevemos a formular la siguiente reflexi\u00f3n:<\/p>\n<p>En el microrrelato de Julia Otxoa titulado \u201cDecorados\u201d se presenta una sociedad deshumanizada, dist\u00f3pica, congelada en su devenir. Quien ostenta el poder determina ejecutar lo que a este le conviene: \u00a0mantener una apariencia de normalidad. Aqu\u00ed no pasa nada.\u00a0La lectura de este texto provoca una actividad inusitada en quien lo lee, una reacci\u00f3n por azote mental y emocional (\u201cno son suicidios, son homicidios\u201d): dispara o paraliza.<\/p>\n<p>Escribo \u201cparaliza\u201d porque fue la reacci\u00f3n que experiment\u00e9 mientras trabajaba &#8211; literalmente de forma virtual &#8211; con mis estudiantes y este microrrelato de Julia Otxoa. En esos d\u00edas me llegaron a Berl\u00edn im\u00e1genes que mis amigos de Madrid hab\u00edan captado desde sus balcones: una ciudad extra\u00f1amente vac\u00eda, fantasmag\u00f3rica. Una bendici\u00f3n, pens\u00e9, que a nadie se le ocurriera poner maniqu\u00edes apostados en plazas o esperando la luz verde del sem\u00e1foro.<\/p>\n<p><span style=\"color: #ffcc00\">COLOF\u00d3N:\u00a0<\/span>Dec\u00eda al principio de esta entrada que <strong><em>Decorados<\/em><\/strong> ha resultado ser uno de los textos <strong>m\u00e1s fruct\u00edferos<\/strong> y he guardado lo art\u00edstico y creativo para el final.\u00a0Mi <em>composici\u00f3n de lugar<\/em> es la siguiente: Colaborar con gente joven es enriquecedor, te alegras y revives a la vez que muestras tus propios caminos. Pues bien, Clara, hija de una compa\u00f1era m\u00eda de piso de la \u00e9poca de estudiantes en Salamanca &#8211; a\u00f1os 70 del siglo pasado &#8211; reside y trabaja en Berl\u00edn: le ped\u00ed que leyera <span style=\"color: #3366ff\"><strong><em>DECORADOS <\/em><\/strong><\/span>y que plasmara su lectura en una imagen. Les dejo aqu\u00ed con ella, hasta que veamos el primer domingo de junio de 2020 \u201cCierre de operaci\u00f3n\u201d (Itz\u00edar L\u00f3pez Guil) en la pr\u00f3xima entrada.<\/p>\n<p style=\"text-align: right\"><strong>Mar\u00eda Jes\u00fas Beltr\u00e1n Brotons<\/strong><\/p>\n<p>&nbsp;<\/p>\n<p style=\"text-align: center\"><a href=\"https:\/\/blogs.fu-berlin.de\/letrasendanza\/files\/2020\/05\/Clara-LUM_AN\u00d3NIMO-Mayo-2020.jpg\"><img loading=\"lazy\" decoding=\"async\" class=\"size-medium wp-image-1500 aligncenter\" src=\"https:\/\/blogs.fu-berlin.de\/letrasendanza\/files\/2020\/05\/Clara-LUM_AN\u00d3NIMO-Mayo-2020-225x300.jpg\" alt=\"\" width=\"225\" height=\"300\" srcset=\"https:\/\/blogs.fu-berlin.de\/letrasendanza\/files\/2020\/05\/Clara-LUM_AN\u00d3NIMO-Mayo-2020-225x300.jpg 225w, https:\/\/blogs.fu-berlin.de\/letrasendanza\/files\/2020\/05\/Clara-LUM_AN\u00d3NIMO-Mayo-2020-768x1024.jpg 768w\" sizes=\"auto, (max-width: 225px) 100vw, 225px\" \/><\/a><\/p>\n<p style=\"text-align: center\">An\u00f3nimo, de <a href=\"https:\/\/www.claralum.com\">Clara Lum,<\/a> Berl\u00edn, 2020<\/p>\n<p>Clara escribe:<\/p>\n<p>Para m\u00ed el arte es pensamiento y esencia, es una v\u00eda de liberaci\u00f3n, de canalizaci\u00f3n de los sentimientos m\u00e1s profundos que en ocasiones cuesta describir y que llevamos dentro sin darnos cuenta. En esta obra, busco representar la p\u00e9rdida de humanidad e identidad, el dualismo entre lo inerte y lo vivo, y el sentimiento de soledad y tristeza por un futuro incierto. Utilizando un elemento oscuro como es la tinta negra y el contraste con un color brillante y activo (amarillo) que pretende dar esperanza por un cambio que posiblemente no ocurra. He simbolizado la muerte con el azul, de nuevo ese contraste de labios carnosos pero fr\u00edos, congelados. Y siempre buscando la belleza visual de una realidad desoladora.<\/p>\n<p>&nbsp;<\/p>\n<p>Clara est\u00e1 en Instagram: clara_lum<\/p>\n<p>&nbsp;<\/p>\n","protected":false},"excerpt":{"rendered":"<p>Acotaci\u00f3n\u00a0Ostentar: Mostrar o hacer patente algo.\u00a0Ejercer: Hacer uso de un derecho, capacidad o virtud Quien ostenta, ejerce Decorados, un imponente microrrelato de la autora Julia Otxoa, ha resultado ser uno de los textos m\u00e1s fruct\u00edferos que hemos cultivado en este hortus conclusus virtual que son las clases universitarias de espa\u00f1ol, en \u00e9poca de expansi\u00f3n Covid19. [&hellip;]<\/p>\n","protected":false},"author":74,"featured_media":0,"comment_status":"open","ping_status":"open","sticky":false,"template":"","format":"standard","meta":{"footnotes":""},"categories":[9,18050,17719,18055,17905],"tags":[18065],"class_list":["post-1496","post","type-post","status-publish","format-standard","hentry","category-allgemein","category-analizar","category-comentar","category-explicar","category-leer","tag-microrrelatos"],"_links":{"self":[{"href":"https:\/\/blogs.fu-berlin.de\/letrasendanza\/wp-json\/wp\/v2\/posts\/1496","targetHints":{"allow":["GET"]}}],"collection":[{"href":"https:\/\/blogs.fu-berlin.de\/letrasendanza\/wp-json\/wp\/v2\/posts"}],"about":[{"href":"https:\/\/blogs.fu-berlin.de\/letrasendanza\/wp-json\/wp\/v2\/types\/post"}],"author":[{"embeddable":true,"href":"https:\/\/blogs.fu-berlin.de\/letrasendanza\/wp-json\/wp\/v2\/users\/74"}],"replies":[{"embeddable":true,"href":"https:\/\/blogs.fu-berlin.de\/letrasendanza\/wp-json\/wp\/v2\/comments?post=1496"}],"version-history":[{"count":22,"href":"https:\/\/blogs.fu-berlin.de\/letrasendanza\/wp-json\/wp\/v2\/posts\/1496\/revisions"}],"predecessor-version":[{"id":1520,"href":"https:\/\/blogs.fu-berlin.de\/letrasendanza\/wp-json\/wp\/v2\/posts\/1496\/revisions\/1520"}],"wp:attachment":[{"href":"https:\/\/blogs.fu-berlin.de\/letrasendanza\/wp-json\/wp\/v2\/media?parent=1496"}],"wp:term":[{"taxonomy":"category","embeddable":true,"href":"https:\/\/blogs.fu-berlin.de\/letrasendanza\/wp-json\/wp\/v2\/categories?post=1496"},{"taxonomy":"post_tag","embeddable":true,"href":"https:\/\/blogs.fu-berlin.de\/letrasendanza\/wp-json\/wp\/v2\/tags?post=1496"}],"curies":[{"name":"wp","href":"https:\/\/api.w.org\/{rel}","templated":true}]}}