{"id":1706,"date":"2020-08-21T07:26:55","date_gmt":"2020-08-21T07:26:55","guid":{"rendered":"https:\/\/blogs.fu-berlin.de\/letrasendanza\/?p=1706"},"modified":"2020-08-21T07:26:55","modified_gmt":"2020-08-21T07:26:55","slug":"el-agua-la-sed","status":"publish","type":"post","link":"https:\/\/blogs.fu-berlin.de\/letrasendanza\/2020\/08\/21\/el-agua-la-sed\/","title":{"rendered":"EL AGUA, LA SED"},"content":{"rendered":"\n<p class=\"has-background has-very-light-gray-background-color\">El calor del est\u00edo en estas \u00faltimas semanas nos invita a centrar nuestra atenci\u00f3n en un elemento, el agua, y una necesidad, la sed. Descubrimos con asombro varios pasajes literarios donde el agua adquiere vida propia y la sed desata la imaginaci\u00f3n. Ilustramos las citas literarias con hermosas fotos de Karsten Wittenbecher en las que el agua viste a la planta sin ocultar nada de su cuerpo. As\u00ed dejamos estas LETRAS EN DANZA en quietud, contemplaci\u00f3n y reposo hasta el oto\u00f1o.  <\/p>\n\n\n\n<p class=\"has-text-align-center\"><em><strong>Me paso mucho tiempo mirando el agua, y no s\u00e9 qu\u00e9 es<\/strong><\/em><\/p>\n\n\n\n<p>Esta es la cita de Santa Teresa que encabeza el libro de poemas de Antonio Carvajal titulado&nbsp;<strong><em>MIRADAS SOBRE EL AGUA<\/em><\/strong>&nbsp;(Ediciones Hiperi\u00f3n, Madrid, 1993).<\/p>\n\n\n\n<figure class=\"wp-block-image size-large\"><img loading=\"lazy\" decoding=\"async\" width=\"1024\" height=\"683\" src=\"https:\/\/blogs.fu-berlin.de\/letrasendanza\/files\/2020\/08\/P1360480-1024x683.jpg\" alt=\"\" class=\"wp-image-1724\" srcset=\"https:\/\/blogs.fu-berlin.de\/letrasendanza\/files\/2020\/08\/P1360480-1024x683.jpg 1024w, https:\/\/blogs.fu-berlin.de\/letrasendanza\/files\/2020\/08\/P1360480-300x200.jpg 300w, https:\/\/blogs.fu-berlin.de\/letrasendanza\/files\/2020\/08\/P1360480-768x512.jpg 768w, https:\/\/blogs.fu-berlin.de\/letrasendanza\/files\/2020\/08\/P1360480-1536x1024.jpg 1536w, https:\/\/blogs.fu-berlin.de\/letrasendanza\/files\/2020\/08\/P1360480-2048x1365.jpg 2048w\" sizes=\"auto, (max-width: 1024px) 100vw, 1024px\" \/><figcaption>\u00a9&nbsp;Karsten Wittenbecher<\/figcaption><\/figure>\n\n\n\n<p>La sed no se pregunta por el ser del agua. Necesita ser calmada, colmada y provoca estas im\u00e1genes:<\/p>\n\n\n\n<p class=\"has-text-color has-background has-vivid-red-color has-very-light-gray-background-color\">Y en la sed se le aparece el agua en todas sus im\u00e1genes: agua de hontaneda delgada y virgen;&nbsp;&nbsp;agua despedazada por los berrocales; agua de rambla, con guijas tibias de sol y adelfos rojos;&nbsp;&nbsp;agua celeste de alberc\u00f3n;&nbsp;&nbsp;agua de pozo,&nbsp;&nbsp;que siempre est\u00e1 esperando nuestra mirada;&nbsp;&nbsp;agua de surtidor,&nbsp;&nbsp;que sube solt\u00e1ndose entera en cada gota [\u2026 ]; agua hacendosa de molino; agua que se aprieta en los alcorques; agua de lluvia;&nbsp;&nbsp;agua de la pe\u00f1a a la boca como una miel mordida en la bresca\u2026&nbsp;<\/p>\n\n\n\n<p class=\"has-text-align-right\">Gabriel Mir\u00f3, <em><strong>A\u00f1os y leguas<\/strong><\/em>[1928], Libro RTV 69, Madrid 1970, p\u00e1g 90.<\/p>\n\n\n\n<p>&#8230;&#8230;&#8230;..<\/p>\n\n\n\n<p>En la p\u00e1gina 18 del libro de Antonio Carvajal citado al comienzo de esta entrada del est\u00edo berlin\u00e9s, el poeta enlaza estas palabras &#8211; evocando versos de Heine sobre el r\u00edo Genil &#8211;  en los tercetos finales del soneto:&nbsp;<\/p>\n\n\n\n<p>&#8230;&#8230;&#8230;&#8230;&#8230;<\/p>\n\n\n\n<p><\/p>\n\n\n\n<div class=\"wp-block-group\"><div class=\"wp-block-group__inner-container is-layout-flow wp-block-group-is-layout-flow\">\n<div class=\"wp-block-group\"><div class=\"wp-block-group__inner-container is-layout-flow wp-block-group-is-layout-flow\">\n<div class=\"wp-block-group\"><div class=\"wp-block-group__inner-container is-layout-flow wp-block-group-is-layout-flow\">\n<div class=\"wp-block-group\"><div class=\"wp-block-group__inner-container is-layout-flow wp-block-group-is-layout-flow\">\n<div class=\"wp-block-group\"><div class=\"wp-block-group__inner-container is-layout-flow wp-block-group-is-layout-flow\">\n<p>    <em>Das Herz hat seine Liebe<\/em>.&nbsp;\u00a1Qu\u00e9 iron\u00eda<\/p>\n\n\n\n<p>tener el alma demudada y fr\u00eda,&nbsp;<\/p>\n\n\n\n<p>evocar un poema en otra lengua<\/p>\n\n\n\n<p>    y ver que el agua por su cauce sigue<\/p>\n\n\n\n<p>y que caudal tan alto lo consigue<\/p>\n<\/div><\/div>\n\n\n\n<p>porque la nieve de los montes mengua!<\/p>\n<\/div><\/div>\n<\/div><\/div>\n<\/div><\/div>\n<\/div><\/div>\n\n\n\n<div class=\"wp-block-image\"><figure class=\"alignright size-large\"><img loading=\"lazy\" decoding=\"async\" width=\"1024\" height=\"683\" src=\"https:\/\/blogs.fu-berlin.de\/letrasendanza\/files\/2020\/08\/P1360495-1-1024x683.jpg\" alt=\"\" class=\"wp-image-1731\" srcset=\"https:\/\/blogs.fu-berlin.de\/letrasendanza\/files\/2020\/08\/P1360495-1-1024x683.jpg 1024w, https:\/\/blogs.fu-berlin.de\/letrasendanza\/files\/2020\/08\/P1360495-1-300x200.jpg 300w, https:\/\/blogs.fu-berlin.de\/letrasendanza\/files\/2020\/08\/P1360495-1-768x512.jpg 768w, https:\/\/blogs.fu-berlin.de\/letrasendanza\/files\/2020\/08\/P1360495-1-1536x1024.jpg 1536w, https:\/\/blogs.fu-berlin.de\/letrasendanza\/files\/2020\/08\/P1360495-1-2048x1365.jpg 2048w\" sizes=\"auto, (max-width: 1024px) 100vw, 1024px\" \/><figcaption>\u00a9&nbsp;Karsten Wittenbecher<\/figcaption><\/figure><\/div>\n\n\n\n<p>&#8230;&#8230;&#8230;&#8230;.<\/p>\n\n\n\n<p>Y as\u00ed dialoga el se\u00f1or Ahmed con Juan de Yepes en el cap\u00edtulo \u201cLa noria de Mancera\u201d de la novela de Jos\u00e9 Jim\u00e9nez Lozano, <em><strong>El mudejarillo<\/strong> <\/em>(Ed. Confluencias, 2019, p. 217):<\/p>\n\n\n\n<p>&#8230;&#8230;&#8230;&#8230;&#8230;<\/p>\n\n\n\n<div class=\"wp-block-group\"><div class=\"wp-block-group__inner-container is-layout-flow wp-block-group-is-layout-flow\">\n<div class=\"wp-block-group has-vivid-green-cyan-color has-text-color\"><div class=\"wp-block-group__inner-container is-layout-flow wp-block-group-is-layout-flow\">\n<div class=\"wp-block-group\"><div class=\"wp-block-group__inner-container is-layout-flow wp-block-group-is-layout-flow\">\n<p>&#8212; El agua, \u00bfeh? \u2013 dijo el se\u00f1or Ahmed.&nbsp;<\/p>\n\n\n\n<p>&#8211; El agua \u2013 dijo Juan.&nbsp;<\/p>\n\n\n\n<p>&#8211; El agua es as\u00ed de esquiva y absoluta y, como diga que no sube, no sube. Hay que entenderla \u2013 explic\u00f3 el se\u00f1or Ahmed.&nbsp;<\/p>\n<\/div><\/div>\n<\/div><\/div>\n<\/div><\/div>\n\n\n\n<p>&#8230;&#8230;&#8230;&#8230;<\/p>\n\n\n\n<p><\/p>\n\n\n\n<p class=\"has-text-align-right\">Con estas palabras del se\u00f1or Ahmed, personaje ficticio pero cercano por su sabidur\u00eda, sencillez y buen hacer, nos despedimos hasta el oto\u00f1o. <\/p>\n\n\n\n<p class=\"has-text-align-right\">Mar\u00eda Jes\u00fas Beltr\u00e1n<\/p>\n\n\n\n<p class=\"has-text-align-right\">Freie Universit\u00e4t Berlin<\/p>\n\n\n\n<p class=\"has-text-align-right\">Institut f\u00fcr Romanische Philologie<\/p>\n\n\n\n<p><\/p>\n","protected":false},"excerpt":{"rendered":"<p>El calor del est\u00edo en estas \u00faltimas semanas nos invita a centrar nuestra atenci\u00f3n en un elemento, el agua, y una necesidad, la sed. Descubrimos con asombro varios pasajes literarios donde el agua adquiere vida propia y la sed desata la imaginaci\u00f3n. Ilustramos las citas literarias con hermosas fotos de Karsten Wittenbecher en las que [&hellip;]<\/p>\n","protected":false},"author":74,"featured_media":0,"comment_status":"open","ping_status":"open","sticky":false,"template":"","format":"standard","meta":{"footnotes":""},"categories":[9,17905],"tags":[18063],"class_list":["post-1706","post","type-post","status-publish","format-standard","hentry","category-allgemein","category-leer","tag-mas-que-palabras"],"_links":{"self":[{"href":"https:\/\/blogs.fu-berlin.de\/letrasendanza\/wp-json\/wp\/v2\/posts\/1706","targetHints":{"allow":["GET"]}}],"collection":[{"href":"https:\/\/blogs.fu-berlin.de\/letrasendanza\/wp-json\/wp\/v2\/posts"}],"about":[{"href":"https:\/\/blogs.fu-berlin.de\/letrasendanza\/wp-json\/wp\/v2\/types\/post"}],"author":[{"embeddable":true,"href":"https:\/\/blogs.fu-berlin.de\/letrasendanza\/wp-json\/wp\/v2\/users\/74"}],"replies":[{"embeddable":true,"href":"https:\/\/blogs.fu-berlin.de\/letrasendanza\/wp-json\/wp\/v2\/comments?post=1706"}],"version-history":[{"count":36,"href":"https:\/\/blogs.fu-berlin.de\/letrasendanza\/wp-json\/wp\/v2\/posts\/1706\/revisions"}],"predecessor-version":[{"id":1752,"href":"https:\/\/blogs.fu-berlin.de\/letrasendanza\/wp-json\/wp\/v2\/posts\/1706\/revisions\/1752"}],"wp:attachment":[{"href":"https:\/\/blogs.fu-berlin.de\/letrasendanza\/wp-json\/wp\/v2\/media?parent=1706"}],"wp:term":[{"taxonomy":"category","embeddable":true,"href":"https:\/\/blogs.fu-berlin.de\/letrasendanza\/wp-json\/wp\/v2\/categories?post=1706"},{"taxonomy":"post_tag","embeddable":true,"href":"https:\/\/blogs.fu-berlin.de\/letrasendanza\/wp-json\/wp\/v2\/tags?post=1706"}],"curies":[{"name":"wp","href":"https:\/\/api.w.org\/{rel}","templated":true}]}}