{"id":1826,"date":"2020-11-21T07:23:11","date_gmt":"2020-11-21T07:23:11","guid":{"rendered":"https:\/\/blogs.fu-berlin.de\/letrasendanza\/?p=1826"},"modified":"2020-11-22T20:35:31","modified_gmt":"2020-11-22T20:35:31","slug":"laura-restrepo-apela","status":"publish","type":"post","link":"https:\/\/blogs.fu-berlin.de\/letrasendanza\/2020\/11\/21\/laura-restrepo-apela\/","title":{"rendered":"LAURA RESTREPO APELA"},"content":{"rendered":"\n<p>Un momento especial en la vida de Laura Restrepo debi\u00f3 de ser el que ella vivi\u00f3 frente a la vitrina en la cual se exponen los restos humanos de la bautizada Lucy, los 52 huesos m\u00e1s antiguos y coherentes de mujer que se hayan encontrado hasta la actualidad. En ese espacio&nbsp;<em>Aleph<\/em>, &#8211; dir\u00edamos con Borges -, LAURA se encuentra en un museo y observa, reflexiona, pregunta.&nbsp;<\/p>\n\n\n\n<p>Tiempo despu\u00e9s escribe un texto que publican hace unos d\u00edas&nbsp;<strong>Los Danieles<\/strong>&nbsp;inaugurando as\u00ed su colaboraci\u00f3n en ese medio colombiano, lo cual provoca cientos de enhorabuenas y felicitaciones en las redes sociales: buena se\u00f1al. Eco merecido. <\/p>\n\n\n\n<p>Antes de continuar en estas<span class=\"has-inline-color has-very-dark-gray-color\"> <strong>Letras en Danza<\/strong><\/span>, leamos su extraordinario&nbsp;LUCY PRIMER\u00cdSIMA CHICA. El texto se encuentra cliqueando aqu\u00ed:<\/p>\n\n\n\n<p class=\"has-text-align-center\"><a rel=\"noreferrer noopener\" href=\"https:\/\/losdanieles.com\/laura-restrepo\/lucy-primerisima-chica\/\" target=\"_blank\">&nbsp;<em>LUCY PRIMER\u00cdSIMA CHICA<\/em><\/a><\/p>\n\n\n\n<p><\/p>\n\n\n\n<p><\/p>\n\n\n\n<figure class=\"wp-block-image size-large\"><img loading=\"lazy\" decoding=\"async\" width=\"1024\" height=\"729\" src=\"https:\/\/blogs.fu-berlin.de\/letrasendanza\/files\/2020\/11\/lucy-f-1024x729.jpg\" alt=\"\" class=\"wp-image-1853\" srcset=\"https:\/\/blogs.fu-berlin.de\/letrasendanza\/files\/2020\/11\/lucy-f-1024x729.jpg 1024w, https:\/\/blogs.fu-berlin.de\/letrasendanza\/files\/2020\/11\/lucy-f-300x214.jpg 300w, https:\/\/blogs.fu-berlin.de\/letrasendanza\/files\/2020\/11\/lucy-f-768x547.jpg 768w, https:\/\/blogs.fu-berlin.de\/letrasendanza\/files\/2020\/11\/lucy-f-1536x1094.jpg 1536w, https:\/\/blogs.fu-berlin.de\/letrasendanza\/files\/2020\/11\/lucy-f-2048x1459.jpg 2048w\" sizes=\"auto, (max-width: 1024px) 100vw, 1024px\" \/><figcaption><strong>\u00a9<\/strong> <a href=\"https:\/\/www.claralum.com\" target=\"_blank\" rel=\"noreferrer noopener\">Clara Lum<\/a>, 2020<\/figcaption><\/figure>\n\n\n\n<p><\/p>\n\n\n\n<h2 class=\"has-text-align-center wp-block-heading\"><strong><em>Yo aqu\u00ed fuera y ah\u00ed dentro t\u00fa<\/em><\/strong><\/h2>\n\n\n\n<p>Cuando acab\u00e9 de leer <em><strong>LUCY PRIMER\u00cdSIMA CHICA<\/strong><\/em> de LAURA RESTREPO, que me hab\u00eda mandado Erick Orlando Rey Salazar, estudiante colombiano-alem\u00e1n de Hisp\u00e1nicas e Historia, lo primero que sent\u00ed es que ah\u00ed hab\u00eda una oraci\u00f3n, un rezo. Esta primer\u00edsima impresi\u00f3n se fue consolidando seg\u00fan iba ley\u00e9ndolo una y otra vez. Aqu\u00ed les dejo mis reflexiones.&nbsp;<\/p>\n\n\n\n<p><strong>La vitrina <\/strong>ante la cual Laura se inclina en Ad\u00eds Abeba se convierte en altar. La observaci\u00f3n y sus reflexiones la abstraen del entorno, pero no la a\u00edslan, pues ella sigue percibiendo las piezas del gran&nbsp;<em>puzzle<\/em>&nbsp;que formamos las mujeres en todo el mundo:&nbsp;<strong><em>somos el r\u00edo desbordado<\/em><\/strong>. Un rompecabezas de miles de piezas que la escritora colombiana ha ido recogiendo en su larga experiencia de activista-militante de la vida y nos va presentando aqu\u00ed como en una letan\u00eda pagana y gentil.&nbsp;<\/p>\n\n\n\n<p>Laura saca a la luz a Barakat, adolescente embarazada y agonizante, que se expresa en la lengua original que todas conocemos&nbsp;<em>ay ay ay<\/em>. Se la presenta a Lucy y a quienes leemos cautivadas, \u00bfconjuradas? y escuchamos. Su <em>todo el mujer\u00edo del mundo&nbsp;<\/em>tiene nombre: Ah\u00ed est\u00e1n las Elianas, violadas antes y despu\u00e9s de cruzar su puente diario, Elianas que tambi\u00e9n est\u00e1n en&nbsp;<a rel=\"noreferrer noopener\" href=\"http:\/\/www.librujula.com\/actualidad\/2063-rebecca-solnit-la-madre-de-todas-las-cuestiones\" target=\"_blank\"><em>La madre de todas las cuestiones<\/em>, de Rebecca Solnit<\/a>, un gran libro-aullido. Ah\u00ed est\u00e1n F\u00e1tima y Huna, sobre-vivientes, haciendo el duelo de las personas perdidas, los cad\u00e1veres que trastocan el trabajo de pescadores en el Egeo.&nbsp;<\/p>\n\n\n\n<p>Los 52 huesos del esqueleto son copia del original que se conserva al resguardo, en una zona de seguridad del museo por su inmensurable valor. Laura desgrana su letan\u00eda ante una copia, como es natural hacerlo en cualquier lugar sagrado de oraci\u00f3n. Todo es copia. Lo que vale es la experiencia y la palabra: buscar con ellas y a partir de ellas&nbsp;<em>una vida m\u00e1s amable<\/em>&nbsp;donde poder coexistir en paz.&nbsp;<\/p>\n\n\n\n<p><strong>Paz<\/strong>&nbsp;(<em>Friede<\/em>) es tambi\u00e9n el nombre que el arque\u00f3logo le puso a los huesecillos de ese ser min\u00fasculo, Selan, que menciona Laura y acompa\u00f1an, complementan, los restos expuestos de Lucy en Ad\u00eds Abeba. La oraci\u00f3n de Laura Restrepo abarca a toda la humanidad, aunque en el rosario de nombres que ella saca a colaci\u00f3n, los hombres, ellos, est\u00e1n representados solo en grupos: no menciona ni a uno solo en singular. Y \u00bfqu\u00e9 grupos aparecen? Pescadores, s\u00ed, aquellos que encuentran cad\u00e1veres. Pero tambi\u00e9n polic\u00edas y guerrilleros. \u00bfHay alguien m\u00e1s por ah\u00ed? \u00bfA qu\u00e9 se debe esa ausencia?&nbsp;<\/p>\n\n\n\n<p>En la <a rel=\"noreferrer noopener\" href=\"https:\/\/www.youtube.com\/watch?v=0udBBfuXaE0&amp;feature=emb_logo\" target=\"_blank\">charla que mantienen con Laura los periodistas de&nbsp;<em>Los Danieles<\/em><\/a>, Daniel Samper Pizano, emocionado y desbordado, le comenta a ella en la videoconferencia interoce\u00e1nica, que ese texto es inclasificable (minuto 2+),&nbsp;<em>columna cr\u00f3nica, excelente, una especie de exploraci\u00f3n de un g\u00e9nero distinto \u2026 nunca hab\u00eda le\u00eddo algo as\u00ed. \u2026mezcla diversos g\u00e9neros, diversos recursos<\/em> \u2026 <\/p>\n\n\n\n<p>En efecto, el texto de Laura es como aquello que representa Lucy desde su sue\u00f1o eterno: el primer&nbsp;<em>h\u00edbrido entre monito y mujer<\/em>&nbsp;(en palabras de la autora, minuto 4:35). <\/p>\n\n\n\n<h2 class=\"has-text-align-center wp-block-heading\"><span class=\"has-inline-color has-vivid-purple-color\">COLUMNA PLEGARIA<\/span><\/h2>\n\n\n\n<p>Laura Restrepo, adem\u00e1s de apelar a ese gran p\u00fablico atento que la celebra, inaugura en <em>Los Danieles<\/em> un g\u00e9nero h\u00edbrido entre<strong> columna y plegaria<\/strong>: oraci\u00f3n de\u00a0<em><strong>resistencia  y compromiso<\/strong><\/em>. Al mismo tiempo, esta primicia de texto h\u00edbrido es una llamada de atenci\u00f3n sobre la <strong><em>fea vaina<\/em><\/strong> que se nos est\u00e1 yendo de las manos. <\/p>\n\n\n\n<p class=\"has-text-align-right\">Mar\u00eda Jes\u00fas Beltr\u00e1n, <\/p>\n\n\n\n<p class=\"has-text-align-right\">Freie Universit\u00e4t Berlin<\/p>\n\n\n\n<p>ANOTACI\u00d3N: Una vez m\u00e1s ha colaborado Clara Lum en este blog para ilustrar la entrada de hoy. Gracias, Clara. Y estas son sus palabras: <\/p>\n\n\n\n<p><span class=\"has-inline-color has-very-dark-gray-color\"><em>He buscado unir esa idea de pasado y futuro, el cr\u00e1neo reconstruido de Lucy, llorando por el futuro que hoy se nos ofrece, el simbolismo del agua como fuente de vida y uni\u00f3n entre todo ser humano. La simbolog\u00eda del origen y el fin como seres mortales y las manos que ofrecen la posibilidad de beber de esa fuente necesaria para sobrevivir junto al apoyo que solo otro ser humano puede darte.&nbsp;<\/em><\/span><\/p>\n\n\n\n<p class=\"has-text-align-right\">Clara Lum<\/p>\n","protected":false},"excerpt":{"rendered":"<p>Un momento especial en la vida de Laura Restrepo debi\u00f3 de ser el que ella vivi\u00f3 frente a la vitrina en la cual se exponen los restos humanos de la bautizada Lucy, los 52 huesos m\u00e1s antiguos y coherentes de mujer que se hayan encontrado hasta la actualidad. En ese espacio&nbsp;Aleph, &#8211; dir\u00edamos con Borges [&hellip;]<\/p>\n","protected":false},"author":74,"featured_media":0,"comment_status":"open","ping_status":"open","sticky":false,"template":"","format":"standard","meta":{"footnotes":""},"categories":[9],"tags":[],"class_list":["post-1826","post","type-post","status-publish","format-standard","hentry","category-allgemein"],"_links":{"self":[{"href":"https:\/\/blogs.fu-berlin.de\/letrasendanza\/wp-json\/wp\/v2\/posts\/1826","targetHints":{"allow":["GET"]}}],"collection":[{"href":"https:\/\/blogs.fu-berlin.de\/letrasendanza\/wp-json\/wp\/v2\/posts"}],"about":[{"href":"https:\/\/blogs.fu-berlin.de\/letrasendanza\/wp-json\/wp\/v2\/types\/post"}],"author":[{"embeddable":true,"href":"https:\/\/blogs.fu-berlin.de\/letrasendanza\/wp-json\/wp\/v2\/users\/74"}],"replies":[{"embeddable":true,"href":"https:\/\/blogs.fu-berlin.de\/letrasendanza\/wp-json\/wp\/v2\/comments?post=1826"}],"version-history":[{"count":39,"href":"https:\/\/blogs.fu-berlin.de\/letrasendanza\/wp-json\/wp\/v2\/posts\/1826\/revisions"}],"predecessor-version":[{"id":2056,"href":"https:\/\/blogs.fu-berlin.de\/letrasendanza\/wp-json\/wp\/v2\/posts\/1826\/revisions\/2056"}],"wp:attachment":[{"href":"https:\/\/blogs.fu-berlin.de\/letrasendanza\/wp-json\/wp\/v2\/media?parent=1826"}],"wp:term":[{"taxonomy":"category","embeddable":true,"href":"https:\/\/blogs.fu-berlin.de\/letrasendanza\/wp-json\/wp\/v2\/categories?post=1826"},{"taxonomy":"post_tag","embeddable":true,"href":"https:\/\/blogs.fu-berlin.de\/letrasendanza\/wp-json\/wp\/v2\/tags?post=1826"}],"curies":[{"name":"wp","href":"https:\/\/api.w.org\/{rel}","templated":true}]}}