{"id":1967,"date":"2021-01-02T07:14:47","date_gmt":"2021-01-02T07:14:47","guid":{"rendered":"https:\/\/blogs.fu-berlin.de\/letrasendanza\/?p=1967"},"modified":"2021-01-02T07:14:47","modified_gmt":"2021-01-02T07:14:47","slug":"i-huecos","status":"publish","type":"post","link":"https:\/\/blogs.fu-berlin.de\/letrasendanza\/2021\/01\/02\/i-huecos\/","title":{"rendered":"I HUECOS"},"content":{"rendered":"\n<p class=\"has-text-align-center\">El hueco, un hueco. Los huecos, unos huecos, algunos huecos \u2026&nbsp;<\/p>\n\n\n\n<div class=\"wp-block-image\"><figure class=\"aligncenter size-large is-resized\"><img loading=\"lazy\" decoding=\"async\" src=\"https:\/\/blogs.fu-berlin.de\/letrasendanza\/files\/2020\/12\/Huecos-2-1024x768.jpeg\" alt=\"\" class=\"wp-image-1969\" width=\"347\" height=\"260\" srcset=\"https:\/\/blogs.fu-berlin.de\/letrasendanza\/files\/2020\/12\/Huecos-2-1024x768.jpeg 1024w, https:\/\/blogs.fu-berlin.de\/letrasendanza\/files\/2020\/12\/Huecos-2-300x225.jpeg 300w, https:\/\/blogs.fu-berlin.de\/letrasendanza\/files\/2020\/12\/Huecos-2-768x576.jpeg 768w, https:\/\/blogs.fu-berlin.de\/letrasendanza\/files\/2020\/12\/Huecos-2-1536x1152.jpeg 1536w, https:\/\/blogs.fu-berlin.de\/letrasendanza\/files\/2020\/12\/Huecos-2.jpeg 1600w\" sizes=\"auto, (max-width: 347px) 100vw, 347px\" \/><\/figure><\/div>\n\n\n\n<p>\u00bfEn qu\u00e9 pensamos, qu\u00e9 asociamos cuando leemos o escuchamos la palabra \u201chueco\u201d?&nbsp;<\/p>\n\n\n\n<p><strong>Espacio-Tiempo<\/strong>&nbsp;vac\u00edo, eso es el hueco. Un sustantivo sin sustancia aparente. Un hueco es un espacio, un intervalo, un no-lugar. Ahora bien, es esa cualidad del no-nada lo que le confiere potencial. Su primera caracter\u00edstica definitoria se refiere a su configuraci\u00f3n: la forma del hueco le viene dada por sus l\u00edmites, por la frontera visible que lo rodea, lo distingue y realza. En segundo lugar, se trata de un espacio con capacidad para ser ocupado. Por \u00faltimo, un hueco cuenta algo de lo que hubo y ya no est\u00e1: Un vac\u00edo testigo de una presencia pasada.&nbsp;<\/p>\n\n\n\n<div class=\"wp-block-image\"><figure class=\"alignright size-large is-resized\"><img loading=\"lazy\" decoding=\"async\" src=\"https:\/\/blogs.fu-berlin.de\/letrasendanza\/files\/2020\/12\/Huecos-1-1024x768.jpeg\" alt=\"\" class=\"wp-image-1968\" width=\"295\" height=\"222\" srcset=\"https:\/\/blogs.fu-berlin.de\/letrasendanza\/files\/2020\/12\/Huecos-1-1024x768.jpeg 1024w, https:\/\/blogs.fu-berlin.de\/letrasendanza\/files\/2020\/12\/Huecos-1-300x225.jpeg 300w, https:\/\/blogs.fu-berlin.de\/letrasendanza\/files\/2020\/12\/Huecos-1-768x576.jpeg 768w, https:\/\/blogs.fu-berlin.de\/letrasendanza\/files\/2020\/12\/Huecos-1-1536x1152.jpeg 1536w, https:\/\/blogs.fu-berlin.de\/letrasendanza\/files\/2020\/12\/Huecos-1.jpeg 1600w\" sizes=\"auto, (max-width: 295px) 100vw, 295px\" \/><\/figure><\/div>\n\n\n\n<p>Por su extensi\u00f3n, encontramos huecos de todos los tama\u00f1os imaginables y para todos los gustos: el m\u00e1s peque\u00f1o que he visto hasta ahora se me apareci\u00f3 en la novela de Mario Vargas Llosa, &nbsp;<em>Travesuras de la ni\u00f1a mala<\/em>&nbsp;(2006). <\/p>\n\n\n\n<p>Se trata de unos huecos ins\u00f3litos e intrascendentes: los que se crearon apagando cigarrillos en un sill\u00f3n tapizado. Una verdadera pena.&nbsp;<\/p>\n\n\n\n<p><\/p>\n\n\n\n<p><em><span class=\"has-inline-color has-vivid-red-color\">Procuraba sentarme en una mesita del fondo, a la que llegaba un poco m\u00e1s de luz y porque all\u00ed, en vez de sillas, hab\u00eda un sill\u00f3n bastante c\u00f3modo, forrado de un terciope\u00adlo que alguna vez fue rojizo y que se estaba desintegrando con los&nbsp;huecos abiertos&nbsp;por las quemaduras de cigarrillos y el roce de tantos traseros.<\/span><\/em><\/p>\n\n\n\n<p class=\"has-text-align-center\"><span class=\"has-inline-color has-cyan-bluish-gray-color\">O-O-O-O-O-O-O-OO-OO-OOO-O-O-OO-OOOO-O-O-OO-OO-OOO-OOO-OOO<\/span><\/p>\n\n\n\n<p>En enero de 2021, en los <em><span class=\"has-inline-color has-vivid-green-cyan-color\">huecos<\/span> <\/em>de los s\u00e1bados en estas <strong><span class=\"has-inline-color has-vivid-green-cyan-color\">LETRAS EN DANZA<\/span><\/strong>, vamos descubrir<strong><span class=\"has-inline-color has-vivid-red-color\"> huecos<\/span><\/strong> en <strong><span class=\"has-inline-color has-vivid-red-color\">literatura y arte<\/span><\/strong>. <\/p>\n\n\n\n<p>De momento les dejo aqu\u00ed impresiones de huecos vistos durante un paseo por un bosque de Brandenburgo.&nbsp;<\/p>\n\n\n\n<div class=\"wp-block-image\"><figure class=\"aligncenter size-large is-resized\"><img loading=\"lazy\" decoding=\"async\" src=\"https:\/\/blogs.fu-berlin.de\/letrasendanza\/files\/2020\/12\/Huecos-3-1024x1024.jpeg\" alt=\"\" class=\"wp-image-1973\" width=\"321\" height=\"321\" srcset=\"https:\/\/blogs.fu-berlin.de\/letrasendanza\/files\/2020\/12\/Huecos-3-1024x1024.jpeg 1024w, https:\/\/blogs.fu-berlin.de\/letrasendanza\/files\/2020\/12\/Huecos-3-300x300.jpeg 300w, https:\/\/blogs.fu-berlin.de\/letrasendanza\/files\/2020\/12\/Huecos-3-150x150.jpeg 150w, https:\/\/blogs.fu-berlin.de\/letrasendanza\/files\/2020\/12\/Huecos-3-768x768.jpeg 768w, https:\/\/blogs.fu-berlin.de\/letrasendanza\/files\/2020\/12\/Huecos-3-1536x1536.jpeg 1536w, https:\/\/blogs.fu-berlin.de\/letrasendanza\/files\/2020\/12\/Huecos-3.jpeg 1600w\" sizes=\"auto, (max-width: 321px) 100vw, 321px\" \/><\/figure><\/div>\n\n\n\n<p class=\"has-text-align-right\">Mar\u00eda Jes\u00fas Beltr\u00e1n, Freie Universit\u00e4t Berlin<\/p>\n","protected":false},"excerpt":{"rendered":"<p>El hueco, un hueco. Los huecos, unos huecos, algunos huecos \u2026&nbsp; \u00bfEn qu\u00e9 pensamos, qu\u00e9 asociamos cuando leemos o escuchamos la palabra \u201chueco\u201d?&nbsp; Espacio-Tiempo&nbsp;vac\u00edo, eso es el hueco. Un sustantivo sin sustancia aparente. Un hueco es un espacio, un intervalo, un no-lugar. Ahora bien, es esa cualidad del no-nada lo que le confiere potencial. Su [&hellip;]<\/p>\n","protected":false},"author":74,"featured_media":0,"comment_status":"open","ping_status":"open","sticky":false,"template":"","format":"standard","meta":{"footnotes":""},"categories":[9],"tags":[18063],"class_list":["post-1967","post","type-post","status-publish","format-standard","hentry","category-allgemein","tag-mas-que-palabras"],"_links":{"self":[{"href":"https:\/\/blogs.fu-berlin.de\/letrasendanza\/wp-json\/wp\/v2\/posts\/1967","targetHints":{"allow":["GET"]}}],"collection":[{"href":"https:\/\/blogs.fu-berlin.de\/letrasendanza\/wp-json\/wp\/v2\/posts"}],"about":[{"href":"https:\/\/blogs.fu-berlin.de\/letrasendanza\/wp-json\/wp\/v2\/types\/post"}],"author":[{"embeddable":true,"href":"https:\/\/blogs.fu-berlin.de\/letrasendanza\/wp-json\/wp\/v2\/users\/74"}],"replies":[{"embeddable":true,"href":"https:\/\/blogs.fu-berlin.de\/letrasendanza\/wp-json\/wp\/v2\/comments?post=1967"}],"version-history":[{"count":20,"href":"https:\/\/blogs.fu-berlin.de\/letrasendanza\/wp-json\/wp\/v2\/posts\/1967\/revisions"}],"predecessor-version":[{"id":1990,"href":"https:\/\/blogs.fu-berlin.de\/letrasendanza\/wp-json\/wp\/v2\/posts\/1967\/revisions\/1990"}],"wp:attachment":[{"href":"https:\/\/blogs.fu-berlin.de\/letrasendanza\/wp-json\/wp\/v2\/media?parent=1967"}],"wp:term":[{"taxonomy":"category","embeddable":true,"href":"https:\/\/blogs.fu-berlin.de\/letrasendanza\/wp-json\/wp\/v2\/categories?post=1967"},{"taxonomy":"post_tag","embeddable":true,"href":"https:\/\/blogs.fu-berlin.de\/letrasendanza\/wp-json\/wp\/v2\/tags?post=1967"}],"curies":[{"name":"wp","href":"https:\/\/api.w.org\/{rel}","templated":true}]}}