{"id":2073,"date":"2021-01-30T07:52:26","date_gmt":"2021-01-30T07:52:26","guid":{"rendered":"https:\/\/blogs.fu-berlin.de\/letrasendanza\/?p=2073"},"modified":"2021-02-04T11:08:31","modified_gmt":"2021-02-04T11:08:31","slug":"huecos-lienzo-en-el-taller","status":"publish","type":"post","link":"https:\/\/blogs.fu-berlin.de\/letrasendanza\/2021\/01\/30\/huecos-lienzo-en-el-taller\/","title":{"rendered":"HUECOS: LIENZO EN EL TALLER"},"content":{"rendered":"\n<h2 class=\"wp-block-heading\">UN CUADRO VOLTEADO de Philippe Mahler en dos etapas<\/h2>\n\n\n\n<h3 class=\"has-text-align-center wp-block-heading\">Lienzo en el taller<\/h3>\n\n\n\n<p>Un lienzo blanco est\u00e1 extendido, firme, sobre los listones del entarimado, apoyado sobre la pared. El motivo es t\u00edpico de este pintor y pertenece a una serie denominada \u00ab&nbsp;rincones de taller&nbsp;\u00bb. La imagen sugiere un orden que apacigua, permite concentrarse con tranquilidad en la creaci\u00f3n de una obra.&nbsp;<\/p>\n\n\n\n<div class=\"wp-block-image\"><figure class=\"aligncenter size-large is-resized\"><img loading=\"lazy\" decoding=\"async\" src=\"https:\/\/blogs.fu-berlin.de\/letrasendanza\/files\/2021\/01\/Leinwand-1024x803.jpg\" alt=\"\" class=\"wp-image-2087\" width=\"470\" height=\"368\" srcset=\"https:\/\/blogs.fu-berlin.de\/letrasendanza\/files\/2021\/01\/Leinwand-1024x803.jpg 1024w, https:\/\/blogs.fu-berlin.de\/letrasendanza\/files\/2021\/01\/Leinwand-300x235.jpg 300w, https:\/\/blogs.fu-berlin.de\/letrasendanza\/files\/2021\/01\/Leinwand-768x602.jpg 768w, https:\/\/blogs.fu-berlin.de\/letrasendanza\/files\/2021\/01\/Leinwand-1536x1205.jpg 1536w, https:\/\/blogs.fu-berlin.de\/letrasendanza\/files\/2021\/01\/Leinwand-2048x1607.jpg 2048w\" sizes=\"auto, (max-width: 470px) 100vw, 470px\" \/><figcaption>\u00a9&nbsp;Philippe Mahler&nbsp;<\/figcaption><\/figure><\/div>\n\n\n\n<p>Observando el lienzo de cerca, se vislumbra el discreto reflejo de una pintura anterior.&nbsp;\u00bfO es quiz\u00e1s el esbozo para una futura pintura? El pasado y el porvenir se re\u00fanen aqu\u00ed en el momento presente. Sobre la blancura indeterminada del lienzo se dibuja la evoluci\u00f3n constante de una creaci\u00f3n.&nbsp;<\/p>\n\n\n\n<h3 class=\"has-text-align-center wp-block-heading\">Pozo<\/h3>\n\n\n\n<p>El pintor ha volteado su cuadro d\u00e1ndole un giro de 90 grados hacia la izquierda.&nbsp;\u00bfPor qu\u00e9? Ahora lo titula \u00ab&nbsp;Pozo&nbsp;\u00bb, precisando que una placa nos protege de un peligro invisible.&nbsp;<\/p>\n\n\n\n<p>Nos preguntamos de qu\u00e9 peligro nos proteger\u00eda esta simple placa; \u00bfdel rinc\u00f3n&nbsp;que tapa? La placa&nbsp;parece revolotear en el aire, rozando apenas las dos paredes.&nbsp;<\/p>\n\n\n\n<p>Poco a poco, quien observa el lienzo pierde la orientaci\u00f3n y se percata de que se encuentra en un espacio sin fondo ni techo, de altura y profundidad insondables; un \u201chuis clos\u201d, un espacio cerrado sin ventana ni escapatoria.&nbsp;<\/p>\n\n\n\n<div class=\"wp-block-image\"><figure class=\"aligncenter size-large is-resized\"><img loading=\"lazy\" decoding=\"async\" src=\"https:\/\/blogs.fu-berlin.de\/letrasendanza\/files\/2021\/01\/Hohlraum-799x1024.jpg\" alt=\"\" class=\"wp-image-2089\" width=\"420\" height=\"538\" srcset=\"https:\/\/blogs.fu-berlin.de\/letrasendanza\/files\/2021\/01\/Hohlraum-799x1024.jpg 799w, https:\/\/blogs.fu-berlin.de\/letrasendanza\/files\/2021\/01\/Hohlraum-234x300.jpg 234w, https:\/\/blogs.fu-berlin.de\/letrasendanza\/files\/2021\/01\/Hohlraum-768x984.jpg 768w, https:\/\/blogs.fu-berlin.de\/letrasendanza\/files\/2021\/01\/Hohlraum-1199x1536.jpg 1199w, https:\/\/blogs.fu-berlin.de\/letrasendanza\/files\/2021\/01\/Hohlraum-1598x2048.jpg 1598w, https:\/\/blogs.fu-berlin.de\/letrasendanza\/files\/2021\/01\/Hohlraum-scaled.jpg 1998w\" sizes=\"auto, (max-width: 420px) 100vw, 420px\" \/><figcaption>\u00a9&nbsp;Philippe Mahler&nbsp;<\/figcaption><\/figure><\/div>\n\n\n\n<p>\u00bfQu\u00e9 relaci\u00f3n existe entre la g\u00e9nesis de las dos versiones de este \u201ccuadro volteado\u201d y nuestra actual situaci\u00f3n?&nbsp;<\/p>\n\n\n\n<p>La primera versi\u00f3n data de 2019, la segunda de 2020, a\u00f1o en que un virus invisible invirti\u00f3 el orden existente en el mundo. Un elemento \u00ednfimo bast\u00f3 para trastocarlo todo, empa\u00f1ando toda perspectiva y trastornando nuestras convicciones y certezas. Algunas personas han perdido su base existencial. Hemos perdido pie, literalmente, como en este \u201cPozo\u201d.&nbsp;<\/p>\n\n\n\n<p>Queda la esperanza de que este proceso sea reversible, como con el cuadro, que se puede recolocar, si uno quiere, en su posici\u00f3n inicial.&nbsp;<\/p>\n\n\n\n<p class=\"has-text-align-right\">\u00a9 In\u00e9s Mahler, 2021<\/p>\n\n\n\n<p class=\"has-text-align-right\">Traducci\u00f3n de Mar\u00eda Jes\u00fas Beltr\u00e1n<\/p>\n\n\n\n<p class=\"has-text-align-center\"><strong><span class=\"has-inline-color has-vivid-cyan-blue-color\">===============&gt;&gt;&gt;&gt;&gt;&gt;&gt;&gt;&gt; ************&lt;&lt;&lt;&lt;&lt;&lt;&lt;&lt;&lt;&lt;&lt;&lt;=============<\/span><\/strong><\/p>\n\n\n\n<p><\/p>\n\n\n\n<h2 class=\"has-text-align-center wp-block-heading\">Un Tableau tournant de Philippe Mahler en deux \u00e9tapes<\/h2>\n\n\n\n<h3 class=\"has-text-align-center wp-block-heading\">Toile dans l\u00b4atelier<\/h3>\n\n\n\n<p class=\"has-text-align-left\">Une toile blanche est pos\u00e9e solidement sur les lattes d\u2019un parquet,&nbsp;adoss\u00e9e contre un mur. Le motif est typique pour ce peintre et appartient \u00e0 une suite nomm\u00e9e \u00ab&nbsp;coins d\u2019atelier&nbsp;\u00bb. L\u2019image sugg\u00e8re un ordre s\u00e9curisant permettant de se concentrer tranquillement sur la cr\u00e9ation d\u2019une oeuvre.<\/p>\n\n\n\n<p>Lorsqu\u2019on observe la toile de pr\u00e8s, on voit transpara\u00eetre le reflet discret d\u2019une ancienne peinture. Ou s\u2019agit-il plut\u00f4t de l\u2019\u00e9bauche pour une peinture future ? Le pass\u00e9 et l\u2019avenir se rejoignent ainsi dans le moment du pr\u00e9sent. Sur la blancheur ind\u00e9termin\u00e9e de la toile se dessine l\u2019\u00e9volution continuelle d\u2019une cr\u00e9ation.<\/p>\n\n\n\n<h3 class=\"has-text-align-center wp-block-heading\">Puits<\/h3>\n\n\n\n<p>Le peintre a tourn\u00e9 son tableau de 90 degr\u00e9s vers la gauche. Pourquoi&nbsp;? Il le nomme \u00e0 pr\u00e9sent&nbsp;&nbsp;\u00ab&nbsp;Puits&nbsp;\u00bb, en pr\u00e9cisant qu\u2019une plaque nous prot\u00e8ge d\u2019un danger invisible.<\/p>\n\n\n\n<p>On se demande de quel danger cette simple plaque nous prot\u00e8gerait&nbsp;; de ce coin cach\u00e9 par elle&nbsp;? La plaque semble voltiger en l\u2019air, touchant \u00e0 peine les deux murs.<\/p>\n\n\n\n<p>Peu \u00e0 peu, le spectateur perd l\u2019orientation et r\u00e9alise qu\u2019il se trouve dans un espace sans fond ni plafond, \u00e0 la hauteur et profondeur insondables&nbsp;; dans un \u00ab&nbsp;huis clos&nbsp;\u00bb sans fen\u00eatre ni \u00e9chappatoire.<\/p>\n\n\n\n<p>Quel rapport y a-t-il entre la gen\u00e8se des deux variantes de ce \u00ab&nbsp;tableau tournant&nbsp;\u00bb et notre situation actuelle&nbsp;?<\/p>\n\n\n\n<p>La premi\u00e8re version date de 2019, la deuxi\u00e8me de 2020 lorsqu\u2019un virus invisible avait invers\u00e9 l\u2019ordre existant dans le monde. Un \u00e9l\u00e9ment infime avait suffi pour tout remettre sens dessus dessous, en brouillant toute perspective et en chamboulant nos convictions et certitudes. Certains ont perdu leur base existentielle. Nous avons litt\u00e9ralement perdu pied comme dans le \u00ab&nbsp;tableau tournant&nbsp;\u00bb.<\/p>\n\n\n\n<p>L\u2019espoir nous reste que ce processus sera r\u00e9versible \u00e0 la mani\u00e8re du tableau qu\u2019on peut remettre, \u00e0 loisir, \u00e0 sa position initiale.<\/p>\n\n\n\n<p class=\"has-text-align-right\">\u00a9 In\u00e9s Mahler, 2021<\/p>\n\n\n\n<p class=\"has-text-align-center\"><strong>===============&gt;&gt;&gt;&gt;&gt;&gt;&gt;&gt;&gt; ************&lt;&lt;&lt;&lt;&lt;&lt;&lt;&lt;&lt;&lt;&lt;&lt;=============<\/strong><\/p>\n\n\n\n<h2 class=\"has-text-align-center wp-block-heading\">ZEIT IM MOMENT DES KIPPENS<\/h2>\n\n\n\n<p>Zu einem Kipp-Bild von Philippe Mahler, einem Bild in zwei Momenten:<\/p>\n\n\n\n<p class=\"has-text-align-center\"><strong>Leinwand im Atelier<\/strong><\/p>\n\n\n\n<p>&nbsp;&nbsp;&nbsp;&nbsp;&nbsp;&nbsp;&nbsp;&nbsp;Eine weissgrundierte Leinwand steht \u2013 an eine Wand gelehnt \u2013 auf einem soliden Holzboden. Es ist ein typisches Motiv des Malers, das zur Reihe der \u00abAtelierecken\u00bb geh\u00f6rt. Das Bild verstr\u00f6mt ein Gef\u00fchl geordneter Sicherheit, ruhiger Konzentration auf einen Arbeitsprozess.&nbsp;&nbsp;&nbsp;&nbsp;&nbsp;&nbsp;<\/p>\n\n\n\n<p>Bei n\u00e4herer Betrachtung der Textur schimmert eine verdeckte Malschicht hervor, ein \u00fcbermaltes Bild? Oder ist auf der Leinwand ein Entwurf f\u00fcr ein zuk\u00fcnftiges angedeutet?<\/p>\n\n\n\n<p>Beides trifft aufeinander, ein Vergangenes und ein Werdendes zugleich, im gegenw\u00e4rtigen Moment: ein zeitliches Kontinuum.<\/p>\n\n\n\n<p>Der kreative Prozess erscheint als stille, unaufh\u00f6rliche Wandlung.<\/p>\n\n\n\n<p>Hohlraum, Schacht<\/p>\n\n\n\n<h3 class=\"has-text-align-center wp-block-heading\">Hohlraum, Schacht<\/h3>\n\n\n\n<p>&nbsp;Der K\u00fcnstler hat sein Werk um 90\u00b0 nach links gekippt. Weshalb?<\/p>\n\n\n\n<p>Er bezeichnet es als \u00abHohlraum\u00bb, als \u00abSchacht\u00bb, in welchem eine Schutztafel vor einer verborgenen Gefahr warne.<\/p>\n\n\n\n<p>Die Frage stellt sich unmittelbar, wovor die harmlos wirkende Tafel&nbsp;<\/p>\n\n\n\n<p>Schutz bieten sollte. Vor dem kleinen Hohlraum hinter der Tafel?<\/p>\n\n\n\n<p>Diese scheint in der Luft zu schweben, lediglich in Ber\u00fchrung mit zwei W\u00e4nden, einer hellgrauen und einer h\u00f6lzern verschalten, deren Bretter strahlenf\u00f6rmig nach aussen gerichtet sind. Das ist das einzig Elektrisierende.&nbsp;<\/p>\n\n\n\n<p>Doch ergreift den Betrachter nach und nach ein unbehagliches Gef\u00fchl: ungewiss erscheint die r\u00e4umliche Verortung.&nbsp;<\/p>\n\n\n\n<p>Als Teil des Bildes bef\u00e4nde er sich in einem nach oben und unten offenen Schacht, dessen H\u00f6he und Tiefe unauslotbar blieben; in einem fensterlos beengenden, aussichtslosen \u00abHuis clos\u00bb.<\/p>\n\n\n\n<p>Welchen Bezug hat die Entstehung des Bildes in seinen Varianten zur Aktualit\u00e4t?<\/p>\n\n\n\n<p>Die erste Version ist 2019, vor dem Auftauchen eines unsichtbaren Virus, entstanden, die zweite im Jahr 2020, als dieser Keim die Weltordnung auf den Kopf gestellt hatte. Das Kippen des Bildes entspricht dem Kippen unserer Vorstellungswelt: nichts ist mehr, wie es war. Alle Perspektiven haben sich verschoben. N\u00e4he wird zur Distanz, Distanz zur N\u00e4he. Gewissheit und Planbarkeit sind bodenloser Verunsicherung und Desorientierung gewichen. Wir haben sprichw\u00f6rtlich den Boden unter den F\u00fcssen verloren, die existentielle Basis.<\/p>\n\n\n\n<p>Hoffnung liegt in der Umkehrbarkeit der Kipprichtung.<\/p>\n\n\n\n<p class=\"has-text-align-right\">\u00a9 In\u00e9s Mahler, 2021<\/p>\n\n\n\n<p><strong>==================&gt;&gt;&gt;&gt;&gt;&gt;&gt;&gt;&gt; ************&lt;&lt;&lt;&lt;&lt;&lt;&lt;&lt;&lt;&lt;&lt;&lt;=============<\/strong><\/p>\n\n\n\n<h2 class=\"has-text-align-center wp-block-heading\">PROCESO DE ESCRITURA<\/h2>\n\n\n\n<p>La autora de todos estos textos es In\u00e9s Mahler, profesora de franc\u00e9s en Kreuzlingen, Suiza. Esposa de Philippe Mahler, el <a rel=\"noreferrer noopener\" href=\"https:\/\/www.tagblatt.ch\/ostschweiz\/frauenfeld\/virtuelle-kunstausstellung-wenn-der-besucher-nicht-ins-museum-kommen-kann-bringen-wir-das-museum-eben-zu-ihm-kreuzlinger-museum-rosenegg-verleiht-gemaelde-ld.2087898?mktcid=smsh&amp;mktcval=E-mail\" target=\"_blank\">pintor que expone estos d\u00edas su obra m\u00e1s reciente en face@face<\/a>. <\/p>\n\n\n\n<p>Cuando hace ya m\u00e1s de un mes coment\u00e9 por tel\u00e9fono con In\u00e9s mi descubrimiento de los <strong>HUECOS EN LITERATURA<\/strong> para estas <strong><span class=\"has-inline-color has-vivid-green-cyan-color\">LETRAS EN DANZA<\/span><\/strong>, ella exclam\u00f3: <strong><span class=\"has-inline-color has-luminous-vivid-amber-color\">Philippe acaba de pintar un hueco<\/span><\/strong>. Le ped\u00ed que escribiera algunas reflexiones sobre esa pintura y se puso manos a la obra. <\/p>\n\n\n\n<p>La primera versi\u00f3n la redact\u00f3 en alem\u00e1n: &#8222;<strong>Zeit im Moment des Kippens<\/strong>&#8222;. Despu\u00e9s le propuse que tradujera ella misma al franc\u00e9s ese texto, pues no en vano es la lengua que utiliza la pareja para hablar de pintura en casa y en el taller. Al ponerse a traducir, &#8211; me dijo In\u00e9s -, lo reescribi\u00f3. Yo le hab\u00eda prometido redactar la versi\u00f3n al espa\u00f1ol bas\u00e1ndome en el texto que ella escribiera en franc\u00e9s; y as\u00ed lo hice, mand\u00e1ndoselo para que me diera su opini\u00f3n, pues entre nosotras hablamos espa\u00f1ol (In\u00e9s es colombiana). Lo que me escribi\u00f3 fue emocionante: <em><strong>Cambi\u00e9 mi texto siguiendo la l\u00f3gica del tuyo<\/strong><\/em>. <\/p>\n\n\n\n<h3 class=\"has-text-align-center wp-block-heading\">COMPLETAR HUECOS<\/h3>\n\n\n\n<p>El proceso de completar un hueco quiz\u00e1s sea as\u00ed: la pandemia que nos asola ha provocado un hueco de dimensiones incalculables en el que nos encontramos y nos impulsa a la creatividad, por ejemplo, con otros tipos de conceptos para acercar el arte al p\u00fablico. <\/p>\n\n\n\n<p>Este es el caso de la <strong>exposici\u00f3n de pinturas <\/strong>de <a rel=\"noreferrer noopener\" href=\"https:\/\/www.philippemahler.ch\" target=\"_blank\">Philippe Mahler<\/a> que tiene lugar estos d\u00edas en Kreuzlingen, a orillas del Lago de Constanza, donde se dan la mano Alemania, Austria y Suiza. El concepto de la exposici\u00f3n es el siguiente (lo resumo despu\u00e9s de haber le\u00eddo este art\u00edculo en alem\u00e1n: <a rel=\"noreferrer noopener\" href=\"https:\/\/www.tagblatt.ch\/ostschweiz\/frauenfeld\/virtuelle-kunstausstellung-wenn-der-besucher-nicht-ins-museum-kommen-kann-bringen-wir-das-museum-eben-zu-ihm-kreuzlinger-museum-rosenegg-verleiht-gemaelde-ld.2087898?mktcid=smsh&amp;mktcval=E-mail https:\/\/www.tagblatt.ch\" target=\"_blank\">cliquee aqu\u00ed<\/a>)<\/p>\n\n\n\n<p>Adem\u00e1s de ofrecer una visita virtual (<a rel=\"noreferrer noopener\" href=\"https:\/\/www.museumrosenegg.ch\/\" target=\"_blank\">cliquee aqu\u00ed<\/a> para verla), el Museo Rosenegg de Kreuzlingen ofrece llevarles el museo a las casas. Philippe Mahler les presta durante una semana una obra que les entrega \u00e9l mismo en sus domicilios. Disfruten, si lo desean, de -al menos- la visita virtual para ver los cuadros dispuestos en las salas.<\/p>\n\n\n\n<p class=\"has-text-align-right\">Mar\u00eda Jes\u00fas Beltr\u00e1n, Freie Universit\u00e4t Berlin<\/p>\n","protected":false},"excerpt":{"rendered":"<p>UN CUADRO VOLTEADO de Philippe Mahler en dos etapas Lienzo en el taller Un lienzo blanco est\u00e1 extendido, firme, sobre los listones del entarimado, apoyado sobre la pared. El motivo es t\u00edpico de este pintor y pertenece a una serie denominada \u00ab&nbsp;rincones de taller&nbsp;\u00bb. La imagen sugiere un orden que apacigua, permite concentrarse con tranquilidad [&hellip;]<\/p>\n","protected":false},"author":74,"featured_media":0,"comment_status":"open","ping_status":"open","sticky":false,"template":"","format":"standard","meta":{"footnotes":""},"categories":[9,17719,18053],"tags":[18063,18066],"class_list":["post-2073","post","type-post","status-publish","format-standard","hentry","category-allgemein","category-comentar","category-en-otras-lenguas","tag-mas-que-palabras","tag-traducciones"],"_links":{"self":[{"href":"https:\/\/blogs.fu-berlin.de\/letrasendanza\/wp-json\/wp\/v2\/posts\/2073","targetHints":{"allow":["GET"]}}],"collection":[{"href":"https:\/\/blogs.fu-berlin.de\/letrasendanza\/wp-json\/wp\/v2\/posts"}],"about":[{"href":"https:\/\/blogs.fu-berlin.de\/letrasendanza\/wp-json\/wp\/v2\/types\/post"}],"author":[{"embeddable":true,"href":"https:\/\/blogs.fu-berlin.de\/letrasendanza\/wp-json\/wp\/v2\/users\/74"}],"replies":[{"embeddable":true,"href":"https:\/\/blogs.fu-berlin.de\/letrasendanza\/wp-json\/wp\/v2\/comments?post=2073"}],"version-history":[{"count":26,"href":"https:\/\/blogs.fu-berlin.de\/letrasendanza\/wp-json\/wp\/v2\/posts\/2073\/revisions"}],"predecessor-version":[{"id":2129,"href":"https:\/\/blogs.fu-berlin.de\/letrasendanza\/wp-json\/wp\/v2\/posts\/2073\/revisions\/2129"}],"wp:attachment":[{"href":"https:\/\/blogs.fu-berlin.de\/letrasendanza\/wp-json\/wp\/v2\/media?parent=2073"}],"wp:term":[{"taxonomy":"category","embeddable":true,"href":"https:\/\/blogs.fu-berlin.de\/letrasendanza\/wp-json\/wp\/v2\/categories?post=2073"},{"taxonomy":"post_tag","embeddable":true,"href":"https:\/\/blogs.fu-berlin.de\/letrasendanza\/wp-json\/wp\/v2\/tags?post=2073"}],"curies":[{"name":"wp","href":"https:\/\/api.w.org\/{rel}","templated":true}]}}