{"id":2335,"date":"2021-06-09T12:31:19","date_gmt":"2021-06-09T12:31:19","guid":{"rendered":"https:\/\/blogs.fu-berlin.de\/letrasendanza\/?p=2335"},"modified":"2021-06-10T06:44:33","modified_gmt":"2021-06-10T06:44:33","slug":"de-zwickau-a-paris","status":"publish","type":"post","link":"https:\/\/blogs.fu-berlin.de\/letrasendanza\/2021\/06\/09\/de-zwickau-a-paris\/","title":{"rendered":"De Zwickau a Par\u00eds"},"content":{"rendered":"\n<h2 class=\"has-text-align-right wp-block-heading\">&#8230; atravesando los Pirineos<\/h2>\n\n\n\n<p>En medio de la pandemia que nos asola, esperando una mejora de la situaci\u00f3n para poder volver al campus universitario, hemos abierto ventanas de j\u00fabilo y distracci\u00f3n, aprovechamiento y ense\u00f1anza. Colaboraci\u00f3n y escucha. Nos hemos estado reuniendo durante algunos jueves, de forma virtual y al margen de las clases obligatorias, con un grupito de estudiantes entusiastas, para traducir al espa\u00f1ol un texto breve, raro, chocante y a la vez divertido. Se trata de un poema de Joachim Ringelnatz, publicado en 1928, que deber\u00edamos disfrutar con una sonrisa en los labios.&nbsp;<\/p>\n\n\n\n<p>El origen de esta propuesta de trabajo en colaboraci\u00f3n se encuentra en la <a href=\"https:\/\/jakob-k.com\/j\/\" target=\"_blank\" rel=\"noreferrer noopener\">p\u00e1gina web de Jakob Kirchheim<\/a>, pues cuando encontr\u00e9 el poema que aparece incorporado, secuenciado, en una de sus obras video composiciones, pens\u00e9 que traducirlo ser\u00eda una muy buena forma de hacer llegar todo ello a un p\u00fablico hispanohablante, disfrutando al mismo tiempo de la composici\u00f3n del artista berlin\u00e9s. Como el texto ya estaba ah\u00ed traducido por el propio artista al ingl\u00e9s, pens\u00e9 en un primer momento que nos resultar\u00eda f\u00e1cil pasarlo al espa\u00f1ol. Craso error. Hemos necesitado varias reuniones y arduas discusiones.&nbsp;&nbsp;El resultado es un compromiso entre tres estudiantes y mi propia visi\u00f3n de las posibilidades que ofrece la lengua espa\u00f1ola. Aqu\u00ed lo tienen y no olviden relajarse mientras sonr\u00eden:&nbsp;<\/p>\n\n\n\n<h2 class=\"wp-block-heading\"><strong>En Zwickau estuve<\/strong><\/h2>\n\n\n\n<p>Si yo tuviera dinero<\/p>\n\n\n\n<p>a&nbsp;montones inconmensurables,&nbsp;<\/p>\n\n\n\n<div class=\"wp-block-image\"><figure class=\"alignright size-large is-resized\"><img loading=\"lazy\" decoding=\"async\" src=\"https:\/\/blogs.fu-berlin.de\/letrasendanza\/files\/2021\/06\/Bildschirmfoto-2021-06-09-um-14.00.38.png\" alt=\"\" class=\"wp-image-2341\" width=\"260\" height=\"137\" srcset=\"https:\/\/blogs.fu-berlin.de\/letrasendanza\/files\/2021\/06\/Bildschirmfoto-2021-06-09-um-14.00.38.png 943w, https:\/\/blogs.fu-berlin.de\/letrasendanza\/files\/2021\/06\/Bildschirmfoto-2021-06-09-um-14.00.38-300x158.png 300w, https:\/\/blogs.fu-berlin.de\/letrasendanza\/files\/2021\/06\/Bildschirmfoto-2021-06-09-um-14.00.38-768x406.png 768w\" sizes=\"auto, (max-width: 260px) 100vw, 260px\" \/><\/figure><\/div>\n\n\n\n<p>me comprar\u00eda las dos ciudades<\/p>\n\n\n\n<p>Par\u00eds y Zwickau.<\/p>\n\n\n\n<p>Lo s\u00e9, en Zwickau tambi\u00e9n&nbsp;<\/p>\n\n\n\n<p>viven personas encantadoras.<\/p>\n\n\n\n<p>A ellas no les afectar\u00eda nada.<\/p>\n\n\n\n<figure class=\"wp-block-image size-large is-resized\"><img loading=\"lazy\" decoding=\"async\" src=\"https:\/\/blogs.fu-berlin.de\/letrasendanza\/files\/2021\/06\/Bildschirmfoto-2021-06-09-um-14.01.04.png\" alt=\"\" class=\"wp-image-2343\" width=\"253\" height=\"127\" srcset=\"https:\/\/blogs.fu-berlin.de\/letrasendanza\/files\/2021\/06\/Bildschirmfoto-2021-06-09-um-14.01.04.png 940w, https:\/\/blogs.fu-berlin.de\/letrasendanza\/files\/2021\/06\/Bildschirmfoto-2021-06-09-um-14.01.04-300x151.png 300w, https:\/\/blogs.fu-berlin.de\/letrasendanza\/files\/2021\/06\/Bildschirmfoto-2021-06-09-um-14.01.04-768x386.png 768w\" sizes=\"auto, (max-width: 253px) 100vw, 253px\" \/><\/figure>\n\n\n\n<p>De todos modos, no se venden,<\/p>\n\n\n\n<p>y tampoco tienen pariau\u00f1eros,&nbsp;<\/p>\n\n\n\n<p>ni cara zwicke\u00f1a.<\/p>\n\n\n\n<p>Todo lo dem\u00e1s lo adquirir\u00eda,<\/p>\n\n\n\n<p>pero devolver\u00eda Par\u00eds enseguida,<\/p>\n\n\n\n<p>s\u00f3lo vivir all\u00ed,<\/p>\n\n\n\n<p>luego morir en Zwickau<\/p>\n\n\n\n<div class=\"wp-block-image\"><figure class=\"aligncenter size-large is-resized\"><img loading=\"lazy\" decoding=\"async\" src=\"https:\/\/blogs.fu-berlin.de\/letrasendanza\/files\/2021\/06\/Bildschirmfoto-2021-06-09-um-14.02.19.png\" alt=\"\" class=\"wp-image-2346\" width=\"235\" height=\"124\" srcset=\"https:\/\/blogs.fu-berlin.de\/letrasendanza\/files\/2021\/06\/Bildschirmfoto-2021-06-09-um-14.02.19.png 949w, https:\/\/blogs.fu-berlin.de\/letrasendanza\/files\/2021\/06\/Bildschirmfoto-2021-06-09-um-14.02.19-300x158.png 300w, https:\/\/blogs.fu-berlin.de\/letrasendanza\/files\/2021\/06\/Bildschirmfoto-2021-06-09-um-14.02.19-768x405.png 768w\" sizes=\"auto, (max-width: 235px) 100vw, 235px\" \/><\/figure><\/div>\n\n\n\n<p>de veneno para ratas<\/p>\n\n\n\n<p>gritando: &#8222;En cuanto a&nbsp;<\/p>\n\n\n\n<p>Zwickau,<\/p>\n\n\n\n<p>\u00a1oh, hermosa Ludwigslust en Mecklemburgo!&#8220;<\/p>\n\n\n\n<p>El humo de la locomotora llevaba&nbsp;<\/p>\n\n\n\n<p>nuestros blues a los antiguos&nbsp;<\/p>\n\n\n\n<figure class=\"wp-block-image size-large is-resized\"><img loading=\"lazy\" decoding=\"async\" src=\"https:\/\/blogs.fu-berlin.de\/letrasendanza\/files\/2021\/06\/Bildschirmfoto-2021-06-09-um-14.02.52.png\" alt=\"\" class=\"wp-image-2347\" width=\"217\" height=\"113\" srcset=\"https:\/\/blogs.fu-berlin.de\/letrasendanza\/files\/2021\/06\/Bildschirmfoto-2021-06-09-um-14.02.52.png 946w, https:\/\/blogs.fu-berlin.de\/letrasendanza\/files\/2021\/06\/Bildschirmfoto-2021-06-09-um-14.02.52-300x156.png 300w, https:\/\/blogs.fu-berlin.de\/letrasendanza\/files\/2021\/06\/Bildschirmfoto-2021-06-09-um-14.02.52-768x400.png 768w\" sizes=\"auto, (max-width: 217px) 100vw, 217px\" \/><\/figure>\n\n\n\n<p>Montes Met\u00e1licos y dispersaba&nbsp;<\/p>\n\n\n\n<p>el feo holl\u00edn<\/p>\n\n\n\n<div class=\"wp-block-image\"><figure class=\"aligncenter size-large is-resized\"><img loading=\"lazy\" decoding=\"async\" src=\"https:\/\/blogs.fu-berlin.de\/letrasendanza\/files\/2021\/06\/Bildschirmfoto-2021-06-09-um-14.02.38.png\" alt=\"\" class=\"wp-image-2348\" width=\"217\" height=\"115\" srcset=\"https:\/\/blogs.fu-berlin.de\/letrasendanza\/files\/2021\/06\/Bildschirmfoto-2021-06-09-um-14.02.38.png 954w, https:\/\/blogs.fu-berlin.de\/letrasendanza\/files\/2021\/06\/Bildschirmfoto-2021-06-09-um-14.02.38-300x159.png 300w, https:\/\/blogs.fu-berlin.de\/letrasendanza\/files\/2021\/06\/Bildschirmfoto-2021-06-09-um-14.02.38-768x407.png 768w\" sizes=\"auto, (max-width: 217px) 100vw, 217px\" \/><\/figure><\/div>\n\n\n\n<div class=\"wp-block-image\"><figure class=\"alignright size-large is-resized\"><img loading=\"lazy\" decoding=\"async\" src=\"https:\/\/blogs.fu-berlin.de\/letrasendanza\/files\/2021\/06\/Bildschirmfoto-2021-06-09-um-14.03.05.png\" alt=\"\" class=\"wp-image-2352\" width=\"223\" height=\"117\" srcset=\"https:\/\/blogs.fu-berlin.de\/letrasendanza\/files\/2021\/06\/Bildschirmfoto-2021-06-09-um-14.03.05.png 947w, https:\/\/blogs.fu-berlin.de\/letrasendanza\/files\/2021\/06\/Bildschirmfoto-2021-06-09-um-14.03.05-300x158.png 300w, https:\/\/blogs.fu-berlin.de\/letrasendanza\/files\/2021\/06\/Bildschirmfoto-2021-06-09-um-14.03.05-768x405.png 768w\" sizes=\"auto, (max-width: 223px) 100vw, 223px\" \/><\/figure><\/div>\n\n\n\n<p>sobre madera y piedra y a la pobre gente,<\/p>\n\n\n\n<p>nuestro saludo de transe\u00fante.<\/p>\n\n\n\n<div class=\"wp-block-image\"><figure class=\"aligncenter size-large is-resized\"><img loading=\"lazy\" decoding=\"async\" src=\"https:\/\/blogs.fu-berlin.de\/letrasendanza\/files\/2021\/06\/Bildschirmfoto-2021-06-09-um-14.03.19.png\" alt=\"\" class=\"wp-image-2339\" width=\"230\" height=\"121\" srcset=\"https:\/\/blogs.fu-berlin.de\/letrasendanza\/files\/2021\/06\/Bildschirmfoto-2021-06-09-um-14.03.19.png 951w, https:\/\/blogs.fu-berlin.de\/letrasendanza\/files\/2021\/06\/Bildschirmfoto-2021-06-09-um-14.03.19-300x159.png 300w, https:\/\/blogs.fu-berlin.de\/letrasendanza\/files\/2021\/06\/Bildschirmfoto-2021-06-09-um-14.03.19-768x406.png 768w\" sizes=\"auto, (max-width: 230px) 100vw, 230px\" \/><\/figure><\/div>\n\n\n\n<p>Poema de Joachim Ringelnatz publicado en 1928<\/p>\n\n\n\n\n\n<p>Traducci\u00f3n: Ewa&nbsp;Staszewska, Julian Felix Hemsing, Nathalie Hammer<\/p>\n\n\n\n<p>Ilustraciones: Jakob Kirchheim<\/p>\n\n\n\n<p>Taller de traducci\u00f3n: Mar\u00eda Jes\u00fas Beltr\u00e1n, Institut f\u00fcr Romanische Philologie, Freie Universit\u00e4t Berlin<\/p>\n","protected":false},"excerpt":{"rendered":"<p>&#8230; atravesando los Pirineos En medio de la pandemia que nos asola, esperando una mejora de la situaci\u00f3n para poder volver al campus universitario, hemos abierto ventanas de j\u00fabilo y distracci\u00f3n, aprovechamiento y ense\u00f1anza. Colaboraci\u00f3n y escucha. Nos hemos estado reuniendo durante algunos jueves, de forma virtual y al margen de las clases obligatorias, con [&hellip;]<\/p>\n","protected":false},"author":74,"featured_media":0,"comment_status":"open","ping_status":"open","sticky":false,"template":"","format":"standard","meta":{"footnotes":""},"categories":[9,18053,18079],"tags":[18066],"class_list":["post-2335","post","type-post","status-publish","format-standard","hentry","category-allgemein","category-en-otras-lenguas","category-estudiantes","tag-traducciones"],"_links":{"self":[{"href":"https:\/\/blogs.fu-berlin.de\/letrasendanza\/wp-json\/wp\/v2\/posts\/2335","targetHints":{"allow":["GET"]}}],"collection":[{"href":"https:\/\/blogs.fu-berlin.de\/letrasendanza\/wp-json\/wp\/v2\/posts"}],"about":[{"href":"https:\/\/blogs.fu-berlin.de\/letrasendanza\/wp-json\/wp\/v2\/types\/post"}],"author":[{"embeddable":true,"href":"https:\/\/blogs.fu-berlin.de\/letrasendanza\/wp-json\/wp\/v2\/users\/74"}],"replies":[{"embeddable":true,"href":"https:\/\/blogs.fu-berlin.de\/letrasendanza\/wp-json\/wp\/v2\/comments?post=2335"}],"version-history":[{"count":32,"href":"https:\/\/blogs.fu-berlin.de\/letrasendanza\/wp-json\/wp\/v2\/posts\/2335\/revisions"}],"predecessor-version":[{"id":2375,"href":"https:\/\/blogs.fu-berlin.de\/letrasendanza\/wp-json\/wp\/v2\/posts\/2335\/revisions\/2375"}],"wp:attachment":[{"href":"https:\/\/blogs.fu-berlin.de\/letrasendanza\/wp-json\/wp\/v2\/media?parent=2335"}],"wp:term":[{"taxonomy":"category","embeddable":true,"href":"https:\/\/blogs.fu-berlin.de\/letrasendanza\/wp-json\/wp\/v2\/categories?post=2335"},{"taxonomy":"post_tag","embeddable":true,"href":"https:\/\/blogs.fu-berlin.de\/letrasendanza\/wp-json\/wp\/v2\/tags?post=2335"}],"curies":[{"name":"wp","href":"https:\/\/api.w.org\/{rel}","templated":true}]}}