{"id":2416,"date":"2021-10-10T08:36:36","date_gmt":"2021-10-10T08:36:36","guid":{"rendered":"https:\/\/blogs.fu-berlin.de\/letrasendanza\/?p=2416"},"modified":"2021-10-10T08:36:36","modified_gmt":"2021-10-10T08:36:36","slug":"verlas-venir","status":"publish","type":"post","link":"https:\/\/blogs.fu-berlin.de\/letrasendanza\/2021\/10\/10\/verlas-venir\/","title":{"rendered":"Verlas venir"},"content":{"rendered":"\n<p>Inauguramos este \u00faltimo semestre de invierno en la Freie Universit\u00e4t copiando el comienzo de un madrigal de Juan del Encina (1468 \u2013 1529). <\/p>\n\n\n\n<p>Quien haya atravesado tierras de Castilla, a pie, en bici, a caballo, en coche, conocer\u00e1 el espacio desbordado de sus tierras. Con un poco de imaginaci\u00f3n, sazonada de villas y castillos, ilustradas a golpe de selfies, ver\u00e1 <em><strong>verlas venir:  <\/strong><\/em>la &#8222;espantosa artiller\u00eda&#8220;,  los &#8222;pendones y estandartes&#8220;, las &#8222;huestes y peonaje&#8220; &#8230; <\/p>\n\n\n\n<div class=\"wp-block-image\"><figure class=\"aligncenter size-large is-resized\"><img loading=\"lazy\" decoding=\"async\" src=\"https:\/\/blogs.fu-berlin.de\/letrasendanza\/files\/2021\/10\/Meseta-1-1024x768.jpg\" alt=\"\" class=\"wp-image-2418\" width=\"415\" height=\"311\" srcset=\"https:\/\/blogs.fu-berlin.de\/letrasendanza\/files\/2021\/10\/Meseta-1-1024x768.jpg 1024w, https:\/\/blogs.fu-berlin.de\/letrasendanza\/files\/2021\/10\/Meseta-1-300x225.jpg 300w, https:\/\/blogs.fu-berlin.de\/letrasendanza\/files\/2021\/10\/Meseta-1-768x576.jpg 768w, https:\/\/blogs.fu-berlin.de\/letrasendanza\/files\/2021\/10\/Meseta-1-1536x1152.jpg 1536w, https:\/\/blogs.fu-berlin.de\/letrasendanza\/files\/2021\/10\/Meseta-1.jpg 2016w\" sizes=\"auto, (max-width: 415px) 100vw, 415px\" \/><\/figure><\/div>\n\n\n\n<p>Una sa\u00f1osa porf\u00eda&nbsp;&nbsp;&nbsp;&nbsp;&nbsp;&nbsp;&nbsp;&nbsp;&nbsp;&nbsp;&nbsp;&nbsp;&nbsp;&nbsp;&nbsp;&nbsp;&nbsp;&nbsp;&nbsp;<\/p>\n\n\n\n<p>sin ventura va pujando&nbsp;&nbsp;&nbsp;&nbsp;&nbsp;&nbsp;&nbsp;&nbsp;&nbsp;&nbsp;&nbsp;<br>Ya nunca tuve alegr\u00eda&nbsp;<br>ya mi mal se va ordenando.&nbsp;&nbsp;&nbsp;<\/p>\n\n\n\n<div class=\"wp-block-image\"><figure class=\"aligncenter size-large is-resized\"><img loading=\"lazy\" decoding=\"async\" src=\"https:\/\/blogs.fu-berlin.de\/letrasendanza\/files\/2021\/10\/Fortaleza-1024x768.jpg\" alt=\"\" class=\"wp-image-2421\" width=\"409\" height=\"307\" srcset=\"https:\/\/blogs.fu-berlin.de\/letrasendanza\/files\/2021\/10\/Fortaleza-1024x768.jpg 1024w, https:\/\/blogs.fu-berlin.de\/letrasendanza\/files\/2021\/10\/Fortaleza-300x225.jpg 300w, https:\/\/blogs.fu-berlin.de\/letrasendanza\/files\/2021\/10\/Fortaleza-768x576.jpg 768w, https:\/\/blogs.fu-berlin.de\/letrasendanza\/files\/2021\/10\/Fortaleza.jpg 1280w\" sizes=\"auto, (max-width: 409px) 100vw, 409px\" \/><\/figure><\/div>\n\n\n\n<p><br><br>Ya fortuna dispon\u00eda&nbsp;&nbsp;&nbsp;&nbsp;&nbsp;&nbsp;&nbsp;&nbsp;&nbsp;&nbsp;&nbsp;&nbsp;&nbsp;&nbsp;&nbsp;&nbsp;<br>quitar mi pr\u00f3spero mando&nbsp;&nbsp;&nbsp;&nbsp;&nbsp;<br>Qu&#8217;el bravo Le\u00f3n d&#8217;Espa\u00f1a&nbsp;&nbsp;&nbsp;&nbsp;&nbsp;<br>mal me viene amenazando&nbsp;&nbsp;&nbsp;&nbsp;<\/p>\n\n\n\n<p><\/p>\n\n\n\n<div class=\"wp-block-image\"><figure class=\"aligncenter size-large is-resized\"><img loading=\"lazy\" decoding=\"async\" src=\"https:\/\/blogs.fu-berlin.de\/letrasendanza\/files\/2021\/10\/GOrmaz-768x1024.jpg\" alt=\"\" class=\"wp-image-2420\" width=\"230\" height=\"307\" srcset=\"https:\/\/blogs.fu-berlin.de\/letrasendanza\/files\/2021\/10\/GOrmaz-768x1024.jpg 768w, https:\/\/blogs.fu-berlin.de\/letrasendanza\/files\/2021\/10\/GOrmaz-225x300.jpg 225w, https:\/\/blogs.fu-berlin.de\/letrasendanza\/files\/2021\/10\/GOrmaz-1152x1536.jpg 1152w, https:\/\/blogs.fu-berlin.de\/letrasendanza\/files\/2021\/10\/GOrmaz-1536x2048.jpg 1536w, https:\/\/blogs.fu-berlin.de\/letrasendanza\/files\/2021\/10\/GOrmaz-scaled.jpg 1920w\" sizes=\"auto, (max-width: 230px) 100vw, 230px\" \/><\/figure><\/div>\n\n\n\n<p><br><br>Su espantosa artiller\u00eda&nbsp;&nbsp;&nbsp;&nbsp;&nbsp;&nbsp;&nbsp;&nbsp;&nbsp;&nbsp;&nbsp;&nbsp;<br>Los adarves derribando&nbsp;&nbsp;&nbsp;&nbsp;&nbsp;&nbsp;&nbsp;&nbsp;&nbsp;&nbsp;<br>mis villas y mis castillos&nbsp;&nbsp;&nbsp;&nbsp;&nbsp;&nbsp;&nbsp;&nbsp;&nbsp;&nbsp;<br>mis ciudades va ganando.&nbsp;&nbsp;&nbsp;&nbsp;&nbsp;&nbsp;<br><br>La tierra y el mar gem\u00edan&nbsp;&nbsp;&nbsp;&nbsp;&nbsp;&nbsp;&nbsp;&nbsp;&nbsp;&nbsp;&nbsp;&nbsp;&nbsp;&nbsp;&nbsp;&nbsp;&nbsp;&nbsp;&nbsp;<br>que viene se\u00f1oreando&nbsp;&nbsp;&nbsp;&nbsp;&nbsp;&nbsp;&nbsp;&nbsp;&nbsp;&nbsp;&nbsp;&nbsp;&nbsp;&nbsp;&nbsp;&nbsp;&nbsp;&nbsp;&nbsp;&nbsp;&nbsp;&nbsp;&nbsp;<br>sus pendones y estandartes&nbsp;&nbsp;&nbsp;&nbsp;&nbsp;&nbsp;&nbsp;&nbsp;&nbsp;&nbsp;&nbsp;&nbsp;&nbsp;&nbsp;<\/p>\n\n\n\n<p>y banderas levantando.&nbsp;&nbsp;&nbsp;&nbsp;&nbsp;&nbsp;&nbsp;&nbsp;&nbsp;&nbsp;&nbsp;&nbsp;&nbsp;&nbsp;&nbsp;&nbsp;&nbsp;&nbsp;&nbsp;&nbsp;&nbsp;&nbsp;<\/p>\n\n\n\n<div class=\"wp-block-image\"><figure class=\"aligncenter size-large is-resized\"><img loading=\"lazy\" decoding=\"async\" src=\"https:\/\/blogs.fu-berlin.de\/letrasendanza\/files\/2021\/10\/Santiago-577x1024.png\" alt=\"\" class=\"wp-image-2422\" width=\"274\" height=\"485\" srcset=\"https:\/\/blogs.fu-berlin.de\/letrasendanza\/files\/2021\/10\/Santiago-577x1024.png 577w, https:\/\/blogs.fu-berlin.de\/letrasendanza\/files\/2021\/10\/Santiago-169x300.png 169w, https:\/\/blogs.fu-berlin.de\/letrasendanza\/files\/2021\/10\/Santiago.png 640w\" sizes=\"auto, (max-width: 274px) 100vw, 274px\" \/><\/figure><\/div>\n\n\n\n<p><br>La muy gran caballer\u00eda&nbsp;&nbsp;&nbsp;&nbsp;&nbsp;&nbsp;&nbsp;&nbsp;&nbsp;&nbsp;&nbsp;&nbsp;&nbsp;&nbsp;&nbsp;&nbsp;&nbsp;&nbsp;&nbsp;&nbsp;&nbsp;&nbsp;&nbsp;<br>hela, viene relumbrando&nbsp;&nbsp;&nbsp;&nbsp;&nbsp;&nbsp;&nbsp;&nbsp;&nbsp;&nbsp;&nbsp;&nbsp;&nbsp;&nbsp;&nbsp;&nbsp;&nbsp;&nbsp;&nbsp;&nbsp;<br>sus huestes y peonaje&nbsp;&nbsp;&nbsp;&nbsp;&nbsp;&nbsp;&nbsp;&nbsp;&nbsp;&nbsp;&nbsp;&nbsp;&nbsp;&nbsp;&nbsp;&nbsp;&nbsp;&nbsp;&nbsp;&nbsp;&nbsp;&nbsp;&nbsp;&nbsp;&nbsp;&nbsp;&nbsp;&nbsp;&nbsp;&nbsp;&nbsp;&nbsp;&nbsp;&nbsp;&nbsp;&nbsp;<br>all\u00b4 aire viene turbando.&nbsp;&nbsp;&nbsp;&nbsp;&nbsp;&nbsp;&nbsp;&nbsp;&nbsp;&nbsp;&nbsp;&nbsp;&nbsp;&nbsp;&nbsp;&nbsp;&nbsp;&nbsp;&nbsp;&nbsp;&nbsp;&nbsp;<\/p>\n\n\n\n<div class=\"wp-block-image\"><figure class=\"aligncenter size-large is-resized\"><img loading=\"lazy\" decoding=\"async\" src=\"https:\/\/blogs.fu-berlin.de\/letrasendanza\/files\/2021\/10\/Iglesia-1024x768.jpg\" alt=\"\" class=\"wp-image-2423\" width=\"424\" height=\"318\" srcset=\"https:\/\/blogs.fu-berlin.de\/letrasendanza\/files\/2021\/10\/Iglesia-1024x768.jpg 1024w, https:\/\/blogs.fu-berlin.de\/letrasendanza\/files\/2021\/10\/Iglesia-300x225.jpg 300w, https:\/\/blogs.fu-berlin.de\/letrasendanza\/files\/2021\/10\/Iglesia-768x576.jpg 768w, https:\/\/blogs.fu-berlin.de\/letrasendanza\/files\/2021\/10\/Iglesia-1536x1152.jpg 1536w, https:\/\/blogs.fu-berlin.de\/letrasendanza\/files\/2021\/10\/Iglesia-2048x1536.jpg 2048w\" sizes=\"auto, (max-width: 424px) 100vw, 424px\" \/><\/figure><\/div>\n\n\n\n<p><br><br>Correme la morer\u00eda,&nbsp;&nbsp;&nbsp;&nbsp;&nbsp;&nbsp;&nbsp;&nbsp;&nbsp;&nbsp;&nbsp;&nbsp;&nbsp;&nbsp;&nbsp;&nbsp;&nbsp;&nbsp;&nbsp;&nbsp;&nbsp;&nbsp;&nbsp;&nbsp;&nbsp;&nbsp;&nbsp;<br>los campos viene talando&nbsp;&nbsp;&nbsp;&nbsp;&nbsp;&nbsp;&nbsp;&nbsp;&nbsp;&nbsp;&nbsp;&nbsp;&nbsp;&nbsp;&nbsp;&nbsp;&nbsp;&nbsp;<br>mis compa\u00f1as y caudillos&nbsp;&nbsp;&nbsp;&nbsp;&nbsp;&nbsp;&nbsp;&nbsp;&nbsp;&nbsp;&nbsp;&nbsp;&nbsp;&nbsp;&nbsp;&nbsp;&nbsp;&nbsp;<br>viene venciendo y matando.&nbsp;&nbsp;&nbsp;&nbsp;&nbsp;&nbsp;&nbsp;&nbsp;&nbsp;&nbsp;&nbsp;&nbsp;&nbsp;&nbsp;<br><br>Las mezquitas de Mahoma&nbsp;&nbsp;&nbsp;&nbsp;&nbsp;&nbsp;&nbsp;&nbsp;&nbsp;&nbsp;&nbsp;&nbsp;&nbsp;&nbsp;&nbsp;&nbsp;<br>en iglesias consagrando <\/p>\n\n\n\n<p>&#8230;&#8230;<\/p>\n\n\n\n<div class=\"wp-block-image\"><figure class=\"aligncenter size-large is-resized\"><img loading=\"lazy\" decoding=\"async\" src=\"https:\/\/blogs.fu-berlin.de\/letrasendanza\/files\/2021\/10\/Sonnenuntergang-577x1024.png\" alt=\"\" class=\"wp-image-2429\" width=\"307\" height=\"545\" srcset=\"https:\/\/blogs.fu-berlin.de\/letrasendanza\/files\/2021\/10\/Sonnenuntergang-577x1024.png 577w, https:\/\/blogs.fu-berlin.de\/letrasendanza\/files\/2021\/10\/Sonnenuntergang-169x300.png 169w, https:\/\/blogs.fu-berlin.de\/letrasendanza\/files\/2021\/10\/Sonnenuntergang.png 640w\" sizes=\"auto, (max-width: 307px) 100vw, 307px\" \/><\/figure><\/div>\n","protected":false},"excerpt":{"rendered":"<p>Inauguramos este \u00faltimo semestre de invierno en la Freie Universit\u00e4t copiando el comienzo de un madrigal de Juan del Encina (1468 \u2013 1529). Quien haya atravesado tierras de Castilla, a pie, en bici, a caballo, en coche, conocer\u00e1 el espacio desbordado de sus tierras. Con un poco de imaginaci\u00f3n, sazonada de villas y castillos, ilustradas [&hellip;]<\/p>\n","protected":false},"author":74,"featured_media":0,"comment_status":"open","ping_status":"open","sticky":false,"template":"","format":"standard","meta":{"footnotes":""},"categories":[9,17905],"tags":[18078,18077],"class_list":["post-2416","post","type-post","status-publish","format-standard","hentry","category-allgemein","category-leer","tag-musica","tag-poesia"],"_links":{"self":[{"href":"https:\/\/blogs.fu-berlin.de\/letrasendanza\/wp-json\/wp\/v2\/posts\/2416","targetHints":{"allow":["GET"]}}],"collection":[{"href":"https:\/\/blogs.fu-berlin.de\/letrasendanza\/wp-json\/wp\/v2\/posts"}],"about":[{"href":"https:\/\/blogs.fu-berlin.de\/letrasendanza\/wp-json\/wp\/v2\/types\/post"}],"author":[{"embeddable":true,"href":"https:\/\/blogs.fu-berlin.de\/letrasendanza\/wp-json\/wp\/v2\/users\/74"}],"replies":[{"embeddable":true,"href":"https:\/\/blogs.fu-berlin.de\/letrasendanza\/wp-json\/wp\/v2\/comments?post=2416"}],"version-history":[{"count":9,"href":"https:\/\/blogs.fu-berlin.de\/letrasendanza\/wp-json\/wp\/v2\/posts\/2416\/revisions"}],"predecessor-version":[{"id":2431,"href":"https:\/\/blogs.fu-berlin.de\/letrasendanza\/wp-json\/wp\/v2\/posts\/2416\/revisions\/2431"}],"wp:attachment":[{"href":"https:\/\/blogs.fu-berlin.de\/letrasendanza\/wp-json\/wp\/v2\/media?parent=2416"}],"wp:term":[{"taxonomy":"category","embeddable":true,"href":"https:\/\/blogs.fu-berlin.de\/letrasendanza\/wp-json\/wp\/v2\/categories?post=2416"},{"taxonomy":"post_tag","embeddable":true,"href":"https:\/\/blogs.fu-berlin.de\/letrasendanza\/wp-json\/wp\/v2\/tags?post=2416"}],"curies":[{"name":"wp","href":"https:\/\/api.w.org\/{rel}","templated":true}]}}