{"id":2467,"date":"2021-11-22T09:58:30","date_gmt":"2021-11-22T09:58:30","guid":{"rendered":"https:\/\/blogs.fu-berlin.de\/letrasendanza\/?p=2467"},"modified":"2021-11-22T12:35:03","modified_gmt":"2021-11-22T12:35:03","slug":"aurora-venturini-y-las-prisas","status":"publish","type":"post","link":"https:\/\/blogs.fu-berlin.de\/letrasendanza\/2021\/11\/22\/aurora-venturini-y-las-prisas\/","title":{"rendered":"Aurora Venturini y las prisas"},"content":{"rendered":"\n<p>Aurora Venturini sinti\u00f3 prisa cuando se puso a redactar \u201cLas primas\u201d (Barcelona, Caballo de Troya, 2009), de manera que, si pon\u00eda signos de puntuaci\u00f3n al texto que estaba tecleando en su m\u00e1quina de escribir, se le iba la idea.&nbsp;<\/p>\n\n\n\n<p>Varias intuiciones me llevan a abrir la entrada de hoy con esa afirmaci\u00f3n tan tajante. En primer lugar,&nbsp;<strong>la edad<\/strong>. Cuando se han sobrepasado los 80 y se tienen a\u00fan muchas cosas que decir como era el caso de Aurora Venturini (1922 \u2013 2015), acucia encontrar huecos en la sociedad para plasmar lo que se lleva dentro (\u201cSoy una entidad rara que solo quiere escribir\u201d). Cuando su secretaria le mostr\u00f3 la convocatoria del premio&nbsp;Nueva Novela de P\u00e1gina\/12, Aurora se puso manos a la obra. Por primera vez escribir\u00eda una novela completamente a m\u00e1quina y casi de un tir\u00f3n (tard\u00f3 dos meses, finaliz\u00f3 dos d\u00edas antes de acabar el plazo de entrega).<\/p>\n\n\n\n<p>Mi segundo presentimiento, relacion\u00e1ndolo con la b\u00fasqueda de huecos, es que ella ten\u00eda <strong>conciencia<\/strong>&nbsp;de que lo que hac\u00eda pose\u00eda un valor intr\u00ednseco. Aurora Venturini, cuando -dig\u00e1moslo as\u00ed- salt\u00f3 a la fama con el premio Nueva Novela de P\u00e1gina\/12 en 2007, llevaba ya publicados m\u00e1s de 30 libros en editoriales poco conocidas, perif\u00e9ricas, lo que pon\u00eda un cendal entre su obra y el gran p\u00fablico: ella quer\u00eda transparencia y comunicaci\u00f3n.&nbsp;<\/p>\n\n\n\n<p>En tercer lugar, el tema de&nbsp;<strong>la familia,<\/strong>&nbsp;ese gran fil\u00f3n para miles de artistas. La de Aurora era monstruosa, como lleg\u00f3 a decir ella misma tantas veces. Si la creaci\u00f3n de&nbsp;<em>Las primas<\/em>&nbsp;bebe de experiencias propias, el sortilegio de la ficci\u00f3n funciona.&nbsp;<\/p>\n\n\n\n<p>Para entrar en lo que hoy deseo comentar, les resumo la novela, en abstracto y en pocas palabras:&nbsp;<strong><em>Las primas<\/em><\/strong>&nbsp;cuenta la historia de una mujer artista que utiliza palabras&nbsp;<em>performativas<\/em> para ir desprendi\u00e9ndose de las personas-lapas que la rodean. Su objetivo \u00faltimo es alcanzar la normalidad en medio de un contexto no normal (<em>a veces quisiera ser normal del todo,<\/em>&nbsp;nos recalca ella misma) y dedicarse a la pintura.&nbsp;<\/p>\n\n\n\n<p>La novela est\u00e1 dividida en tres partes. En cada una de ellas aparecen cap\u00edtulos de pocas p\u00e1ginas con sus ep\u00edgrafes orientativos sobre el tema tratado o la fase del relato, lo cual contribuye a que la lectura discurra como el agua de un r\u00edo en terreno llano.&nbsp;<\/p>\n\n\n\n<p>Como profesora de lengua espa\u00f1ola en la <strong><em>Freie Universit\u00e4t<\/em><\/strong> de Berl\u00edn, me ha interesado en especial el valor a\u00f1adido que adquieren los signos de puntuaci\u00f3n a lo largo de todo el texto de ficci\u00f3n. Y como docente de literatura quiero destacar c\u00f3mo la voz narradora desarrolla un lazo de complicidad con quienes sostenemos el libro entre las manos y nos adentramos ley\u00e9ndolo en su historia.&nbsp;<\/p>\n\n\n\n<p>Reconozco que existen otras y muy id\u00f3neas lecturas de&nbsp;<strong><em>Las primas<\/em><\/strong>, pues esta peque\u00f1a gran novela da mucho de s\u00ed, pero a\u00fan me encuentro envuelta en la labor docente y son esos dos aspectos (puntuaci\u00f3n significativa y complicidad) los que a d\u00eda de hoy me interesa se\u00f1alar.&nbsp;&nbsp;<\/p>\n\n\n\n<h2 class=\"wp-block-heading\">\u201cSi pongo el signo se me va la idea\u201d<\/h2>\n\n\n\n<p>En el texto de<strong><span class=\"has-inline-color has-luminous-vivid-amber-color\">&nbsp;<em>Las primas<\/em><\/span><\/strong>&nbsp;los signos de puntuaci\u00f3n se elevan al pedestal de significado. Una coma, un punto, un punto y coma no son aqu\u00ed silencios, como en m\u00fasica. Son obst\u00e1culos que interrumpen el flujo del pensamiento. Y el texto creado en esta novela se presenta como comunicaci\u00f3n discursiva de las muchas ideas de la joven artista. Su problema es que utilizar los signos cansa y confunde:&nbsp;<\/p>\n\n\n\n<div class=\"wp-block-image\"><figure class=\"alignright size-large is-resized\"><img loading=\"lazy\" decoding=\"async\" src=\"https:\/\/blogs.fu-berlin.de\/letrasendanza\/files\/2021\/11\/Mary-Shea-1-745x1024.jpeg\" alt=\"\" class=\"wp-image-2475\" width=\"343\" height=\"471\" srcset=\"https:\/\/blogs.fu-berlin.de\/letrasendanza\/files\/2021\/11\/Mary-Shea-1-745x1024.jpeg 745w, https:\/\/blogs.fu-berlin.de\/letrasendanza\/files\/2021\/11\/Mary-Shea-1-218x300.jpeg 218w, https:\/\/blogs.fu-berlin.de\/letrasendanza\/files\/2021\/11\/Mary-Shea-1-768x1056.jpeg 768w, https:\/\/blogs.fu-berlin.de\/letrasendanza\/files\/2021\/11\/Mary-Shea-1-1117x1536.jpeg 1117w, https:\/\/blogs.fu-berlin.de\/letrasendanza\/files\/2021\/11\/Mary-Shea-1.jpeg 1345w\" sizes=\"auto, (max-width: 343px) 100vw, 343px\" \/><figcaption><a href=\"https:\/\/mary-shea.com\/portfolio\/\" target=\"_blank\" rel=\"noreferrer noopener\"><strong>\u00a9<\/strong> Mary Shea<\/a><\/figcaption><\/figure><\/div>\n\n\n\n<p><span class=\"has-inline-color has-luminous-vivid-amber-color\">Ah&#8230; los puntos&#8230; fatigan pero adentro de la cabeza ponen ideas tantas que se atropellan y luego ya no s\u00e9 qu\u00e9 era lo que ten\u00eda inter\u00e9s de aclarar \u2026<\/span><\/p>\n\n\n\n<p>Yuna, la narradora, no se puede permitir usar puntos y comas porque se pierde en un c\u00famulo de&nbsp;<em>visiones y pensares<\/em>&nbsp;que le provocan dolor en su cerebro, que seg\u00fan nos confiesa, es lo m\u00e1s&nbsp;<em>enfermo y debilucho de toda mi in\u00fatil familia<\/em>. Pero, a fin de cuentas, veremos que son necesarios, pues el objetivo \u00faltimo al que aspira es la llamada normalidad, y en esta los signos de puntuaci\u00f3n son propios de la escritura.&nbsp;<\/p>\n\n\n\n<p>Yuna diferencia entre lo que lleva<em> por dentro de mi psiquis<\/em> de su parte exterior tan distinta: <em>la boba de afuera que hablaba sin punto ni coma<\/em>. Y nos explica que si pone esos signos pierde la palabra hablada, esto es, se traba en la comunicaci\u00f3n. Porque lo que fundamentalmente le interesa es que la entiendan, que la entendamos. Ella necesita sacar palabras sin pensar, sin el estorbo que suponen los signos de puntuaci\u00f3n, porque as\u00ed no se deja atrapar por c\u00f3mo son las palabras:<\/p>\n\n\n\n<p><span class=\"has-inline-color has-luminous-vivid-amber-color\">\u2026 quedaba boquiabierta pensando que exist\u00edan palabras gordas y palabras flacas, palabras negras y blancas, palabras locas y criteriosas, palabras que dorm\u00edan en los diccionarios y que nadie usaba. Aqu\u00ed por ejemplo us\u00e9 comas. Y puntos. Pero ahora debo salir al patio a respirar&nbsp;\u2026<\/span><\/p>\n\n\n\n<h2 class=\"wp-block-heading\">La conciencia de Yuna<\/h2>\n\n\n\n<p>Hacia la mitad de la primera parte de la novela, que funciona como obertura oper\u00edstica, retablo de maravillas truculentas, aparece con nitidez la conciencia de Yuna, pintora, de que est\u00e1 componiendo con palabras un personaje en su relato. En el cap\u00edtulo titulado&nbsp;<em><span class=\"has-inline-color has-very-dark-gray-color\">C\u00f3mo era mi t\u00eda Nen\u00e9<\/span><\/em>, dice Yuna de ella que:&nbsp;<\/p>\n\n\n\n<p><span class=\"has-inline-color has-luminous-vivid-amber-color\">Nen\u00e9 tocaba la guitarra de o\u00eddo, para tocar la guitarra luc\u00eda una vincha azul y blanca y odiaba a los gringos. Las ideas se me desparraman cuando intento describirla, son tantas y tontas pero justo es reconocer que se trata de un personaje.<\/span><\/p>\n\n\n\n<p>El hecho de combinar textualmente una vincha con el odio a los gringos parece excusado con la aclaraci\u00f3n de que se le <em>desparraman<\/em> las ideas. Adem\u00e1s, la simp\u00e1tica combinaci\u00f3n de <em>tantas y tontas<\/em> pone en solfa el mero hecho art\u00edstico de querer caracterizar a un personaje.&nbsp;<\/p>\n\n\n\n<h2 class=\"wp-block-heading\">La complicidad<\/h2>\n\n\n\n<p>Otro aspecto de la narraci\u00f3n que destaco hoy es c\u00f3mo la voz narradora va estableciendo un respetuoso contacto directo con la persona que lee el texto. Quienes estamos del lado de ac\u00e1 de la escritura, al leerla, la visualizamos a ella y su entorno a trav\u00e9s de las palabras porque nos habla directamente, nos convierte en interlocutores oblig\u00e1ndonos con fina elegancia a escucharla. Nos apela:\u00a0<\/p>\n\n\n\n<p><span class=\"has-inline-color has-luminous-vivid-amber-color\">Recuerden que cuando punt\u00fao debo descansar y el lugar de mi cabeza se repleta de formas y de ideas que de seguir mirando el punto nada me saldr\u00eda.&nbsp;<\/span><\/p>\n\n\n\n<p>Ella sabe que resulta molesto no hacer las pausas necesarias para alcanzar la comprensi\u00f3n y por eso nos pide disculpas:&nbsp;<\/p>\n\n\n\n<p><span class=\"has-inline-color has-luminous-vivid-amber-color\">\u2026 solucionar\u00e9 estas molestias que deben entorpecer la lectura de lo que escribo&nbsp;y a usted lector a quien pido mil perdones &#8230; <\/span><\/p>\n\n\n\n<p>Este recurso se convierte en complicidad cuando nos halaga porque sabe que se est\u00e1 quedando cada vez m\u00e1s sola y nos necesita. Perdernos ser\u00eda fatal. De este riesgo ella es consciente:&nbsp;<\/p>\n\n\n\n<p><span class=\"has-inline-color has-luminous-vivid-amber-color\">Ya no dir\u00e9 que me cansan los puntos y comas porque voy a quedar rid\u00edcula y van a dejar de leerme aquellos buenos lectores que simpaticen conmigo.<\/span><\/p>\n\n\n\n<p>Confiesa su esfuerzo por aprender, mejorar poniendo puntos y comas en los lugares que hagan falta para que la <em>sopa de letras<\/em> no se descomponga:&nbsp;<\/p>\n\n\n\n<p><span class=\"has-inline-color has-luminous-vivid-amber-color\">Tratar\u00e9 de aprender a colocar comas y puntos porque todo lo escrito se me viene encima como si me volcara un plato repleto de fideos sopa de letras y al lector acaso le ocurra lo mismo pero todo de una sola vez no puedo y tambi\u00e9n tengo que aprender el tema de may\u00fasculas y acentuaciones.&nbsp;<\/span><\/p>\n\n\n\n<h2 class=\"wp-block-heading\"><em>Con voluntad todo es posible<\/em><\/h2>\n\n\n\n<p>S\u00ed, Yuna (Aurora) es reina de la voluntad: llega a construir una obra de arte contando una bella y terrible historia de superaci\u00f3n, sin \u00e1pice de falsa modestia envolvi\u00e9ndonos en ella. En el cap\u00edtulo titulado&nbsp;<em>Una nueva amistad<span class=\"has-inline-color has-luminous-vivid-amber-color\"> <\/span><span class=\"has-inline-color has-very-dark-gray-color\">que puede durar<\/span><\/em>, aunque en la ficci\u00f3n se est\u00e9 refiriendo a un nuevo personaje que aparece hacia el desenlace, podr\u00edamos interpretar que la nueva amistad es la que se est\u00e1 estableciendo entre la autora y las personas que leemos sus obras, pues nos est\u00e1 mencionando e interpelando:&nbsp;<\/p>\n\n\n\n<p><span class=\"has-inline-color has-luminous-vivid-amber-color\">Los lectores admirar\u00e1n mis adelantos en escritura aunque todav\u00eda no acierto puntuaciones pero prometo corregir lo de las puntuaciones y deben disculparme porque todo a la vez no es posible y en poco tiempo he corrido tanto como Marat\u00f3n. Creo ser culta. Ser\u00e9 m\u00e1s culta si mi naturaleza endeble lo permite.&nbsp;<\/span><\/p>\n\n\n\n<h2 class=\"wp-block-heading\">Ah, los diccionarios, esos grandes tesoros<\/h2>\n\n\n\n<p>Las palabras duermen en los diccionarios y Yuna, con su honradez peculiar, nos avisa en el texto poni\u00e9ndolo entre par\u00e9ntesis siempre que ha utilizado una palabra que no forma parte de su vocabulario y que utiliza despu\u00e9s de haberla&nbsp;<em>despertado<\/em>&nbsp;del diccionario. Al principio es expl\u00edcita. Veamos solo tres ejemplos:&nbsp;&nbsp;<\/p>\n\n\n\n<p>\u2026 <span class=\"has-inline-color has-luminous-vivid-amber-color\">lo gracioso del caso y ac\u00e1 me r\u00edo aunque sea pecado por lo absurdo (palabra del diccionario), y lo absurdo resulta del resbal\u00f3n de t\u00eda Nen\u00e9<\/span> \u2026<\/p>\n\n\n\n<p>\u2026 <span class=\"has-inline-color has-luminous-vivid-amber-color\">aunque tampoco comprendo el dicho intuyo (palabra del diccionario) que concuerda con el parlamento de mi prima<\/span> \u2026<\/p>\n\n\n\n<p>\u2026 <span class=\"has-inline-color has-luminous-vivid-amber-color\">No s\u00e9 por qu\u00e9 una sombra de duda que despu\u00e9s pint\u00e9 en un cart\u00f3n sesg\u00f3 (palabra del diccionario) el ambiente <\/span>\u2026<\/p>\n\n\n\n<p>M\u00e1s adelante reduce el contenido del par\u00e9ntesis informativo:&nbsp;<\/p>\n\n\n\n<p>\u2026 <span class=\"has-inline-color has-luminous-vivid-amber-color\">sentimientos o alegor\u00eda que despu\u00e9s vert\u00eda en mis obras ya que yo significaba un nexo (diccionario) entre algo y alguien<\/span> \u2026<\/p>\n\n\n\n<p>Hasta convertirlo en una sombra:&nbsp;<\/p>\n\n\n\n<p>\u2026 <span class=\"has-inline-color has-luminous-vivid-amber-color\">Y mientras elucubraba (\u00eddem) estas tonter\u00edas me pareci\u00f3 ver pasar por la esquina <\/span>\u2026<\/p>\n\n\n\n<p>\u2026 <span class=\"has-inline-color has-luminous-vivid-amber-color\">vi que por la calle paralela (\u00eddem) un se\u00f1or empujaba un cochecito<\/span> \u2026<\/p>\n\n\n\n<h2 class=\"wp-block-heading\">Sesoral no est\u00e1 en el diccionario<\/h2>\n\n\n\n<p>Ahora bien, hay una palabra o\u00edda que Yuna no encuentra en el diccionario, por lo que tiene que recurrir a la inquisici\u00f3n personal:&nbsp;<\/p>\n\n\n\n<p><span class=\"has-inline-color has-luminous-vivid-amber-color\">Busqu\u00e9 denodadamente el significado de sesoral en el diccionario y por primera vez me fall\u00f3 la investigaci\u00f3n, no me quedaba m\u00e1s recurso que recurrir a preguntar persona a persona a Petra qu\u00e9 era sesoral.<\/span><\/p>\n\n\n\n<p>Esta palabra, que es acto, resulta tan importante para la trama que le da t\u00edtulo a un cap\u00edtulo (<em><span class=\"has-inline-color has-very-dark-gray-color\">El enigma del sesoral<\/span><\/em>) y arranca una buena porci\u00f3n de socarroner\u00eda al discurso. <\/p>\n\n\n\n<p>Les invito a que lean y descubran.&nbsp;<\/p>\n\n\n\n<h2 class=\"has-text-align-center wp-block-heading\">Coda<\/h2>\n\n\n\n<p>A quien todav\u00eda no conozca la obra de Venturini, recomiendo leer, para iniciarse, el art\u00edculo de otra grand\u00edsima escritora argentina, Mariana Enr\u00edquez, titulado&nbsp;<strong><em>Mis monstruos<\/em><\/strong>&nbsp;<a rel=\"noreferrer noopener\" href=\"https:\/\/www.pagina12.com.ar\/diario\/suplementos\/libros\/10-4709-2012-06-24.html\" target=\"_blank\">(cliquee aqu\u00ed)<\/a>.<\/p>\n\n\n\n<p>Mariana Enr\u00edquez tambi\u00e9n escribe un espl\u00e9ndido resumen-comentario de la novela en estas p\u00e1ginas:&nbsp;<strong><em>La espectacular literatura deforme de Aurora Venturini<\/em><\/strong>, texto que constituye el<a rel=\"noreferrer noopener\" href=\"https:\/\/www.eltiempo.com\/cultura\/musica-y-libros\/el-afortunado-hallazgo-de-aurora-venturini-una-escritora-de-85-anos-582118\" target=\"_blank\"> pr\u00f3logo a la edici\u00f3n de Planeta<\/a>. <\/p>\n\n\n\n<p>De ambas escritoras argentinas, Venturini y Enr\u00edquez, nos seguiremos ocupando en estas&nbsp;<strong><em>Letras en Danza<\/em><\/strong>, porque no son tango, ni se adoban en salsa, ni giran como en un vals. Son autoras de buena literatura que nos alimenta como el aire que respiramos, a veces en las urbes, otras en cavernas: textos que nos remiten a nosotras mismas y nos laceran.&nbsp;<\/p>\n\n\n\n<p class=\"has-text-align-right\"><strong>\u00a9<\/strong> Mar\u00eda Jes\u00fas Beltr\u00e1n Brotons<\/p>\n","protected":false},"excerpt":{"rendered":"<p>Aurora Venturini sinti\u00f3 prisa cuando se puso a redactar \u201cLas primas\u201d (Barcelona, Caballo de Troya, 2009), de manera que, si pon\u00eda signos de puntuaci\u00f3n al texto que estaba tecleando en su m\u00e1quina de escribir, se le iba la idea.&nbsp; Varias intuiciones me llevan a abrir la entrada de hoy con esa afirmaci\u00f3n tan tajante. En [&hellip;]<\/p>\n","protected":false},"author":74,"featured_media":0,"comment_status":"open","ping_status":"open","sticky":false,"template":"","format":"standard","meta":{"footnotes":""},"categories":[9,17719,17905],"tags":[18083],"class_list":["post-2467","post","type-post","status-publish","format-standard","hentry","category-allgemein","category-comentar","category-leer","tag-novelas"],"_links":{"self":[{"href":"https:\/\/blogs.fu-berlin.de\/letrasendanza\/wp-json\/wp\/v2\/posts\/2467","targetHints":{"allow":["GET"]}}],"collection":[{"href":"https:\/\/blogs.fu-berlin.de\/letrasendanza\/wp-json\/wp\/v2\/posts"}],"about":[{"href":"https:\/\/blogs.fu-berlin.de\/letrasendanza\/wp-json\/wp\/v2\/types\/post"}],"author":[{"embeddable":true,"href":"https:\/\/blogs.fu-berlin.de\/letrasendanza\/wp-json\/wp\/v2\/users\/74"}],"replies":[{"embeddable":true,"href":"https:\/\/blogs.fu-berlin.de\/letrasendanza\/wp-json\/wp\/v2\/comments?post=2467"}],"version-history":[{"count":37,"href":"https:\/\/blogs.fu-berlin.de\/letrasendanza\/wp-json\/wp\/v2\/posts\/2467\/revisions"}],"predecessor-version":[{"id":2495,"href":"https:\/\/blogs.fu-berlin.de\/letrasendanza\/wp-json\/wp\/v2\/posts\/2467\/revisions\/2495"}],"wp:attachment":[{"href":"https:\/\/blogs.fu-berlin.de\/letrasendanza\/wp-json\/wp\/v2\/media?parent=2467"}],"wp:term":[{"taxonomy":"category","embeddable":true,"href":"https:\/\/blogs.fu-berlin.de\/letrasendanza\/wp-json\/wp\/v2\/categories?post=2467"},{"taxonomy":"post_tag","embeddable":true,"href":"https:\/\/blogs.fu-berlin.de\/letrasendanza\/wp-json\/wp\/v2\/tags?post=2467"}],"curies":[{"name":"wp","href":"https:\/\/api.w.org\/{rel}","templated":true}]}}