{"id":2510,"date":"2021-11-28T16:16:26","date_gmt":"2021-11-28T16:16:26","guid":{"rendered":"https:\/\/blogs.fu-berlin.de\/letrasendanza\/?p=2510"},"modified":"2021-11-28T18:28:50","modified_gmt":"2021-11-28T18:28:50","slug":"entrevistas-empatia-y-buen-hacer","status":"publish","type":"post","link":"https:\/\/blogs.fu-berlin.de\/letrasendanza\/2021\/11\/28\/entrevistas-empatia-y-buen-hacer\/","title":{"rendered":"Entrevistas, empat\u00eda y buen hacer"},"content":{"rendered":"\n<p>Cuando escuchamos en la radio una entrevista que alguien le hace a una escritora, cuyas obras estamos estudiando, nos solemos fijar primero en las respuestas que esta ofrece, es decir, en los contenidos. Tambi\u00e9n (a)notamos la idoneidad de las propias preguntas, pues si est\u00e1n formuladas con acierto, nos abren nuevas perspectivas. Pero lo que suele pasar menos, o dejamos en un segundo plano, es que centremos nuestra atenci\u00f3n en otras claves de entendimiento, m\u00e1s all\u00e1 del puro contenido informativo o literario, a saber, c\u00f3mo interviene quien entrevista en el flujo comunicativo de la persona entrevistada.<\/p>\n\n\n\n<p>Parto de la base de que realizar una buena entrevista, entretenida, informativa, l\u00facida, es una tarea que requiere pericia y profesionalidad. La persona que entrevista (llam\u00e9mosla aqu\u00ed <strong>P<\/strong>) se retrata cuando est\u00e1 trabajando: debe mostrar no solo conocer la obra de su interlocutora sino tambi\u00e9n sintetizar lo m\u00e1s relevante. Ahora bien, la cuesti\u00f3n es c\u00f3mo act\u00faa <strong>P<\/strong> ante las respuestas de la escritora (llam\u00e9mosla aqu\u00ed <strong>E<\/strong>) sin que la entrevista se convierta en un puro cat\u00e1logo de preguntas y respuestas.<\/p>\n\n\n\n<p>Para mis clases de nivel de lengua B2-C1 he elegido dos entrevistas realizadas a Mariana Enr\u00edquez en 2020. Mis estudiantes conocen parte de la obra de esta escritora argentina y est\u00e1n al tanto de los temas que aborda y de c\u00f3mo lo hace. Por eso, en un ejercicio de comprensi\u00f3n auditiva, les ped\u00ed que centraran la atenci\u00f3n en analizar c\u00f3mo y con qu\u00e9 recursos <strong>P<\/strong> interviene, acompa\u00f1a o interrumpe a <strong>E<\/strong> poniendo al (des)cubierto sus  saberes o bien sus  propios \u201cfantasmas\u201d. En definitiva, quer\u00edamos analizar en el acto de escucha c\u00f3mo este se convierte en <strong>significativo<\/strong>.<\/p>\n\n\n\n<p>Empecemos por la<strong> apertura<\/strong> cuando <strong>P<\/strong> se dirige al p\u00fablico: Lo ideal, en la presentaci\u00f3n, es conseguir arrojar luz sobre aspectos relevantes y caracter\u00edsticos de la autora y su obra, sin dejar de despertar curiosidad. \u00bfQu\u00e9 dice <strong>P <\/strong>de la persona <strong>E <\/strong>y de su carrera literaria? \u00bfC\u00f3mo lo dice? \u00bfCon qu\u00e9 gesto elocuente llama la atenci\u00f3n?<\/p>\n\n\n\n<p>Sigamos con la <strong>primera toma de contacto de P con E<\/strong>: Palabras de bienvenida y agradecimiento (que se repiten al final de otra forma).<\/p>\n\n\n\n<p>Continuemos con la <strong>interacci\u00f3n<\/strong>: Esta es la parte m\u00e1s importante de nuestro an\u00e1lisis para la que proporcion\u00e9 una lista de posibles formas de intervenci\u00f3n \/ interlocuci\u00f3n por parte de <strong>P<\/strong> (la lista, por supuesto, no es exhaustiva): <\/p>\n\n\n\n<p><span class=\"has-inline-color has-vivid-red-color\"><strong>P <\/strong>mantiene<strong> <\/strong>silencio<\/span><\/p>\n\n\n\n<p><span class=\"has-inline-color has-vivid-red-color\"><strong>P<\/strong> emite alg\u00fan sonido sin palabras (mmm\u2026)<\/span><\/p>\n\n\n\n<p><span class=\"has-inline-color has-vivid-red-color\"><strong>P <\/strong>asiente, expresa alguna aserci\u00f3n (s\u00ed, claro\/ s\u00ed, s\u00ed \/ s\u00ed \u2026\/ ok\u2026)<\/span><\/p>\n\n\n\n<p><span class=\"has-inline-color has-vivid-red-color\"><strong>P<\/strong> deja que <strong>E <\/strong>acabe de hablar y sigue con otra pregunta<\/span><\/p>\n\n\n\n<p><strong><span class=\"has-inline-color has-vivid-red-color\">P <\/span><\/strong><span class=\"has-inline-color has-vivid-red-color\">comenta lo dicho por <strong>E<\/strong> resumi\u00e9ndolo, destacando alg\u00fan aspecto<\/span><\/p>\n\n\n\n<p><span class=\"has-inline-color has-vivid-red-color\"><strong>P<\/strong> interrumpe<\/span><\/p>\n\n\n\n<p><span class=\"has-inline-color has-vivid-red-color\"><strong>P <\/strong>cambia -repentinamente o no- de tema<\/span><\/p>\n\n\n\n<p><span class=\"has-inline-color has-vivid-red-color\"><strong>P<\/strong> habla de su propia experiencia (yo\/ a m\u00ed\/ eso me recuerda algo que me pas\u00f3 \u2026)<\/span><\/p>\n\n\n\n<p><span class=\"has-inline-color has-vivid-red-color\"><strong>P<\/strong> alaba alguna obra o aspecto de la misma<\/span><\/p>\n\n\n\n<p><strong><span class=\"has-inline-color has-vivid-red-color\">P <\/span><\/strong><span class=\"has-inline-color has-vivid-red-color\">ahonda en el tema, quiere saber m\u00e1s &#8230;<\/span><\/p>\n\n\n\n<p><span class=\"has-inline-color has-vivid-red-color\">&#8230;&#8230;&#8230;<\/span><\/p>\n\n\n\n<p>Al final: <strong>la despedida<\/strong>: \u00bfC\u00f3mo concluye la entrevista, m\u00e1s all\u00e1 de las palabras mutuas de agradecimiento?<\/p>\n\n\n\n<p>Como conclusi\u00f3n del trabajo es conveniente hablar de la sinton\u00eda establecida a trav\u00e9s de las palabras o silencios entre <strong>P<\/strong> y <strong>E<\/strong>.<\/p>\n\n\n\n<p>Y, por supuesto, tambi\u00e9n es preciso mencionar los efectos que producen estas intervenciones, interrupciones o silencios en el p\u00fablico. <\/p>\n\n\n\n<p class=\"has-text-align-right\">Mar\u00eda Jes\u00fas Beltr\u00e1n<\/p>\n\n\n\n<p class=\"has-text-align-right\">Institut f\u00fcr Romanische Philologie<\/p>\n\n\n\n<p>Las entrevistas son estas: <\/p>\n\n\n\n<p>Pacho O\u00b4Donell entrevista a Mariana Enr\u00edquez (a partir del minuto 8)<\/p>\n\n\n\n<figure class=\"wp-block-embed-wordpress wp-block-embed is-type-wp-embed is-provider-radio-nacional\"><div class=\"wp-block-embed__wrapper\">\nhttps:\/\/www.radionacional.com.ar\/mariana-enriquez-el-terror-es-una-forma-desaforada-del-realismo\/\n<\/div><\/figure>\n\n\n\n<p>Federica Pa\u00eds entrevista a Mariana Enr\u00edquez (a partir del minuto 6)<\/p>\n\n\n\n<figure class=\"wp-block-embed-wordpress wp-block-embed is-type-wp-embed is-provider-radio-nacional\"><div class=\"wp-block-embed__wrapper\">\nhttps:\/\/www.radionacional.com.ar\/todos-vivimos-entre-fantasmas\/\n<\/div><\/figure>\n","protected":false},"excerpt":{"rendered":"<p>Cuando escuchamos en la radio una entrevista que alguien le hace a una escritora, cuyas obras estamos estudiando, nos solemos fijar primero en las respuestas que esta ofrece, es decir, en los contenidos. Tambi\u00e9n (a)notamos la idoneidad de las propias preguntas, pues si est\u00e1n formuladas con acierto, nos abren nuevas perspectivas. Pero lo que suele [&hellip;]<\/p>\n","protected":false},"author":74,"featured_media":0,"comment_status":"open","ping_status":"open","sticky":false,"template":"","format":"standard","meta":{"footnotes":""},"categories":[9,18050,17719,18056,18079],"tags":[18063],"class_list":["post-2510","post","type-post","status-publish","format-standard","hentry","category-allgemein","category-analizar","category-comentar","category-comparar","category-estudiantes","tag-mas-que-palabras"],"_links":{"self":[{"href":"https:\/\/blogs.fu-berlin.de\/letrasendanza\/wp-json\/wp\/v2\/posts\/2510","targetHints":{"allow":["GET"]}}],"collection":[{"href":"https:\/\/blogs.fu-berlin.de\/letrasendanza\/wp-json\/wp\/v2\/posts"}],"about":[{"href":"https:\/\/blogs.fu-berlin.de\/letrasendanza\/wp-json\/wp\/v2\/types\/post"}],"author":[{"embeddable":true,"href":"https:\/\/blogs.fu-berlin.de\/letrasendanza\/wp-json\/wp\/v2\/users\/74"}],"replies":[{"embeddable":true,"href":"https:\/\/blogs.fu-berlin.de\/letrasendanza\/wp-json\/wp\/v2\/comments?post=2510"}],"version-history":[{"count":18,"href":"https:\/\/blogs.fu-berlin.de\/letrasendanza\/wp-json\/wp\/v2\/posts\/2510\/revisions"}],"predecessor-version":[{"id":2528,"href":"https:\/\/blogs.fu-berlin.de\/letrasendanza\/wp-json\/wp\/v2\/posts\/2510\/revisions\/2528"}],"wp:attachment":[{"href":"https:\/\/blogs.fu-berlin.de\/letrasendanza\/wp-json\/wp\/v2\/media?parent=2510"}],"wp:term":[{"taxonomy":"category","embeddable":true,"href":"https:\/\/blogs.fu-berlin.de\/letrasendanza\/wp-json\/wp\/v2\/categories?post=2510"},{"taxonomy":"post_tag","embeddable":true,"href":"https:\/\/blogs.fu-berlin.de\/letrasendanza\/wp-json\/wp\/v2\/tags?post=2510"}],"curies":[{"name":"wp","href":"https:\/\/api.w.org\/{rel}","templated":true}]}}