{"id":2575,"date":"2022-05-22T08:18:08","date_gmt":"2022-05-22T08:18:08","guid":{"rendered":"https:\/\/blogs.fu-berlin.de\/letrasendanza\/?p=2575"},"modified":"2022-05-22T10:03:52","modified_gmt":"2022-05-22T10:03:52","slug":"continuidad-de-las-palabras","status":"publish","type":"post","link":"https:\/\/blogs.fu-berlin.de\/letrasendanza\/2022\/05\/22\/continuidad-de-las-palabras\/","title":{"rendered":"CONTINUIDAD DE LAS PALABRAS"},"content":{"rendered":"\n<p>Estuve siempre fascinada con la literatura b\u00falgara. Porque es preciosa. Graciosa. Porque describe los problemas de la sociedad con tanta exactitud. Porque es m\u00eda.&nbsp;<\/p>\n\n\n\n<p>Durante a\u00f1os admir\u00e9 la literatura en mi lengua materna, alabando sus maravillosas metonimias, aliteraciones, sin\u00e9cdoques, el elegante baile con los adjetivos. Pensaba que no podr\u00eda desarrollar un sentimiento similar por ninguna otra literatura porque, por muy hermosa que sea, no ser\u00eda capaz de conmoverme como lo hace mi propia lengua. Hasta que le\u00ed \u201cContinuidad de los parques\u201d de Julio Cort\u00e1zar. Este cuento tan misterioso y cautivador me rob\u00f3 el coraz\u00f3n, los pensamientos e incluso el sue\u00f1o, y despert\u00f3 un nuevo sentido, que a lo mejor estaba durmiendo dentro de m\u00ed, de admiraci\u00f3n por la literatura espa\u00f1ola.&nbsp;<\/p>\n\n\n\n<p>Creo que precisamente porque empezamos a analizar el texto y a ver todos los detalles maravillosos que tiene, es por lo que me ha tocado tan profundamente. Por un lado, nunca hab\u00eda pensado en c\u00f3mo se pueden utilizar los tiempos verbales para jugar con la historia y las dimensiones. La primera dimensi\u00f3n en este cuento es el mundo real en el primer p\u00e1rrafo. All\u00ed, Julio Cort\u00e1zar utiliza una mezcla de imperfecto e indefinido para describir con claridad la casa, la vida y las acciones de un hombre, que se puso a leer un libro. Lo mucho que lo disfruta y lo absorbido que est\u00e1 por los personajes y la historia. Sin embargo, al final del primer p\u00e1rrafo, el hombre se convierte en \u201ctestigo\u201d de lo que ocurre en el libro que est\u00e1 leyendo.<\/p>\n\n\n\n<div class=\"wp-block-image\"><figure class=\"aligncenter size-large is-resized\"><img loading=\"lazy\" decoding=\"async\" src=\"https:\/\/blogs.fu-berlin.de\/letrasendanza\/files\/2022\/05\/bosque-1024x768.jpeg\" alt=\"\" class=\"wp-image-2577\" width=\"447\" height=\"335\" srcset=\"https:\/\/blogs.fu-berlin.de\/letrasendanza\/files\/2022\/05\/bosque-1024x768.jpeg 1024w, https:\/\/blogs.fu-berlin.de\/letrasendanza\/files\/2022\/05\/bosque-300x225.jpeg 300w, https:\/\/blogs.fu-berlin.de\/letrasendanza\/files\/2022\/05\/bosque-768x576.jpeg 768w, https:\/\/blogs.fu-berlin.de\/letrasendanza\/files\/2022\/05\/bosque-1536x1152.jpeg 1536w, https:\/\/blogs.fu-berlin.de\/letrasendanza\/files\/2022\/05\/bosque-2048x1536.jpeg 2048w\" sizes=\"auto, (max-width: 447px) 100vw, 447px\" \/><\/figure><\/div>\n\n\n\n<p>A partir de ah\u00ed, el hombre deja de ser nuestro protagonista y entramos en un mundo completamente diferente: el mundo ficcional del libro. Para indicar y confirmar esta transici\u00f3n, todo el segundo p\u00e1rrafo utiliza solamente verbos en el imperfecto. Vemos a una mujer y a su amante dentro de una caba\u00f1a y parece que se est\u00e1n reuniendo para revisar su plan de matar a alguien. Sabemos que el amante lleva un pu\u00f1al en la mano. Hasta este punto lo tenemos muy claro: el tiempo indefinido se utiliza para describir al hombre, el mundo real; el imperfecto para describir el mundo ficcional del libro y las acciones de los personajes.<\/p>\n\n\n\n<p>En el tercer y \u00faltimo p\u00e1rrafo, Julio Cort\u00e1zar nos quita toda certeza y orientaci\u00f3n sobre en qu\u00e9 dimensi\u00f3n estamos. El p\u00e1rrafo en s\u00ed se divide en dos partes. La primera describe las acciones de los personajes en el mundo ficcional, esta vez con un poco m\u00e1s de distancia y, sorprendentemente, utilizando el tiempo indefinido al igual que en el primer p\u00e1rrafo, al describir el mundo real. Vemos a la mujer y a su amante separarse en la puerta de la caba\u00f1a y seguimos al amante en el camino hacia su objetivo. A continuaci\u00f3n, se encuentran algunas frases que mezclan a\u00fan m\u00e1s ambas dimensiones: \u201clos perros no deb\u00edan ladrar, y no ladraron. El mayordomo no estar\u00eda a esa hora, y no estaba\u201d. Suponen un acuerdo previo, un trato, una petici\u00f3n. Vemos al hombre ficcional entrando en una casa. Y luego viene la segunda parte del tercer p\u00e1rrafo donde, aunque todav\u00eda ten\u00edamos algunos indicadores peque\u00f1os, ahora estamos completamente perdidos. Sin utilizar un solo verbo, Cort\u00e1zar disuelve completamente las fronteras entre las dos dimensiones y describe maravillosamente al hombre ficcional, con un pu\u00f1al en la mano, a punto de matar al hombre del mundo real.<\/p>\n\n\n\n<p>El t\u00edtulo de la historia tambi\u00e9n es peculiar: \u201ccontinuidad\u201d supone un ciclo, algo que no termina, el hombre que est\u00e1 leyendo el libro es el que est\u00e1 a punto de ser asesinado. Otro detalle interesante est\u00e1 en el comienzo del cuento cuando Cort\u00e1zar utiliza una deixis temporal \u201cesa tarde\u201d pero no define qu\u00e9 tarde exactamente. Sin embargo, transmite la sensaci\u00f3n de que algo va a suceder. Tambi\u00e9n se menciona que el hombre se convierte en testigo del \u201c\u00faltimo encuentro\u201d de la mujer y su amante. A primera vista, es el \u201c\u00faltimo\u201d porque el hombre est\u00e1 leyendo los \u00faltimos cap\u00edtulos, porque el libro va a terminar. Sin embargo, podr\u00eda ser el \u00faltimo porque es el \u00faltimo para \u00e9l, ya que morir\u00e1 pronto. Otra confirmaci\u00f3n de la mezcla entre los mundos es el mayordomo, que aparece al principio de la historia cuando el hombre discute \u201ccon el mayordomo una cuesti\u00f3n de aparcer\u00edas\u201d y se vuelve a mencionar al final, cuando no estaba en la casa.&nbsp;<\/p>\n\n\n\n<p>Por lo general, la historia se puede interpretar de muchas maneras, pero no se puede negar la fascinante forma de mezclar las dimensiones. Julio Cort\u00e1zar es conocido por este tipo de historias curiosas que transitan la frontera entre lo real y lo fant\u00e1stico, por lo que suele ser relacionado con el realismo m\u00e1gico. Es considerado uno de los autores m\u00e1s innovadores y originales del siglo XX.<\/p>\n\n\n\n<p>Para m\u00ed, lo m\u00e1gico fue sumergirse en las diversas maneras de utilizar palabras y frases en un diferente idioma y descubrir detalles sorprendentes que pueden parecer poco importantes en la primera lectura, pero que en realidad son los que construyen una historia maravillosa.<\/p>\n\n\n\n<p class=\"has-text-align-right\"><strong>POLINA STANCHEVA<\/strong><\/p>\n\n\n\n<p class=\"has-text-align-right\">Estudiante del Master Literaturwissenschaft<\/p>\n\n\n\n<p><\/p>\n\n\n\n<p>ANOTACI\u00d3N DE LA PROFESORA: <\/p>\n\n\n\n<p class=\"has-text-align-center\"><span class=\"has-inline-color has-vivid-cyan-blue-color\"><strong>PAULINA quer\u00eda ser periodista y se top\u00f3 con la literatura. <\/strong><\/span><\/p>\n\n\n\n<p><span class=\"has-inline-color has-vivid-cyan-blue-color\">Yo quer\u00eda explicar  con el texto de Cort\u00e1zar c\u00f3mo manejando el uso de los tiempos verbales en pasado (imperfecto e indefinido) y eliminando los verbos en las \u00faltimas l\u00edneas de <em><strong>CONTINUIDAD DE LOS PARQUES<\/strong><\/em> el autor consigue borrar las fronteras entre ficci\u00f3n y realidad aun\u00e1ndolas (al final) en un \u00fanico acto: <strong>LA LECTURA<\/strong>. <\/span><\/p>\n\n\n\n<p><span class=\"has-inline-color has-vivid-cyan-blue-color\">Paulina es de esas estudiantes que escuchan, reflexionan y dicen lo que piensan. Adem\u00e1s, escribe muy bien: en el texto que hoy les ofrezco en estas LETRAS EN DANZA, s\u00f3lo he tenido que corregir una coma. Admirable. <\/span><\/p>\n","protected":false},"excerpt":{"rendered":"<p>Estuve siempre fascinada con la literatura b\u00falgara. Porque es preciosa. Graciosa. Porque describe los problemas de la sociedad con tanta exactitud. Porque es m\u00eda.&nbsp; Durante a\u00f1os admir\u00e9 la literatura en mi lengua materna, alabando sus maravillosas metonimias, aliteraciones, sin\u00e9cdoques, el elegante baile con los adjetivos. Pensaba que no podr\u00eda desarrollar un sentimiento similar por ninguna [&hellip;]<\/p>\n","protected":false},"author":74,"featured_media":0,"comment_status":"open","ping_status":"open","sticky":false,"template":"","format":"standard","meta":{"footnotes":""},"categories":[9,18079,18055,17905],"tags":[18064,18063],"class_list":["post-2575","post","type-post","status-publish","format-standard","hentry","category-allgemein","category-estudiantes","category-explicar","category-leer","tag-cuentos","tag-mas-que-palabras"],"_links":{"self":[{"href":"https:\/\/blogs.fu-berlin.de\/letrasendanza\/wp-json\/wp\/v2\/posts\/2575","targetHints":{"allow":["GET"]}}],"collection":[{"href":"https:\/\/blogs.fu-berlin.de\/letrasendanza\/wp-json\/wp\/v2\/posts"}],"about":[{"href":"https:\/\/blogs.fu-berlin.de\/letrasendanza\/wp-json\/wp\/v2\/types\/post"}],"author":[{"embeddable":true,"href":"https:\/\/blogs.fu-berlin.de\/letrasendanza\/wp-json\/wp\/v2\/users\/74"}],"replies":[{"embeddable":true,"href":"https:\/\/blogs.fu-berlin.de\/letrasendanza\/wp-json\/wp\/v2\/comments?post=2575"}],"version-history":[{"count":9,"href":"https:\/\/blogs.fu-berlin.de\/letrasendanza\/wp-json\/wp\/v2\/posts\/2575\/revisions"}],"predecessor-version":[{"id":2584,"href":"https:\/\/blogs.fu-berlin.de\/letrasendanza\/wp-json\/wp\/v2\/posts\/2575\/revisions\/2584"}],"wp:attachment":[{"href":"https:\/\/blogs.fu-berlin.de\/letrasendanza\/wp-json\/wp\/v2\/media?parent=2575"}],"wp:term":[{"taxonomy":"category","embeddable":true,"href":"https:\/\/blogs.fu-berlin.de\/letrasendanza\/wp-json\/wp\/v2\/categories?post=2575"},{"taxonomy":"post_tag","embeddable":true,"href":"https:\/\/blogs.fu-berlin.de\/letrasendanza\/wp-json\/wp\/v2\/tags?post=2575"}],"curies":[{"name":"wp","href":"https:\/\/api.w.org\/{rel}","templated":true}]}}