{"id":2602,"date":"2022-07-20T11:59:04","date_gmt":"2022-07-20T11:59:04","guid":{"rendered":"https:\/\/blogs.fu-berlin.de\/letrasendanza\/?p=2602"},"modified":"2022-08-01T19:36:24","modified_gmt":"2022-08-01T19:36:24","slug":"elija-un-pueblo-a-su-gusto","status":"publish","type":"post","link":"https:\/\/blogs.fu-berlin.de\/letrasendanza\/2022\/07\/20\/elija-un-pueblo-a-su-gusto\/","title":{"rendered":"Elija un pueblo a su gusto"},"content":{"rendered":"\n<p>L\u00e9ase en voz alta, sin caer en los baches del camino sonoro:<\/p>\n\n\n\n<p><sub>Aach, Allensbach, Allmansdorf, B\u00fcsingen, Engen, Geienhofen, Gailingen, Gottmadingen, Hilzingen, Moos, Stockach, Tengen &#8230;<\/sub><\/p>\n\n\n\n<p>Son pueblos aleda\u00f1os del <strong>Lago de Constanza<\/strong>, en territorio alem\u00e1n.\u00a0Ahora probemos con la nomenclatura <strong>al sur de los Pirineos<\/strong>:\u00a0<\/p>\n\n\n\n<p class=\"has-text-align-center\">MURITA<\/p>\n\n\n\n<p class=\"has-text-align-center\"><strong>Alcauc\u00edn, Alfarnatejo, Algatoc\u00edn, Alm\u00e1char, Alozaina, <\/strong><\/p>\n\n\n\n<p class=\"has-text-align-center\"><strong>Alpandeire, Arenas, Benadalid, Benahav\u00eds, <\/strong><\/p>\n\n\n\n<p class=\"has-text-align-center\"><strong>Benalaur\u00eda, Benamargosa, Benarrab\u00e1.&nbsp;<\/strong><\/p>\n\n\n\n<p><\/p>\n\n\n\n<p class=\"has-text-align-center\"><strong><mark style=\"background-color:#9b51e0\" class=\"has-inline-color has-black-color\">ALTO<\/mark><\/strong><\/p>\n\n\n\n<p><\/p>\n\n\n\n<p><\/p>\n\n\n\n<p class=\"has-text-align-center\"><strong>Faraj\u00e1n, Fuente Obejuna, Gauc\u00edn, Jubrique,<\/strong><\/p>\n\n\n\n<p class=\"has-text-align-center\"><strong><mark class=\"has-inline-color has-black-color\"> <\/mark>Loja, Moclinejo, Oj\u00e9n, Teba, Tolox, Yunquera.<\/strong><\/p>\n\n\n\n<p><\/p>\n\n\n\n<p class=\"has-text-align-center\"><strong><mark style=\"background-color:#9b51e0\" class=\"has-inline-color\">PAUSA<\/mark><\/strong><\/p>\n\n\n\n<p><\/p>\n\n\n\n<p class=\"has-text-align-center\"><strong>Graus, La Muela, Vera del Moncayo, El Pinar de El Hierro,<mark class=\"has-inline-color has-black-color\"> <\/mark><\/strong><\/p>\n\n\n\n<p class=\"has-text-align-center\"><strong>Albares, Camu\u00f1as, Madrigueras, Pozohondo, Salmeroncillos.&nbsp;<\/strong><\/p>\n\n\n\n<p><\/p>\n\n\n\n<p class=\"has-text-align-center\"><strong><mark style=\"background-color:#9b51e0\" class=\"has-inline-color\">DESCANSO<\/mark><\/strong>&nbsp;<\/p>\n\n\n\n<p><\/p>\n\n\n\n<p class=\"has-text-align-center\"><strong>Belorado, Burgohondo, Campaspero, Cantalejo, Covarrubias, <\/strong><\/p>\n\n\n\n<p class=\"has-text-align-center\"><strong>Fontiveros, <\/strong><\/p>\n\n\n\n<p class=\"has-text-align-center\"><strong>Fuenterrebollo, Hontalbilla, Mayorga, Navarrevisca, Sep\u00falveda, <\/strong><\/p>\n\n\n\n<p class=\"has-text-align-center\"><strong>Simancas, <\/strong><\/p>\n\n\n\n<p class=\"has-text-align-center\"><strong>Toreno, Villablino, Zarzuela del Monte.<\/strong><\/p>\n\n\n\n<p><\/p>\n\n\n\n<p class=\"has-text-align-center\"><strong><mark style=\"background-color:#9b51e0\" class=\"has-inline-color\">MERIENDA<\/mark><\/strong><\/p>\n\n\n\n<p><\/p>\n\n\n\n<p class=\"has-text-align-center\"><strong>Alpedrete, Cadalso de los Vidrios, Los Molinos, Alcublas, <\/strong><\/p>\n\n\n\n<p class=\"has-text-align-center\"><strong>Alcudia de Veo, L\u00b4\u00c9nova, Aceituna,<\/strong><\/p>\n\n\n\n<p class=\"has-text-align-center\"><strong>Alc\u00e1ntara, Almaraz, Berlanga, <\/strong><\/p>\n\n\n\n<p class=\"has-text-align-center\"><strong>Botija, Cedillo, Entrerr\u00edos, Feria, <\/strong><\/p>\n\n\n\n<p class=\"has-text-align-center\"><strong>Fregenal de la Sierra, Torrecillas de la Tiesa.&nbsp;<\/strong><\/p>\n\n\n\n<p><\/p>\n\n\n\n<p class=\"has-text-align-center\"><strong><mark style=\"background-color:#9b51e0\" class=\"has-inline-color\">SOLAZ<\/mark><\/strong><\/p>\n\n\n\n<p><\/p>\n\n\n\n<p class=\"has-text-align-center\"><strong>Curtis, Friol, <\/strong><\/p>\n\n\n\n<p class=\"has-text-align-center\"><strong>Rois, Teixeiro, <\/strong><\/p>\n\n\n\n<p class=\"has-text-align-center\"><strong>Vedra, Hi\u00e9rcanos, <\/strong><\/p>\n\n\n\n<p class=\"has-text-align-center\"><strong>Sajarraza, Ribadesella, <\/strong><\/p>\n\n\n\n<p class=\"has-text-align-center\"><strong>Salas.<\/strong><\/p>\n\n\n\n<p><\/p>\n\n\n\n<p><\/p>\n\n\n\n<p><\/p>\n\n\n\n<p>Anotaci\u00f3n: Gracias a mis estudiantes del curso \u201cLa Espa\u00f1a vac\u00eda \u2026\u201d, hemos recorrido lugares, sitios, em-plazamientos, parajes \u2026. inolvidables.&nbsp;En el espacio y en el tiempo. <\/p>\n\n\n\n<p class=\"has-text-align-right\">Mar\u00eda Jes\u00fas Beltr\u00e1n Brotons<\/p>\n","protected":false},"excerpt":{"rendered":"<p>L\u00e9ase en voz alta, sin caer en los baches del camino sonoro: Aach, Allensbach, Allmansdorf, B\u00fcsingen, Engen, Geienhofen, Gailingen, Gottmadingen, Hilzingen, Moos, Stockach, Tengen &#8230; Son pueblos aleda\u00f1os del Lago de Constanza, en territorio alem\u00e1n.\u00a0Ahora probemos con la nomenclatura al sur de los Pirineos:\u00a0 MURITA Alcauc\u00edn, Alfarnatejo, Algatoc\u00edn, Alm\u00e1char, Alozaina, Alpandeire, Arenas, Benadalid, Benahav\u00eds, Benalaur\u00eda, [&hellip;]<\/p>\n","protected":false},"author":74,"featured_media":0,"comment_status":"open","ping_status":"open","sticky":false,"template":"","format":"standard","meta":{"footnotes":""},"categories":[9,18079],"tags":[18063],"class_list":["post-2602","post","type-post","status-publish","format-standard","hentry","category-allgemein","category-estudiantes","tag-mas-que-palabras"],"_links":{"self":[{"href":"https:\/\/blogs.fu-berlin.de\/letrasendanza\/wp-json\/wp\/v2\/posts\/2602","targetHints":{"allow":["GET"]}}],"collection":[{"href":"https:\/\/blogs.fu-berlin.de\/letrasendanza\/wp-json\/wp\/v2\/posts"}],"about":[{"href":"https:\/\/blogs.fu-berlin.de\/letrasendanza\/wp-json\/wp\/v2\/types\/post"}],"author":[{"embeddable":true,"href":"https:\/\/blogs.fu-berlin.de\/letrasendanza\/wp-json\/wp\/v2\/users\/74"}],"replies":[{"embeddable":true,"href":"https:\/\/blogs.fu-berlin.de\/letrasendanza\/wp-json\/wp\/v2\/comments?post=2602"}],"version-history":[{"count":18,"href":"https:\/\/blogs.fu-berlin.de\/letrasendanza\/wp-json\/wp\/v2\/posts\/2602\/revisions"}],"predecessor-version":[{"id":2626,"href":"https:\/\/blogs.fu-berlin.de\/letrasendanza\/wp-json\/wp\/v2\/posts\/2602\/revisions\/2626"}],"wp:attachment":[{"href":"https:\/\/blogs.fu-berlin.de\/letrasendanza\/wp-json\/wp\/v2\/media?parent=2602"}],"wp:term":[{"taxonomy":"category","embeddable":true,"href":"https:\/\/blogs.fu-berlin.de\/letrasendanza\/wp-json\/wp\/v2\/categories?post=2602"},{"taxonomy":"post_tag","embeddable":true,"href":"https:\/\/blogs.fu-berlin.de\/letrasendanza\/wp-json\/wp\/v2\/tags?post=2602"}],"curies":[{"name":"wp","href":"https:\/\/api.w.org\/{rel}","templated":true}]}}