{"id":417,"date":"2014-01-12T09:32:49","date_gmt":"2014-01-12T09:32:49","guid":{"rendered":"https:\/\/blogs.fu-berlin.de\/letrasendanza\/?p=417"},"modified":"2021-04-26T12:52:32","modified_gmt":"2021-04-26T12:52:32","slug":"stolpersteine-adoquines-para-la-memoria-2","status":"publish","type":"post","link":"https:\/\/blogs.fu-berlin.de\/letrasendanza\/2014\/01\/12\/stolpersteine-adoquines-para-la-memoria-2\/","title":{"rendered":"Stolpersteine: Adoquines para la memoria"},"content":{"rendered":"<blockquote>\n<p style=\"text-align: justify\" align=\"center\">Transcribo a continuaci\u00f3n el texto escrito por Antje Gravenkamp, que ahora se prepara para ser profesora de lengua espa\u00f1ola en secundaria, en Alemania. El texto responde a unas normas dadas en mis clases: se trata de un ejercicio de redacci\u00f3n, que forma parte de un proyecto realizado a finales de 2012 con un grupo de estudiantes de Filolog\u00eda Espa\u00f1ola. En dicho proyecto recog\u00edamos historias de lugares menos conocidos -por los turistas &#8211; en Berl\u00edn, que conservan una cierta cantidad y calidad de memoria.\u00a0 Hoy pongo aqu\u00ed el texto de Antje, que\u00a0 me ha permitido publicarlo.\u00a0 Gracias, Antje.<\/p>\n<\/blockquote>\n<blockquote>\n<p style=\"text-align: center\" align=\"center\"><span style=\"color: #993300\"><b>Stolpersteine<\/b><\/span><\/p>\n<p style=\"text-align: center\" align=\"center\"><span style=\"color: #993300\"><b>Adoquines para la memoria<\/b><\/span><\/p>\n<p style=\"text-align: justify\"><span style=\"color: #993300\">El proyecto \u201cStolpersteine\u201c se inici\u00f3 en el a\u00f1o 1990, el a\u00f1o del quinguag\u00e9simo aniversario de la deportaci\u00f3n de los Sinti y Roma de Colonia durante el Tercer Reich. El artista Gunter Denning decidi\u00f3 pintar una l\u00ednea desde todas las casas de las v\u00edctimas hasta el lugar adonde fueron deportados. A lo largo del tiempo se extendi\u00f3 el proyecto que ahora incluye todos los distintos grupos de v\u00edctimas del r\u00e9gimen Nazi y existe en casi todas las ciudades alemanas e incluso en otros pa\u00edses europeos, por ejemplo en los Pa\u00edses Bajos, en Austria y en la Rep\u00fablica Checa. Tambi\u00e9n cambi\u00f3 la forma de conmemorar estas personas. Ya no hay l\u00edneas por las ciudades sino que hay adoquines de lat\u00f3n delante de las casas en las que vivieron las v\u00edctimas antes de ser deportadas. Hay un adoqu\u00edn para cada v\u00edctima. As\u00ed que delante de las casas en las que viv\u00eda una familia hay varias <i>Stolpersteine<\/i>. En las piedras se encuentran el nombre, la fecha de nacimiento, el a\u00f1o en el que la persona fue deportada y el lugar en el que muri\u00f3. De ese modo el artista intenta restituirles el nombre a las v\u00edctimas quienes en los campos de concentraci\u00f3n fueron reducidas a un n\u00famero perdiendo su identidad. Incluso despu\u00e9s de la segunda Guerra Mundial nadie se puso a pensar en qui\u00e9nes fueron las personas quienes hab\u00edan sido matadas. Solamente se trat\u00f3 de cifras enormes. Adem\u00e1s quiere mostrarles a todas las personas que siguen postulando que no se hab\u00edan dado cuenta de las crueldades cometidas en la \u00e9poca nazi simplemente mostr\u00e1ndoles que incluso en su vecindad hab\u00eda algunos casos, porque los hab\u00eda por todos lados.<\/span><\/p>\n<p style=\"text-align: justify\"><span style=\"color: #993300\">Lo m\u00e1s interesante de ese memorial es el hecho que es decentral y por eso es tan enorme. En el a\u00f1o 2012 ya hay m\u00e1s de 35.000 adoquines en 750 ciudades europeas. Si uno se fija en los <i>Stolpersteine<\/i> las va a notar por todas partes.<\/span><\/p>\n<p style=\"text-align: justify\" align=\"center\"><span style=\"color: #993300\"><b>Un traspi\u00e9 de la mente y del coraz\u00f3n<\/b><\/span><\/p>\n<p style=\"text-align: justify\"><span style=\"color: #993300\"><a href=\"https:\/\/blogs.fu-berlin.de\/letrasendanza\/files\/2014\/01\/Stolpersteine-2.jpg\"><img loading=\"lazy\" decoding=\"async\" class=\"size-medium wp-image-2229 alignright\" src=\"https:\/\/blogs.fu-berlin.de\/letrasendanza\/files\/2014\/01\/Stolpersteine-2-300x169.jpg\" alt=\"\" width=\"300\" height=\"169\" srcset=\"https:\/\/blogs.fu-berlin.de\/letrasendanza\/files\/2014\/01\/Stolpersteine-2-300x169.jpg 300w, https:\/\/blogs.fu-berlin.de\/letrasendanza\/files\/2014\/01\/Stolpersteine-2.jpg 640w\" sizes=\"auto, (max-width: 300px) 100vw, 300px\" \/><\/a>A pesar de todo esto, el tema de las <i>Stolpersteine <\/i>suscit\u00f3 tambi\u00e9n reacciones negativas. La anterior presidente del Consejo Central de los Jud\u00edos en Aleman\u00eda pens\u00f3 por ejemplo que es insoportable que la gente ande encima de las placas conmemorativas de jud\u00edos muertos. La mayor\u00eda de las ciudades que no quiere tener <i>Stolpersteine s<\/i>e remite a esa cr\u00edtica como por ejemplo M\u00fanich donde se han tenido que quitar las piedras que exist\u00edan en terreno p\u00fablico. Demning no entiente esta cr\u00edtica. Lo que le parece m\u00e1s importante es que al agacharse para leer el texto en la <i>Stolperstein<\/i>, la gente se inclina simb\u00f3licamente ante las v\u00edctimas.<\/span><\/p>\n<p style=\"text-align: justify\"><span style=\"color: #993300\">Otro argumento en contra de los adoquines est\u00e1 directamente relacionado con el nombre \u201cStolpersteine\u201d porque la palabra alemana <i>stolpern<\/i> significa dar un traspi\u00e9. Por eso hay gente que teme que alguien se va a caer al andar encima de las piedras. La mejor respuesta a estos cr\u00edticos la dio un estudiante del colegio. Dijo que no se va a caer nadie sino que ser\u00eda m\u00e1s bien un traspi\u00e9 de la mente y del coraz\u00f3n. Adem\u00e1s hab\u00eda un conflicto en Colonia donde en el a\u00f1o 2011 el Ministerio de Hacienda decidi\u00f3 que ya no se trataba de creaci\u00f3n art\u00edstica sino de producci\u00f3n en masa para la que hay que pagar una tasa de impuesto mucho m\u00e1s alta forzando al artista a pagar miles de euros. Despu\u00e9s de muchas protestas se retir\u00f3 la decisi\u00f3n.<\/span><\/p>\n<p style=\"text-align: justify\"><span style=\"color: #993300\">A m\u00ed personalmente, este proyecto me gusta mucho porque es mucho m\u00e1s personal que los dem\u00e1s memoriales para las v\u00edctimas del Tercer Reich. No entiendo las cr\u00edticas que hay porque ni es peligroso, ya que los adoquines est\u00e1n al ras del suelo, ni creo que el andar encima de las piedras muestre una falta de respeto. Creo que es importante mostrarnos a todos cu\u00e1nta gente se vio afectada por esta dictadura tan cruel y que no estaba todo muy lejos sino que fueron los vecinos probablemente tambi\u00e9n amigos de nuestros antepasados. Adem\u00e1s creo que es muy importante el devolverles la identidad a las v\u00edctimas porque esto significa tambi\u00e9n devolverles su dignidad que se les hab\u00eda quitado al deportarlos.<\/span><\/p>\n<\/blockquote>\n<p align=\"right\">Autora del texto: Antje Gravenkamp<\/p>\n<p align=\"right\">Estudiante del Master para Profesores de Lengua Espa\u00f1ola en Berl\u00edn (2012). Freie Universit\u00e4t<\/p>\n","protected":false},"excerpt":{"rendered":"<p>Transcribo a continuaci\u00f3n el texto escrito por Antje Gravenkamp, que ahora se prepara para ser profesora de lengua espa\u00f1ola en secundaria, en Alemania. El texto responde a unas normas dadas en mis clases: se trata de un ejercicio de redacci\u00f3n, que forma parte de un proyecto realizado a finales de 2012 con un grupo de [&hellip;]<\/p>\n","protected":false},"author":74,"featured_media":0,"comment_status":"open","ping_status":"open","sticky":false,"template":"","format":"standard","meta":{"footnotes":""},"categories":[18053],"tags":[18063],"class_list":["post-417","post","type-post","status-publish","format-standard","hentry","category-en-otras-lenguas","tag-mas-que-palabras"],"_links":{"self":[{"href":"https:\/\/blogs.fu-berlin.de\/letrasendanza\/wp-json\/wp\/v2\/posts\/417","targetHints":{"allow":["GET"]}}],"collection":[{"href":"https:\/\/blogs.fu-berlin.de\/letrasendanza\/wp-json\/wp\/v2\/posts"}],"about":[{"href":"https:\/\/blogs.fu-berlin.de\/letrasendanza\/wp-json\/wp\/v2\/types\/post"}],"author":[{"embeddable":true,"href":"https:\/\/blogs.fu-berlin.de\/letrasendanza\/wp-json\/wp\/v2\/users\/74"}],"replies":[{"embeddable":true,"href":"https:\/\/blogs.fu-berlin.de\/letrasendanza\/wp-json\/wp\/v2\/comments?post=417"}],"version-history":[{"count":7,"href":"https:\/\/blogs.fu-berlin.de\/letrasendanza\/wp-json\/wp\/v2\/posts\/417\/revisions"}],"predecessor-version":[{"id":2228,"href":"https:\/\/blogs.fu-berlin.de\/letrasendanza\/wp-json\/wp\/v2\/posts\/417\/revisions\/2228"}],"wp:attachment":[{"href":"https:\/\/blogs.fu-berlin.de\/letrasendanza\/wp-json\/wp\/v2\/media?parent=417"}],"wp:term":[{"taxonomy":"category","embeddable":true,"href":"https:\/\/blogs.fu-berlin.de\/letrasendanza\/wp-json\/wp\/v2\/categories?post=417"},{"taxonomy":"post_tag","embeddable":true,"href":"https:\/\/blogs.fu-berlin.de\/letrasendanza\/wp-json\/wp\/v2\/tags?post=417"}],"curies":[{"name":"wp","href":"https:\/\/api.w.org\/{rel}","templated":true}]}}