{"id":428,"date":"2014-03-04T17:06:41","date_gmt":"2014-03-04T17:06:41","guid":{"rendered":"https:\/\/blogs.fu-berlin.de\/letrasendanza\/?p=428"},"modified":"2014-03-04T17:06:41","modified_gmt":"2014-03-04T17:06:41","slug":"la-leccion-del-senor-gordo","status":"publish","type":"post","link":"https:\/\/blogs.fu-berlin.de\/letrasendanza\/2014\/03\/04\/la-leccion-del-senor-gordo\/","title":{"rendered":"La lecci\u00f3n del se\u00f1or gordo"},"content":{"rendered":"<blockquote>\n<p style=\"text-align: justify\">El microrrelato de <b>JAVIER S\u00c1EZ DE IBARRA<\/b> titulado<em> La lecci\u00f3n del se\u00f1or gordo<\/em>, aparece publicado en la antolog\u00eda <em>Mar de pira\u00f1as. Nuevas voces del microrrelato espa\u00f1ol\u00a0<\/em>(Ediciones Menoscuarto, Palencia, 2012, pp. 80-81), en edici\u00f3n de Fernando Valls.<\/p>\n<p style=\"text-align: justify\">Tambi\u00e9n se puede leer <a title=\"Texto original de ficci\u00f3n La lecci\u00f3n del se\u00f1or gordo\" href=\"https:\/\/leereluniverso.blogspot.de\/2009\/07\/prensa-lectura-la-leccion-del-senor.html\" target=\"_blank\">aqu\u00ed<\/a>.<\/p>\n<p style=\"text-align: justify\" align=\"center\">Javier S\u00e1ez de Ibarra (Vitoria, 1961) es profesor de Lengua y Literatura en un instituto de Madrid y ha publicado tres libros de cuentos en la editorial P\u00e1ginas de Espuma: <i>El lector de Spinoza<\/i> (2004), <i>Propuesta imposible<\/i> (2008) y <i>Mirar al agua<\/i> (2009).<\/p>\n<p style=\"text-align: justify\" align=\"center\">En la pregunta n\u00b0 9 de la entrevista que leemos <a title=\"Entrevista a Saez de Ibara\" href=\"https:\/\/elsindromechejov.blogspot.de\/2009\/05\/javier-saez-de-ibarra-no-hay-normas-que.html\" target=\"_blank\">aqu\u00ed<\/a>, formulada como sigue: <em>\u00bfqu\u00e9 har\u00eda falta para que el relato tuviera una mayor presencia e importancia en la literatura espa\u00f1ola?<\/em>, S\u00e1ez de Ibarra responde:<\/p>\n<p style=\"text-align: justify\" align=\"center\"><strong><span style=\"color: #808000\"><em>Creo que los cuentos deber\u00edan utilizarse para explicar Historia o Filosof\u00eda en los institutos. Ser\u00eda beneficioso que se analizaran en las universidades como los poemas: su tema, sus influencias, sus recursos expresivos, etc<\/em>.<\/span><\/strong><\/p>\n<p style=\"text-align: justify\" align=\"center\">Vamos a &#8222;aplicarnos el cuento&#8220; y a reflexionar sobre su <em>Lecci\u00f3n del se\u00f1or gordo<\/em> y en especial, sobre la <strong>re<\/strong>-acci\u00f3n del alumno-narrador cuando regresa a su casa, que a mi entender es el verdadero regalo de la historia: aquello que zarandea la indiferencia.<\/p>\n<p style=\"text-align: justify\">\n<\/blockquote>\n","protected":false},"excerpt":{"rendered":"<p>El microrrelato de JAVIER S\u00c1EZ DE IBARRA titulado La lecci\u00f3n del se\u00f1or gordo, aparece publicado en la antolog\u00eda Mar de pira\u00f1as. Nuevas voces del microrrelato espa\u00f1ol\u00a0(Ediciones Menoscuarto, Palencia, 2012, pp. 80-81), en edici\u00f3n de Fernando Valls. Tambi\u00e9n se puede leer aqu\u00ed. Javier S\u00e1ez de Ibarra (Vitoria, 1961) es profesor de Lengua y Literatura en un [&hellip;]<\/p>\n","protected":false},"author":74,"featured_media":0,"comment_status":"open","ping_status":"open","sticky":false,"template":"","format":"standard","meta":{"footnotes":""},"categories":[17905],"tags":[18065],"class_list":["post-428","post","type-post","status-publish","format-standard","hentry","category-leer","tag-microrrelatos"],"_links":{"self":[{"href":"https:\/\/blogs.fu-berlin.de\/letrasendanza\/wp-json\/wp\/v2\/posts\/428","targetHints":{"allow":["GET"]}}],"collection":[{"href":"https:\/\/blogs.fu-berlin.de\/letrasendanza\/wp-json\/wp\/v2\/posts"}],"about":[{"href":"https:\/\/blogs.fu-berlin.de\/letrasendanza\/wp-json\/wp\/v2\/types\/post"}],"author":[{"embeddable":true,"href":"https:\/\/blogs.fu-berlin.de\/letrasendanza\/wp-json\/wp\/v2\/users\/74"}],"replies":[{"embeddable":true,"href":"https:\/\/blogs.fu-berlin.de\/letrasendanza\/wp-json\/wp\/v2\/comments?post=428"}],"version-history":[{"count":7,"href":"https:\/\/blogs.fu-berlin.de\/letrasendanza\/wp-json\/wp\/v2\/posts\/428\/revisions"}],"predecessor-version":[{"id":756,"href":"https:\/\/blogs.fu-berlin.de\/letrasendanza\/wp-json\/wp\/v2\/posts\/428\/revisions\/756"}],"wp:attachment":[{"href":"https:\/\/blogs.fu-berlin.de\/letrasendanza\/wp-json\/wp\/v2\/media?parent=428"}],"wp:term":[{"taxonomy":"category","embeddable":true,"href":"https:\/\/blogs.fu-berlin.de\/letrasendanza\/wp-json\/wp\/v2\/categories?post=428"},{"taxonomy":"post_tag","embeddable":true,"href":"https:\/\/blogs.fu-berlin.de\/letrasendanza\/wp-json\/wp\/v2\/tags?post=428"}],"curies":[{"name":"wp","href":"https:\/\/api.w.org\/{rel}","templated":true}]}}