{"id":442,"date":"2014-01-16T08:36:46","date_gmt":"2014-01-16T08:36:46","guid":{"rendered":"https:\/\/blogs.fu-berlin.de\/letrasendanza\/?p=442"},"modified":"2014-01-15T18:37:02","modified_gmt":"2014-01-15T18:37:02","slug":"la-baguette-triste","status":"publish","type":"post","link":"https:\/\/blogs.fu-berlin.de\/letrasendanza\/2014\/01\/16\/la-baguette-triste\/","title":{"rendered":"La baguette triste"},"content":{"rendered":"<blockquote><p>&nbsp;<\/p>\n<p style=\"text-align: center\"><strong>Apr\u00e8s No\u00ebl, j\u2019ai \u00e9crit un op\u00e9ra. <\/strong><\/p>\n<p style=\"text-align: center\"><strong>Je pense que mon \u0153uvre est une r\u00e9volution dans le<\/strong><br \/>\n<strong> genre. <\/strong><\/p>\n<p style=\"text-align: center\"><strong>L\u2019op\u00e9ra s\u2019appelle \u00ab\u00a0 La baguette triste \u00ab.<\/strong><\/p>\n<p>&nbsp;<\/p>\n<p><span style=\"color: #993366\"><strong>Premier acte<\/strong> : <\/span><\/p>\n<p><span style=\"color: #993366\">Novembre in Chine. Une baguette (chant\u00e9e par une alto) aime un<\/span><br \/>\n<span style=\"color: #993366\"> croissant (chant\u00e9 par un baryton), qui a une liaison avec une praline de mauvais<\/span><br \/>\n<span style=\"color: #993366\"> go\u00fbt (soprano). La baguette chante un air avec une m\u00e9lodie triste, accompagn\u00e9e par<\/span><br \/>\n<span style=\"color: #993366\"> une clarinette et un saxophone.<\/span><\/p>\n<p>&nbsp;<\/p>\n<p><span style=\"color: #3366ff\"><strong>Comme entracte, j\u2019ai \u00e9crit un ballet<\/strong> : On peut voir une danse des fruits, qui<\/span><br \/>\n<span style=\"color: #3366ff\"> pr\u00e9sente la guerre des bananes contre les oranges. Marche des bananes : Elles<\/span><br \/>\n<span style=\"color: #3366ff\"> chantent la chanson : \u00ab\u00a0 De vous, nous allons faire de la confiture, bien s\u00fbr ! \u00bb<\/span><br \/>\n<span style=\"color: #3366ff\"> Marche des bananes : \u00ab \u00c0 bient\u00f4t, Cointreau ! \u00bb Victoire des Bananes avec l\u2019aide<\/span><br \/>\n<span style=\"color: #3366ff\"> d\u2019une compagnie de quatre-vingt bouteilles de vin blanc<\/span>.<\/p>\n<p>&nbsp;<\/p>\n<p><span style=\"color: #993366\"><strong>Deuxi\u00e8me acte<\/strong> :<\/span><\/p>\n<p><span style=\"color: #993366\"> Le croissant rompt sa liaison avec la praline et se marie avec la<\/span><br \/>\n<span style=\"color: #993366\"> baguette. Comme final ils chantent : \u00ab C\u2019est bon, mon croissant \u00bb et \u00ab J\u2019aime la<\/span><br \/>\n<span style=\"color: #993366\"> silhouette de ma baguette \u00bb.<\/span><\/p>\n<p>&nbsp;<\/p>\n<p><span style=\"color: #993300\"><strong>Fin de l\u2019op\u00e9ra.<\/strong> Applaudissement dans l\u2019orchestre et les galeries du th\u00e9\u00e2tre,<\/span><br \/>\n<span style=\"color: #993300\"> fr\u00e9n\u00e9tique comme dans un match de foot<\/span><\/p>\n<p>_____________________________________<\/p>\n<p>El autor del texto es un estudiante de la <em>Freie Universit\u00e4t Berlin <\/em>de un curso de lengua francesa (A1) que prefiere permanecer en el anonimato<\/p><\/blockquote>\n","protected":false},"excerpt":{"rendered":"<p>&nbsp; Apr\u00e8s No\u00ebl, j\u2019ai \u00e9crit un op\u00e9ra. Je pense que mon \u0153uvre est une r\u00e9volution dans le genre. L\u2019op\u00e9ra s\u2019appelle \u00ab\u00a0 La baguette triste \u00ab. &nbsp; Premier acte : Novembre in Chine. Une baguette (chant\u00e9e par une alto) aime un croissant (chant\u00e9 par un baryton), qui a une liaison avec une praline de mauvais go\u00fbt [&hellip;]<\/p>\n","protected":false},"author":74,"featured_media":0,"comment_status":"open","ping_status":"open","sticky":false,"template":"","format":"standard","meta":{"footnotes":""},"categories":[18053],"tags":[18063],"class_list":["post-442","post","type-post","status-publish","format-standard","hentry","category-en-otras-lenguas","tag-mas-que-palabras"],"_links":{"self":[{"href":"https:\/\/blogs.fu-berlin.de\/letrasendanza\/wp-json\/wp\/v2\/posts\/442","targetHints":{"allow":["GET"]}}],"collection":[{"href":"https:\/\/blogs.fu-berlin.de\/letrasendanza\/wp-json\/wp\/v2\/posts"}],"about":[{"href":"https:\/\/blogs.fu-berlin.de\/letrasendanza\/wp-json\/wp\/v2\/types\/post"}],"author":[{"embeddable":true,"href":"https:\/\/blogs.fu-berlin.de\/letrasendanza\/wp-json\/wp\/v2\/users\/74"}],"replies":[{"embeddable":true,"href":"https:\/\/blogs.fu-berlin.de\/letrasendanza\/wp-json\/wp\/v2\/comments?post=442"}],"version-history":[{"count":4,"href":"https:\/\/blogs.fu-berlin.de\/letrasendanza\/wp-json\/wp\/v2\/posts\/442\/revisions"}],"predecessor-version":[{"id":462,"href":"https:\/\/blogs.fu-berlin.de\/letrasendanza\/wp-json\/wp\/v2\/posts\/442\/revisions\/462"}],"wp:attachment":[{"href":"https:\/\/blogs.fu-berlin.de\/letrasendanza\/wp-json\/wp\/v2\/media?parent=442"}],"wp:term":[{"taxonomy":"category","embeddable":true,"href":"https:\/\/blogs.fu-berlin.de\/letrasendanza\/wp-json\/wp\/v2\/categories?post=442"},{"taxonomy":"post_tag","embeddable":true,"href":"https:\/\/blogs.fu-berlin.de\/letrasendanza\/wp-json\/wp\/v2\/tags?post=442"}],"curies":[{"name":"wp","href":"https:\/\/api.w.org\/{rel}","templated":true}]}}