{"id":804,"date":"2014-03-29T20:04:57","date_gmt":"2014-03-29T20:04:57","guid":{"rendered":"https:\/\/blogs.fu-berlin.de\/letrasendanza\/?p=804"},"modified":"2014-08-08T09:28:31","modified_gmt":"2014-08-08T09:28:31","slug":"resumenes-de-cuentos-1","status":"publish","type":"post","link":"https:\/\/blogs.fu-berlin.de\/letrasendanza\/2014\/03\/29\/resumenes-de-cuentos-1\/","title":{"rendered":"Res\u00famenes de cuentos (1)"},"content":{"rendered":"<blockquote>\n<p style=\"text-align: justify\">En una <a title=\"Presentaci\u00f3n de la colecci\u00f3n Vivir en tiempos dif\u00edciles\" href=\"https:\/\/blogs.fu-berlin.de\/letrasendanza\/2014\/01\/06\/por-que-vivir-en-tiempos-dificiles\/\" target=\"_blank\">entrada anterior <\/a>presentamos la colecci\u00f3n de nueve cuentos escritos en espa\u00f1ol, que al menos en un &#8222;Bundesland&#8220; alem\u00e1n (Baden W\u00fcrttenberg) son lectura obligatoria en la selectividad, en la asignatura Lengua Espa\u00f1ola.<\/p>\n<p style=\"text-align: justify\">Copiamos aqu\u00ed, en una primera entrega, los res\u00famenes de los argumentos:<\/p>\n<p style=\"text-align: justify\">Manuel Rivas <i><strong>La lengua de las mariposas<\/strong> <\/i>(cuento de 3.700 palabras)<\/p>\n<p style=\"text-align: justify\">Moncho, el protagonista del relato, cuenta &#8211;\u00a0 muchos a\u00f1os m\u00e1s tarde &#8211; c\u00f3mo fue su incorporaci\u00f3n a la escuela de su pueblo en Galicia. Habla de una forma muy v\u00edvida y expresiva de la admiraci\u00f3n por su maestro Don Gregorio y de la relaci\u00f3n que se estableci\u00f3 entre ellos, basada en el respeto mutuo. Este v\u00ednculo entre alumno y maestro se ve truncado bruscamente en 1936, en los d\u00edas posteriores a la sublevaci\u00f3n militar del 18 de julio, cuando unos falangistas se llevan preso a Don Gregorio junto con otros hombres afectos a la Rep\u00fablica o de ideas que no correspond\u00edan con los ideales de quienes se levantaron en armas.<\/p>\n<p style=\"text-align: justify\">Pilar Cibreiro <strong><i>Santalla el escapado<\/i><\/strong> (cuento de 1.546 palabras)<\/p>\n<p style=\"text-align: justify\">Santalla, el protagonista de la historia, est\u00e1 huido en la monta\u00f1a y se alimenta de la comida que su hermana le proporciona sin que se sepa c\u00f3mo lo hace. La Guardia Civil lo busca porque en los tiempos del final de la II Rep\u00fablica Santalla hab\u00eda robado a ricos de la regi\u00f3n. Incapaz de encontrarlo, los guardias se dedican a visitar a la madre y hermana, a las que torturan, hasta que estas mueren. Entonces, los vecinos que hasta entonces, acobardados, se hab\u00edan mantenido encerrados en sus casas, se organizan, hacen una batida por el monte y lo encuentran desvalido.<\/p>\n<p style=\"text-align: justify\">Juan Eduardo Z\u00fa\u00f1iga <strong><i>Un ruido extra\u00f1o<\/i> <\/strong>(cuento de 2.527 palabras)<\/p>\n<p style=\"text-align: justify\">Un oficial militar de una Brigada en el Madrid sitiado por las tropas sublevadas encuentra en una casa abandonada a alguien que al verse descubierto huye de \u00e9l. Se trata de un <i>emboscao<\/i>, es decir, un desertor que se ha refugiado en esa casa vac\u00eda. Despu\u00e9s de una persecuci\u00f3n en la que se atraviesan cuartos y pisos oscuros, ambas personas se enfrentan a una gran cantidad de ratas que les atacan. Salen del recinto y los hombres se dan cuenta que ambos est\u00e1n sangrando pues han sido v\u00edctimas del ataque de las ratas que se han adue\u00f1ado de la casa.<\/p>\n<p style=\"text-align: justify\">(<a title=\"res\u00famenes El desertor, Coro y El hermoso amaneces\" href=\"https:\/\/blogs.fu-berlin.de\/letrasendanza\/2014\/04\/27\/resumenes-ii-el-desertor-coro-y-el-hermoso-amanecer\/\" target=\"_blank\">Contin\u00faa aqu\u00ed<\/a>)<\/p>\n<\/blockquote>\n","protected":false},"excerpt":{"rendered":"<p>En una entrada anterior presentamos la colecci\u00f3n de nueve cuentos escritos en espa\u00f1ol, que al menos en un &#8222;Bundesland&#8220; alem\u00e1n (Baden W\u00fcrttenberg) son lectura obligatoria en la selectividad, en la asignatura Lengua Espa\u00f1ola. Copiamos aqu\u00ed, en una primera entrega, los res\u00famenes de los argumentos: Manuel Rivas La lengua de las mariposas (cuento de 3.700 palabras) [&hellip;]<\/p>\n","protected":false},"author":74,"featured_media":0,"comment_status":"open","ping_status":"open","sticky":false,"template":"","format":"standard","meta":{"footnotes":""},"categories":[17905,18054],"tags":[18064,18067],"class_list":["post-804","post","type-post","status-publish","format-standard","hentry","category-leer","category-vivir-en-tiempos-dificiles","tag-cuentos","tag-ensenanza-reglada"],"_links":{"self":[{"href":"https:\/\/blogs.fu-berlin.de\/letrasendanza\/wp-json\/wp\/v2\/posts\/804","targetHints":{"allow":["GET"]}}],"collection":[{"href":"https:\/\/blogs.fu-berlin.de\/letrasendanza\/wp-json\/wp\/v2\/posts"}],"about":[{"href":"https:\/\/blogs.fu-berlin.de\/letrasendanza\/wp-json\/wp\/v2\/types\/post"}],"author":[{"embeddable":true,"href":"https:\/\/blogs.fu-berlin.de\/letrasendanza\/wp-json\/wp\/v2\/users\/74"}],"replies":[{"embeddable":true,"href":"https:\/\/blogs.fu-berlin.de\/letrasendanza\/wp-json\/wp\/v2\/comments?post=804"}],"version-history":[{"count":5,"href":"https:\/\/blogs.fu-berlin.de\/letrasendanza\/wp-json\/wp\/v2\/posts\/804\/revisions"}],"predecessor-version":[{"id":966,"href":"https:\/\/blogs.fu-berlin.de\/letrasendanza\/wp-json\/wp\/v2\/posts\/804\/revisions\/966"}],"wp:attachment":[{"href":"https:\/\/blogs.fu-berlin.de\/letrasendanza\/wp-json\/wp\/v2\/media?parent=804"}],"wp:term":[{"taxonomy":"category","embeddable":true,"href":"https:\/\/blogs.fu-berlin.de\/letrasendanza\/wp-json\/wp\/v2\/categories?post=804"},{"taxonomy":"post_tag","embeddable":true,"href":"https:\/\/blogs.fu-berlin.de\/letrasendanza\/wp-json\/wp\/v2\/tags?post=804"}],"curies":[{"name":"wp","href":"https:\/\/api.w.org\/{rel}","templated":true}]}}