{"id":852,"date":"2014-06-03T14:34:40","date_gmt":"2014-06-03T14:34:40","guid":{"rendered":"https:\/\/blogs.fu-berlin.de\/letrasendanza\/?p=852"},"modified":"2015-01-26T11:00:38","modified_gmt":"2015-01-26T11:00:38","slug":"de-libros-lectura-y-resistencias","status":"publish","type":"post","link":"https:\/\/blogs.fu-berlin.de\/letrasendanza\/2014\/06\/03\/de-libros-lectura-y-resistencias\/","title":{"rendered":"De libros, lectura y resistencias"},"content":{"rendered":"<blockquote><p><span style=\"color: #808000\"><strong>Luis Aar\u00f3n Gonz\u00e1lez Hern\u00e1ndez<\/strong>, el autor del texto que publicamos hoy, es licenciado en Filosof\u00eda por la Universidad de La Laguna (Espa\u00f1a). Luis ampl\u00eda estudios form\u00e1ndose en Filolog\u00eda Hisp\u00e1nica en la Freie Universti\u00e4t de Berl\u00edn, adem\u00e1s imparte ya clases de lengua espa\u00f1ola en Berl\u00edn. En el invierno de 2013-2014,\u00a0 asisti\u00f3 a uno de mis cursos en la <a title=\"P\u00e1gina oficial de la FU Berlin\" href=\"https:\/\/www.fu-berlin.de\/\" target=\"_blank\"><span style=\"color: #808000\"><strong>Freie Universit\u00e4t Berlin<\/strong><\/span><\/a> en el que combin\u00e1bamos la lectura del texto de <strong>Miguel de Cervantes<\/strong> <em>Don Quijote de la Mancha<\/em> con el estudio de algunos lienzos de <strong>Diego Vel\u00e1zquez<\/strong>. A partir de la comparaci\u00f3n de las labores que se realizan en el taller de <strong>Las Hilanderas<\/strong> (Cuadro de Vel\u00e1zquez) y en el taller imprenta que <strong>don Quijote visita en Barcelona<\/strong> (<a title=\"Don Quijote II,62 visita a la imprenta\" href=\"https:\/\/cvc.cervantes.es\/literatura\/clasicos\/quijote\/edicion\/parte2\/cap62\/cap62_04.htm\" target=\"_blank\"><span style=\"color: #808000\">segunda parte, cap\u00edtulo 62<\/span><\/a>: <em> \u00abAqu\u00ed se imprimen libros\u00bb<\/em> &#8230;) <strong>Luis Aar\u00f3n<\/strong> me coment\u00f3 que hab\u00eda un espacio en Berl\u00edn algo parecido en el que no solo se vend\u00edan libros, sino tambi\u00e9n se realizaban otras tareas diversas. Entonces le ped\u00ed que nos lo ilustrara. Aqu\u00ed est\u00e1n las <strong>Letras en Danza<\/strong> que salen de su pluma:<br \/>\n<\/span><\/p>\n<h1 style=\"text-align: center\" align=\"center\">El libro y la lectura<\/h1>\n<p style=\"text-align: justify\">Las previsiones se cumplieron y este a\u00f1o se vendieron casi tantos libros como el a\u00f1o pasado por el 23 de abril. El sector del libro est\u00e1 debilitado porque cada vez m\u00e1s lectores acuden a las bibliotecas (+4,3%) o a internet (+7,3%) pasa saciar sus ansias lectoras (<i>P\u00fablico<\/i>, 2014); mientras el libro se debate en torno a sus perspectivas de futuro y a las estrategias para su supervivencia.<\/p>\n<p style=\"text-align: justify\">Las nuevas tecnolog\u00edas e internet han supuesto una revoluci\u00f3n en la lectura que no se caracteriza por ser \u201clineal\u201d, sino m\u00e1s bien \u201cradial\u201d (\u201cEl futuro de la lectura\u201d, <i>El Pa\u00eds<\/i>, 15.09.12): porque mediante un solo clic tenemos a nuestra disposici\u00f3n una cantidad ingente de informaci\u00f3n que desv\u00eda nuestra atenci\u00f3n del texto central. El peligro que se cierne sobre el lector actual es que pierda la paciencia necesaria para elaborar pensamientos y reflexiones m\u00e1s profundas a partir del texto y quede a merced de este, convirti\u00e9ndose en un lector distra\u00eddo y f\u00e1cilmente manipulable.<\/p>\n<p style=\"text-align: justify\">El futuro en torno al libro se torna incierto desde la perspectiva de un tesoro dif\u00edcil de mejorar, pues todas las mejoras a partir de ahora vendr\u00e1n del lado del libro digital. Las preguntas que nos sugiere es qu\u00e9 puede ofrecernos el libro tradicional frente al anal\u00f3gico y qu\u00e9 apuestan los editores en el corto y medio plazo.<\/p>\n<p style=\"text-align: justify\">La ralentizaci\u00f3n del mercado del libro digital, que acapara el 25% del total, es un dato esperanzador y parece augurar una convivencia de los dos formatos. El libro se reinventa como una obra de arte\/objeto en s\u00ed misma destinada a dar al consumidor otra relaci\u00f3n de pertenencia. De ahora en adelante solo se publicar\u00e1 aquello que aporte al lector una experiencia m\u00e1s sensorial y visual; el resto ir\u00e1 en digital. Las ediciones baratas se quedar\u00e1n en el camino. Si bien el libro naci\u00f3 para ser algo popular, ahora corre el riesgo de convertirse en algo selecto\u00a0 (\u201cEl papel del libro renace como objeto\u201d, <i>El Pa\u00eds<\/i>, 01.12.13).<\/p>\n<p style=\"text-align: justify\">Abrir una peque\u00f1a librer\u00eda supone un reto enorme en estos tiempos, cuando todas las librer\u00edas est\u00e1n cerrando por falta de ingresos. El esp\u00edritu de resistencia lo lleva plasmado en su nombre la librer\u00eda <i>La Impossible<\/i> en Barcelona. Berl\u00edn cuenta con un espacio singular en el barrio de Kreuzberg, bajo la Estrella del Sur (S\u00fcdstern 2): la librer\u00eda <i>La Rayuela<\/i>, la escuela de idiomas <i>MAR<\/i> y el <i>Caf\u00e9 Estrellas del Sur<\/i>, forman parte del mismo proyecto en el que organizan diversas actividades que lo convierten en un espacio multidisciplinar de \u201cm\u00e1s que lectura y compra\u201d con predominio del ambiente hispano.<\/p>\n<div id=\"attachment_917\" style=\"width: 310px\" class=\"wp-caption alignright\"><a href=\"https:\/\/blogs.fu-berlin.de\/letrasendanza\/files\/2014\/06\/Margarita-para-Blog.jpg\"><img loading=\"lazy\" decoding=\"async\" aria-describedby=\"caption-attachment-917\" class=\"size-medium wp-image-917 \" src=\"https:\/\/blogs.fu-berlin.de\/letrasendanza\/files\/2014\/06\/Margarita-para-Blog-300x225.jpg\" alt=\"Margarita-La Rayuela-Estrella del Sur-Berl\u00edn\" width=\"300\" height=\"225\" \/><\/a><p id=\"caption-attachment-917\" class=\"wp-caption-text\">Margarita-La Rayuela-Estrella del Sur-Berl\u00edn<\/p><\/div>\n<p style=\"text-align: justify\">La especializaci\u00f3n pasa por ser una de las recetas de la supervivencia de las peque\u00f1as librer\u00edas, y <i>La Rayuela<\/i>, especializada en literatura en castellano, cuenta con una estupenda selecci\u00f3n de autores espa\u00f1oles y latinoamericanos, tanto en edici\u00f3n original como en traducci\u00f3n alemana (\u201cBerl\u00edn lee en espa\u00f1ol\u201d, El Pa\u00eds, 12.01.14).<\/p>\n<p style=\"text-align: justify\">El sector del libro, desde los editores a los autores pasando por los libreros, los lectores, los distribuidores, los pol\u00edticos y los responsables de las instituciones culturales p\u00fablicas y privadas, debe seguir reflexionando y debatiendo sobre la manera en que se lee y se publica hoy en d\u00eda en un contexto en el que las reglas de juego y los h\u00e1bitos de consumo han cambiado, para dise\u00f1ar conjuntamente estrategias de futuro y poder garantizar su supervivencia.<\/p>\n<p style=\"text-align: justify\" align=\"right\">Luis Aar\u00f3n Gonz\u00e1lez Hern\u00e1ndez<\/p>\n<\/blockquote>\n","protected":false},"excerpt":{"rendered":"<p>Luis Aar\u00f3n Gonz\u00e1lez Hern\u00e1ndez, el autor del texto que publicamos hoy, es licenciado en Filosof\u00eda por la Universidad de La Laguna (Espa\u00f1a). Luis ampl\u00eda estudios form\u00e1ndose en Filolog\u00eda Hisp\u00e1nica en la Freie Universti\u00e4t de Berl\u00edn, adem\u00e1s imparte ya clases de lengua espa\u00f1ola en Berl\u00edn. En el invierno de 2013-2014,\u00a0 asisti\u00f3 a uno de mis cursos [&hellip;]<\/p>\n","protected":false},"author":74,"featured_media":0,"comment_status":"open","ping_status":"open","sticky":false,"template":"","format":"standard","meta":{"footnotes":""},"categories":[9,17719,18079,17905],"tags":[18063],"class_list":["post-852","post","type-post","status-publish","format-standard","hentry","category-allgemein","category-comentar","category-estudiantes","category-leer","tag-mas-que-palabras"],"_links":{"self":[{"href":"https:\/\/blogs.fu-berlin.de\/letrasendanza\/wp-json\/wp\/v2\/posts\/852","targetHints":{"allow":["GET"]}}],"collection":[{"href":"https:\/\/blogs.fu-berlin.de\/letrasendanza\/wp-json\/wp\/v2\/posts"}],"about":[{"href":"https:\/\/blogs.fu-berlin.de\/letrasendanza\/wp-json\/wp\/v2\/types\/post"}],"author":[{"embeddable":true,"href":"https:\/\/blogs.fu-berlin.de\/letrasendanza\/wp-json\/wp\/v2\/users\/74"}],"replies":[{"embeddable":true,"href":"https:\/\/blogs.fu-berlin.de\/letrasendanza\/wp-json\/wp\/v2\/comments?post=852"}],"version-history":[{"count":15,"href":"https:\/\/blogs.fu-berlin.de\/letrasendanza\/wp-json\/wp\/v2\/posts\/852\/revisions"}],"predecessor-version":[{"id":1207,"href":"https:\/\/blogs.fu-berlin.de\/letrasendanza\/wp-json\/wp\/v2\/posts\/852\/revisions\/1207"}],"wp:attachment":[{"href":"https:\/\/blogs.fu-berlin.de\/letrasendanza\/wp-json\/wp\/v2\/media?parent=852"}],"wp:term":[{"taxonomy":"category","embeddable":true,"href":"https:\/\/blogs.fu-berlin.de\/letrasendanza\/wp-json\/wp\/v2\/categories?post=852"},{"taxonomy":"post_tag","embeddable":true,"href":"https:\/\/blogs.fu-berlin.de\/letrasendanza\/wp-json\/wp\/v2\/tags?post=852"}],"curies":[{"name":"wp","href":"https:\/\/api.w.org\/{rel}","templated":true}]}}