{"id":957,"date":"2014-09-15T13:40:45","date_gmt":"2014-09-15T13:40:45","guid":{"rendered":"https:\/\/blogs.fu-berlin.de\/letrasendanza\/?p=957"},"modified":"2014-09-15T14:55:04","modified_gmt":"2014-09-15T14:55:04","slug":"la-ficcion-nos-afecta","status":"publish","type":"post","link":"https:\/\/blogs.fu-berlin.de\/letrasendanza\/2014\/09\/15\/la-ficcion-nos-afecta\/","title":{"rendered":"La ficci\u00f3n nos afecta"},"content":{"rendered":"<blockquote>\n<h3 style=\"text-align: justify\"><b>Publicamos hoy otro comentario de <span style=\"text-decoration: underline\"><span style=\"color: #0000ff;text-decoration: underline\">Philipp Grolla<\/span><\/span>, uno de los estudiantes de Lengua espa\u00f1ola -y de Filosof\u00eda, en la Freie Universit\u00e4t &#8211; que <a title=\"Comentario de Philipp Grolla\" href=\"https:\/\/blogs.fu-berlin.de\/letrasendanza\/2014\/07\/07\/el-arte-como-reflejo-de-nuestra-sociedad-del-siglo-xxi\/\" target=\"_blank\"><span style=\"color: #000000\">ya conocemos en estas LETRAS EN DANZA. <\/span><\/a><\/b><\/h3>\n<h2 style=\"text-align: center\"><span style=\"color: #99cc00\">\u00bfEs la ficci\u00f3n capaz de decirnos algo sobre la \u201crealidad&#8220;?<\/span><\/h2>\n<p style=\"text-align: justify\">En el microrrelato de Jos\u00e9 Emilio Pacheco \u201c<a title=\"Relato de Eustolia de Jos\u00e9 Emilio Pacheco\" href=\"https:\/\/nalocos.blogspot.de\/2009\/05\/jose-emilio-pacheco-y-2.html\" target=\"_blank\">Relato de Eustolia<\/a>\u201d una joven intenta contar la historia de su vida desde un punto de vista personal y explica por qu\u00e9 se encuentra en una c\u00e1rcel en aquel momento.<\/p>\n<p style=\"text-align: justify\">Eustolia llega a la ciudad de Chicago con su familia cuando todav\u00eda es peque\u00f1a. Como su pap\u00e1 abandona a la familia y su mam\u00e1 muere poco despu\u00e9s, Eustolia tiene que vivir con una familia tutelar en la cual ella es v\u00edctima de maltrato y abuso sexual varias veces. Sufre mucho y empieza a prostituirse para ganar dinero y un poco de independencia y autonom\u00eda. Tambi\u00e9n desde entonces comienza a tomar drogas.<\/p>\n<p style=\"text-align: justify\">Sin embargo algunos a\u00f1os despu\u00e9s se da cuenta de que ya no quiere continuar trabajando para su proxeneta Mike y a partir de entonces trabaja con clientes propios. Desgraciadamente se queda embarazada y da luz a un hijo. De todas formas Eustolia est\u00e1 completamente desbordada y como no tiene esperanzas de que la situaci\u00f3n mejore, mata a su hijo.<\/p>\n<p style=\"text-align: justify\">Indudablemente el destino de Eustolia es horrible. El microrrelato presenta a una mujer joven que probablemente nunca ha experimentado seguridad y alegr\u00eda en su vida. No ha tenido ni una familia que la quiere ni alguien que la apoye. Hasta este punto su vida no le ha salido bien. Su vida est\u00e1 fracasada y los lectores lo comparten. Sabemos que la historia no es real sino ficticia, pero la peculiaridad de la ficci\u00f3n es que esto precisamente no importa.<\/p>\n<p style=\"text-align: justify\">Normalmente nadie se interesar\u00eda por el destino de una prostituta joven que mata a su hijo. Pero la ficci\u00f3n lo acerca e ilustra. Como crea una realidad alternativa omite algunos detalles insignificantes y aumenta otros para ponerlos en contexto y muestra las conexiones, de manera que podemos comprender por qu\u00e9 Eustolia se convierte en una prostituta. Reconocemos la relaci\u00f3n entre las circunstancias exteriores y su vida interior.<\/p>\n<p style=\"text-align: justify\">Aunque no existe una mujer encerrada que se llama Eustolia, su cuento nos conmueve much\u00edsimo y para m\u00ed este es uno de los m\u00e9ritos de la ficci\u00f3n: Es capaz de dirigir nuestra atenci\u00f3n a un aspecto en el mundo real que normalmente no percibir\u00edamos a trav\u00e9s de movilizar, exigir y perturbar nuestros sentimientos. La ficci\u00f3n nos afecta y en el caso de Eustolia alza la voz para gente que est\u00e1 al margen de la sociedad. Gente a la que normalmente se margina. Eustolia plasma la imagen de alguien que no puede articular su perspectiva.<\/p>\n<p style=\"text-align: justify\">Philipp Grolla,\u00a0 2014<\/p>\n<p style=\"text-align: justify\">\n<\/blockquote>\n","protected":false},"excerpt":{"rendered":"<p>Publicamos hoy otro comentario de Philipp Grolla, uno de los estudiantes de Lengua espa\u00f1ola -y de Filosof\u00eda, en la Freie Universit\u00e4t &#8211; que ya conocemos en estas LETRAS EN DANZA. \u00bfEs la ficci\u00f3n capaz de decirnos algo sobre la \u201crealidad&#8220;? En el microrrelato de Jos\u00e9 Emilio Pacheco \u201cRelato de Eustolia\u201d una joven intenta contar la [&hellip;]<\/p>\n","protected":false},"author":74,"featured_media":0,"comment_status":"open","ping_status":"open","sticky":false,"template":"","format":"standard","meta":{"footnotes":""},"categories":[17719,17905],"tags":[18063,18065],"class_list":["post-957","post","type-post","status-publish","format-standard","hentry","category-comentar","category-leer","tag-mas-que-palabras","tag-microrrelatos"],"_links":{"self":[{"href":"https:\/\/blogs.fu-berlin.de\/letrasendanza\/wp-json\/wp\/v2\/posts\/957","targetHints":{"allow":["GET"]}}],"collection":[{"href":"https:\/\/blogs.fu-berlin.de\/letrasendanza\/wp-json\/wp\/v2\/posts"}],"about":[{"href":"https:\/\/blogs.fu-berlin.de\/letrasendanza\/wp-json\/wp\/v2\/types\/post"}],"author":[{"embeddable":true,"href":"https:\/\/blogs.fu-berlin.de\/letrasendanza\/wp-json\/wp\/v2\/users\/74"}],"replies":[{"embeddable":true,"href":"https:\/\/blogs.fu-berlin.de\/letrasendanza\/wp-json\/wp\/v2\/comments?post=957"}],"version-history":[{"count":10,"href":"https:\/\/blogs.fu-berlin.de\/letrasendanza\/wp-json\/wp\/v2\/posts\/957\/revisions"}],"predecessor-version":[{"id":1021,"href":"https:\/\/blogs.fu-berlin.de\/letrasendanza\/wp-json\/wp\/v2\/posts\/957\/revisions\/1021"}],"wp:attachment":[{"href":"https:\/\/blogs.fu-berlin.de\/letrasendanza\/wp-json\/wp\/v2\/media?parent=957"}],"wp:term":[{"taxonomy":"category","embeddable":true,"href":"https:\/\/blogs.fu-berlin.de\/letrasendanza\/wp-json\/wp\/v2\/categories?post=957"},{"taxonomy":"post_tag","embeddable":true,"href":"https:\/\/blogs.fu-berlin.de\/letrasendanza\/wp-json\/wp\/v2\/tags?post=957"}],"curies":[{"name":"wp","href":"https:\/\/api.w.org\/{rel}","templated":true}]}}