{"id":982,"date":"2014-08-20T13:41:43","date_gmt":"2014-08-20T13:41:43","guid":{"rendered":"https:\/\/blogs.fu-berlin.de\/letrasendanza\/?p=982"},"modified":"2014-08-09T08:41:28","modified_gmt":"2014-08-09T08:41:28","slug":"la-lengua-de-las-mariposas-de-manuel-rivas-i","status":"publish","type":"post","link":"https:\/\/blogs.fu-berlin.de\/letrasendanza\/2014\/08\/20\/la-lengua-de-las-mariposas-de-manuel-rivas-i\/","title":{"rendered":"La lengua de las mariposas de Manuel Rivas (I)"},"content":{"rendered":"<blockquote>\n<h2 style=\"text-align: center\"><span style=\"color: #99cc00\"><b>La lengua y el valor de las palabras<\/b><\/span><\/h2>\n<p style=\"text-align: justify\">\u00a0El cuento <i>La lengua de las mariposas<\/i> de Manuel Rivas, es conocido no solo porque goza de una gran recepci\u00f3n en \u00e1mbitos escolares de ense\u00f1anza de la lengua y literatura, sino tambi\u00e9n por el \u00e9xito que tuvo la pel\u00edcula hom\u00f3nima dirigida por Jos\u00e9 Luis Cuerda (1999). Moncho, el protagonista, cuenta &#8211;\u00a0 muchos a\u00f1os m\u00e1s tarde &#8211; c\u00f3mo fue su incorporaci\u00f3n a la escuela y habla de una forma muy v\u00edvida y expresiva de su admiraci\u00f3n por Don Gregorio, su maestro, y de la relaci\u00f3n que se estableci\u00f3 entre ellos basada en el respeto mutuo. El resumen del argumento est\u00e1 publicado en estas p\u00e1ginas virtuales y puede usted leerlo cliqueando <a title=\"Resumen del argumento de LA LENGUA DE LAS MARIPOSAS\" href=\"https:\/\/blogs.fu-berlin.de\/letrasendanza\/2014\/03\/29\/resumenes-de-cuentos-1\/\" target=\"_blank\">aqu\u00ed. <\/a><\/p>\n<p style=\"text-align: justify\">Mi propuesta para trabajar con este relato gira en torno al uso y funci\u00f3n de las palabras que transmiten intenciones y conocimiento, pero que tambi\u00e9n niegan u ocultan realidades.<\/p>\n<h3 style=\"text-align: center\"><b>Los personajes <\/b><\/h3>\n<p style=\"text-align: justify\">En la estructura propia de los cuentos, los personajes suelen presentarse con pocas pinceladas, en su aspecto f\u00edsico y su comportamiento. En la configuraci\u00f3n de personajes alrededor de <strong>Moncho<\/strong>, el protagonista, interesa analizar primero quienes son las personas importantes para \u00e9l, sus puntos de referencia en la formaci\u00f3n del ni\u00f1o como persona: en primer lugar, sus padres en el seno de la familia; y en el \u00e1mbito escolar, el maestro; hay adem\u00e1s algunas personas de su entorno relevantes para Moncho. Es importante establecer tanto el v\u00ednculo afectivo que los une, como el tipo de ense\u00f1anza o conocimiento del mundo que Moncho recibe de ellos o percibe a trav\u00e9s de ellos.<\/p>\n<h2 style=\"text-align: center\"><span style=\"color: #99cc00\"><b>Funciones de la lengua<\/b><\/span><\/h2>\n<p style=\"text-align: justify\"><b>\u00a0<\/b>La influencia que ejercen los adultos en Moncho se trasluce a trav\u00e9s de las palabras que estos le dicen; son palabras que le hacen ver el mundo de una forma concreta hasta que \u00e9l mismo vive sus propias experiencias. Lo que conoce a trav\u00e9s de los adultos est\u00e1 tamizado por la funci\u00f3n que en cada caso cumple la lengua (informaci\u00f3n, aviso, amenaza, encubrimiento, etc.). El chico act\u00faa influido por lo que escucha: va a la escuela con miedo (<i>El miedo como un rat\u00f3n, me ro\u00eda las entra\u00f1as<\/i>) por las amenazas del padre del tipo<\/p>\n<p style=\"text-align: center\"><span style=\"color: #808080\"><strong><i>\u00a1Ya ver\u00e1s cuando vayas a la escuela!<\/i><\/strong><\/span><\/p>\n<p>Su madre le obliga a mentir, lo cual se reproduce en uno de los di\u00e1logos m\u00e1s dram\u00e1ticos del cuento:<\/p>\n<p>(habla la madre)<i> <\/i><\/p>\n<p style=\"text-align: center\"><span style=\"color: #808080\"><strong><i>Recuerda esto, Moncho. Pap\u00e1 no era republicano. Pap\u00e1 no era amigo del alcalde. Pap\u00e1 no hablaba mal de los curas. Y otra cosa muy importante, Moncho. Pap\u00e1 no le regal\u00f3 un traje al maestro&#8230;.<\/i><\/strong><\/span><\/p>\n<p>(replica el hijo)<\/p>\n<p style=\"text-align: center\"><span style=\"color: #808080\"><strong>S\u00ed<i> que se lo regal\u00f3.<\/i><\/strong><\/span><\/p>\n<p>(insiste la madre)<\/p>\n<p style=\"text-align: center\"><span style=\"color: #808080\"><strong>No,<\/strong><i><strong> Moncho. No se lo regal\u00f3. \u00bfHas entendido bien? \u00a1No se lo regal\u00f3!<\/strong> <\/i><\/span><\/p>\n<p>(concluye el hijo)<\/p>\n<p style=\"text-align: center\"><span style=\"color: #808080\"><strong><em>No,<\/em><i> mam\u00e1, no se lo regal\u00f3.<\/i><\/strong><\/span><\/p>\n<p style=\"text-align: justify\">La escena dram\u00e1tica del final y el cambio de actitud que presenta Moncho, nace del intento desesperado de la madre por salvar a su familia: lo hace <span style=\"color: #800080\"><strong>utilizando las palabras como parapeto defensivo<\/strong>, pero <strong>obliga a Moncho de nuevo a mentir<\/strong>.<\/span><\/p>\n<p style=\"text-align: center\"><strong><span style=\"color: #808080\"><i>\u00a1<\/i><i>Que vean que gritas, Ram\u00f3n, que vean que gritas!<\/i><\/span><\/strong><\/p>\n<p style=\"text-align: center\"><strong><span style=\"color: #808080\"><i>\u00a1Gr\u00edtale t\u00fa tambi\u00e9n, Monchi\u00f1o, gr\u00edtale t\u00fa tambi\u00e9n!<\/i><\/span><\/strong><\/p>\n<p style=\"text-align: justify\">Ahora bien, cuando Moncho oye gritar improperios a su padre, que le incita a gritar \u00e9l tambi\u00e9n, solo es capaz de \u201cmurmurar\u201d, no de gritar para insultar. Ni siquiera utiliza injurias sino <span style=\"color: #99cc00\"><strong>tres palabras relacionadas con su aprendizaje en la escuela<\/strong>.<\/span><\/p>\n<p style=\"text-align: center\"><span style=\"color: #808080\"><strong><i>&#8230; s\u00f3lo fui capaz de murmurar con rabia: <\/i><\/strong><\/span><\/p>\n<p style=\"text-align: center\"><span style=\"color: #808080\"><strong><i>\u00a1Sapo! <\/i><i>\u00a1Tilonorrinco! \u00a1Iris!<\/i><\/strong><i><strong>\u00a0<\/strong> <\/i><\/span><\/p>\n<p style=\"text-align: justify\">Esto indica que el chaval ya hab\u00eda empezado a formarse su propia visi\u00f3n de la realidad y a separarse de la influencia de sus padres.<\/p>\n<p style=\"text-align: justify\">Por otro lado, teniendo en cuenta que la narraci\u00f3n se cuenta desde la perspectiva del protagonista ya adulto (el centro de visi\u00f3n de todo lo que pasa es la conciencia y percepci\u00f3n de Moncho), cabe cuestionarse si este habr\u00eda contado los hechos, de la forma en que lo hace &#8211; sin intervenir ni juzgarlos -, de no haber disfrutado de las ense\u00f1anzas de su maestro, del que recuerda que &#8230;<\/p>\n<p style=\"text-align: center\"><span style=\"color: #808080\"><strong><i>&#8230; todo lo que \u00e9l tocaba era un cuento fascinante. El cuento pod\u00eda comenzar con una hoja de papel, despu\u00e9s de pasar por el Amazonas y la s\u00edstole y di\u00e1stole del coraz\u00f3n. [&#8230;] <\/i><\/strong><\/span><\/p>\n<p style=\"text-align: center\"><span style=\"color: #808080\"><strong><i>Plant\u00e1bamos las patatas que hab\u00edan venido de Am\u00e9rica. Y a Am\u00e9rica emigramos cuando lleg\u00f3 la peste de la patata.<\/i><\/strong><\/span><\/p>\n<p style=\"text-align: justify\">El maestro le hab\u00eda acompa\u00f1ado y ense\u00f1ado a observar la naturaleza, a partir de la cual <span style=\"color: #99cc00\"><strong>los seres se nombran por lo que son y no por lo que representan<\/strong> <\/span>para unos u otros.<\/p>\n<p style=\"text-align: justify\">Por muy cruel que resulte el cambio de actitud de Moncho, hay que recordar las palabras finales: <span style=\"color: #000080\"><strong>el chico es incapaz de usar palabras malsonantes, injurias, maldiciones<\/strong>.<\/span><\/p>\n<p style=\"text-align: right\">(continuar\u00e1 el 28.08.2014)<\/p>\n<p>&nbsp;<\/p><\/blockquote>\n","protected":false},"excerpt":{"rendered":"<p>La lengua y el valor de las palabras \u00a0El cuento La lengua de las mariposas de Manuel Rivas, es conocido no solo porque goza de una gran recepci\u00f3n en \u00e1mbitos escolares de ense\u00f1anza de la lengua y literatura, sino tambi\u00e9n por el \u00e9xito que tuvo la pel\u00edcula hom\u00f3nima dirigida por Jos\u00e9 Luis Cuerda (1999). Moncho, [&hellip;]<\/p>\n","protected":false},"author":74,"featured_media":0,"comment_status":"open","ping_status":"open","sticky":false,"template":"","format":"standard","meta":{"footnotes":""},"categories":[18050,17719,17905,18054],"tags":[18064,18067],"class_list":["post-982","post","type-post","status-publish","format-standard","hentry","category-analizar","category-comentar","category-leer","category-vivir-en-tiempos-dificiles","tag-cuentos","tag-ensenanza-reglada"],"_links":{"self":[{"href":"https:\/\/blogs.fu-berlin.de\/letrasendanza\/wp-json\/wp\/v2\/posts\/982","targetHints":{"allow":["GET"]}}],"collection":[{"href":"https:\/\/blogs.fu-berlin.de\/letrasendanza\/wp-json\/wp\/v2\/posts"}],"about":[{"href":"https:\/\/blogs.fu-berlin.de\/letrasendanza\/wp-json\/wp\/v2\/types\/post"}],"author":[{"embeddable":true,"href":"https:\/\/blogs.fu-berlin.de\/letrasendanza\/wp-json\/wp\/v2\/users\/74"}],"replies":[{"embeddable":true,"href":"https:\/\/blogs.fu-berlin.de\/letrasendanza\/wp-json\/wp\/v2\/comments?post=982"}],"version-history":[{"count":8,"href":"https:\/\/blogs.fu-berlin.de\/letrasendanza\/wp-json\/wp\/v2\/posts\/982\/revisions"}],"predecessor-version":[{"id":1006,"href":"https:\/\/blogs.fu-berlin.de\/letrasendanza\/wp-json\/wp\/v2\/posts\/982\/revisions\/1006"}],"wp:attachment":[{"href":"https:\/\/blogs.fu-berlin.de\/letrasendanza\/wp-json\/wp\/v2\/media?parent=982"}],"wp:term":[{"taxonomy":"category","embeddable":true,"href":"https:\/\/blogs.fu-berlin.de\/letrasendanza\/wp-json\/wp\/v2\/categories?post=982"},{"taxonomy":"post_tag","embeddable":true,"href":"https:\/\/blogs.fu-berlin.de\/letrasendanza\/wp-json\/wp\/v2\/tags?post=982"}],"curies":[{"name":"wp","href":"https:\/\/api.w.org\/{rel}","templated":true}]}}