{"id":146,"date":"2017-12-03T20:35:47","date_gmt":"2017-12-03T19:35:47","guid":{"rendered":"https:\/\/blogs.fu-berlin.de\/menschenbilder\/?p=146"},"modified":"2017-12-04T18:16:11","modified_gmt":"2017-12-04T17:16:11","slug":"der-mensch-ist-von-natur-aus-gut-ich-glaube-es-nachgewiesen-zu-haben-rousseau-1755","status":"publish","type":"post","link":"https:\/\/blogs.fu-berlin.de\/menschenbilder\/2017\/12\/03\/der-mensch-ist-von-natur-aus-gut-ich-glaube-es-nachgewiesen-zu-haben-rousseau-1755\/","title":{"rendered":"\u201e\u2026Der Mensch ist von Natur aus gut, ich glaube es, nachgewiesen zu haben\u2026\u201c (Rousseau 1755)"},"content":{"rendered":"<figure id=\"attachment_152\" aria-describedby=\"caption-attachment-152\" style=\"width: 215px\" class=\"wp-caption alignleft\"><img loading=\"lazy\" decoding=\"async\" class=\"wp-image-152 size-medium\" src=\"https:\/\/blogs.fu-berlin.de\/menschenbilder\/files\/2017\/12\/1280px-Jean-Jacques_Rousseau_painted_portrait-215x300.jpg\" alt=\"\" width=\"215\" height=\"300\" srcset=\"https:\/\/blogs.fu-berlin.de\/menschenbilder\/files\/2017\/12\/1280px-Jean-Jacques_Rousseau_painted_portrait-215x300.jpg 215w, https:\/\/blogs.fu-berlin.de\/menschenbilder\/files\/2017\/12\/1280px-Jean-Jacques_Rousseau_painted_portrait-768x1069.jpg 768w, https:\/\/blogs.fu-berlin.de\/menschenbilder\/files\/2017\/12\/1280px-Jean-Jacques_Rousseau_painted_portrait-736x1024.jpg 736w, https:\/\/blogs.fu-berlin.de\/menschenbilder\/files\/2017\/12\/1280px-Jean-Jacques_Rousseau_painted_portrait-1200x1671.jpg 1200w, https:\/\/blogs.fu-berlin.de\/menschenbilder\/files\/2017\/12\/1280px-Jean-Jacques_Rousseau_painted_portrait.jpg 1280w\" sizes=\"auto, (max-width: 215px) 85vw, 215px\" \/><figcaption id=\"caption-attachment-152\" class=\"wp-caption-text\">Rousseau 1753, Gem\u00e4lde von Maurice Quentin de La Tour &#8211; Public Domain, via Wikimedia Commons<\/figcaption><\/figure>\n<p>&nbsp;<\/p>\n<p>Der Philosoph, Schriftsteller und Staatstheoretiker<a href=\"https:\/\/www.rwi.uzh.ch\/elt-lst-mahlmann\/rechtstheorie\/rousseau\/de\/html\/\"> Jean-Jacques Rousseau<\/a> wurde 1712 in Genf geboren und starb 1778 in Paris. Er gilt als einer der Gr\u00f6\u00dften Denker des 18. Jahrhunderts, dem Zeitalter der Aufkl\u00e4rung und vertat die Lehre der Freiheit und Gleichheit der Menschen. Sein von uns betrachtetes Werk \u201eContrat Social\u201c von 1762 fordert den \u201eZusammenschluss der freien B\u00fcrger aus der Basis gleicher Rechte\u201c. Im folgenden soll nun weiter auf sein Werk eingegangen und wichtige Begrifflichkeiten betrachtet werden.<\/p>\n<p>&nbsp;<\/p>\n<p><strong>Der Naturzustand<\/strong><\/p>\n<p>Thomas Hobbes und Jean-Jacques Rousseau hatten beide die Vorstellung eines Naturzustandes. Der Naturzustand von Hobbes besagt, dass alle Menschen grunds\u00e4tzlich gleich sind, angetrieben von der Selbsterhaltung, jedoch agieren sie misstrauisch, egoistisch und hinterh\u00e4ltig (Mehr zu Hobbes im <a href=\"https:\/\/blogs.fu-berlin.de\/menschenbilder\/2017\/11\/27\/thomas-hobbes-das-menschliche-leben-ist-einsam-armselig-ekelhaft-tierisch-und-kurz-hobbes-2005-s-91\/\">Blogbeitrag<\/a>).<\/p>\n<p>&nbsp;<\/p>\n<figure id=\"attachment_147\" aria-describedby=\"caption-attachment-147\" style=\"width: 840px\" class=\"wp-caption aligncenter\"><img loading=\"lazy\" decoding=\"async\" class=\"wp-image-147 size-large\" src=\"https:\/\/blogs.fu-berlin.de\/menschenbilder\/files\/2017\/12\/WP_20171201_09_28_32_Pro-1024x576.jpg\" alt=\"\" width=\"840\" height=\"473\" srcset=\"https:\/\/blogs.fu-berlin.de\/menschenbilder\/files\/2017\/12\/WP_20171201_09_28_32_Pro-1024x576.jpg 1024w, https:\/\/blogs.fu-berlin.de\/menschenbilder\/files\/2017\/12\/WP_20171201_09_28_32_Pro-300x169.jpg 300w, https:\/\/blogs.fu-berlin.de\/menschenbilder\/files\/2017\/12\/WP_20171201_09_28_32_Pro-768x432.jpg 768w, https:\/\/blogs.fu-berlin.de\/menschenbilder\/files\/2017\/12\/WP_20171201_09_28_32_Pro-1200x675.jpg 1200w, https:\/\/blogs.fu-berlin.de\/menschenbilder\/files\/2017\/12\/WP_20171201_09_28_32_Pro.jpg 1632w\" sizes=\"auto, (max-width: 709px) 85vw, (max-width: 909px) 67vw, (max-width: 1362px) 62vw, 840px\" \/><figcaption id=\"caption-attachment-147\" class=\"wp-caption-text\">Von Hobbes zu Rousseau<\/figcaption><\/figure>\n<p>Bei Rousseau sind im Naturzustand alle Menschen gleich und auch gl\u00fccklich und zufrieden sind. Sie werden von Selbsterhaltung bzw. Selbstliebe und Empathie angetrieben. Konflikte werden erst durch Eigentum ausgel\u00f6st, dies sorgt n\u00e4mlich f\u00fcr Ungleichheit, Misstrauen und ist letztendlich Grund f\u00fcr Krieg.<\/p>\n<p><strong>Rousseaus Theorie<\/strong><\/p>\n<p>Rousseaus Theorie ist vor allem durch den Begriff des\u00a0 &#8222;Willen&#8220;s gepr\u00e4gt. Zum einen pr\u00e4gt Rousseau seinen Freiheitsbegriff damit: Freiheit ist den eigenen Willen auszu\u00fcben; Solange man tut, was man will, ist man frei. Jedoch wird der eigene Wille (\u201evolont\u00e9 particuli\u00e8re\u201c) dem Gemeinwillen (volont\u00e9 g\u00e9n\u00e9rale) untergeordnet, dass hei\u00dft der Gesamtwille einer Gesellschaft kann mitbestimmt werden, jedoch muss sich der eigen Wille unterordnen zum Wohle der Gesellschaft. Daraus ergibt sich der Gesamtwille (\u201evolont\u00e9 de tous\u201c).<\/p>\n<p>Dies wurde am Beispiel der Todesstrafe besprochen: Wenn das T\u00f6ten einer Person der Gesellschaft hilft\/sch\u00fctzt\/ sie erh\u00e4lt, dann ist die T\u00f6tung gerechtfertigt. \u201eDer Gesellschaftsvertrag hat die Erhaltung der Vertragschlie\u00dfenden zum Zweck. Wer den Zweck will, will auch die Mittel und diese Mittel sind mit einigen Gefahren, selbst mit einigen Verlusten untrennbar verbunden\u201c (Seite 37). Es gibt in diesem Sinne also keine Rechte-\u00dcbertragung sondern eine Willens-\u00dcbertragung, hei\u00dft das akzeptieren\/annehmen des Gesamtwillen trotz gegenteiliger bzw. anderer Einstellung.<\/p>\n<p>Des weiteren pr\u00e4gt Rousseau den Begriff Souver\u00e4n. Mit Souver\u00e4n betitelt er den Staat, bestehend aus dem Volk, welcher den Gemeinwillen aus\u00fcbt. Die Vereinigung des Einzelnen mit der Gesellschaft beschreibt er wie folgt: &#8222;Je\u00adder von uns stellt ge\u00admein\u00adsam sei\u00adne Per\u00adson und gan\u00adze Kraft un\u00adter die obers\u00adte Richt\u00adli\u00adnie des all\u00adge\u00admei\u00adnen Wil\u00adlens; und wir neh\u00admen in die Ge\u00admein\u00adschaft je\u00addes Mit\u00adglied als un\u00adtrenn\u00adba\u00adren Teil des Gan\u00adzen auf.&#8220; (Rousseau 1961: 44)<\/p>\n<p>Durch die Zuordnung des Souver\u00e4nit\u00e4tsbegriff zu einer bestimmten Personengesamtheit begr\u00fcndet er die Idee der Volkssouver\u00e4nit\u00e4t. Souver\u00e4nit\u00e4t ist nach Rousseau \u201eunver\u00e4u\u00dferlich; unteilbar\u201c und beruht auf einem \u201eheiligen\u201c Vertrag. Macht kann an den Souver\u00e4n \u00fcbertragen werde, aber nicht der eigene Wille.<\/p>\n<p>\u201eJeder Vorbehalt von Menschenrechten des Einzelnen wird von Rousseau ausdr\u00fccklich und nachdr\u00fccklich verworfen [\u2026] Rousseau kennt keine pers\u00f6nliche Freiheit des Einzelnen, die vom Staat zu respektieren w\u00e4re\u201c -Sibylle T\u00f6nnies (T\u00f6nnies 2011: 83)<\/p>\n<figure id=\"attachment_148\" aria-describedby=\"caption-attachment-148\" style=\"width: 300px\" class=\"wp-caption alignright\"><img loading=\"lazy\" decoding=\"async\" class=\"wp-image-148 size-medium\" src=\"https:\/\/blogs.fu-berlin.de\/menschenbilder\/files\/2017\/12\/Jean_Duplessi-Bertaux_001-300x207.jpg\" alt=\"\" width=\"300\" height=\"207\" srcset=\"https:\/\/blogs.fu-berlin.de\/menschenbilder\/files\/2017\/12\/Jean_Duplessi-Bertaux_001-300x207.jpg 300w, https:\/\/blogs.fu-berlin.de\/menschenbilder\/files\/2017\/12\/Jean_Duplessi-Bertaux_001-768x529.jpg 768w, https:\/\/blogs.fu-berlin.de\/menschenbilder\/files\/2017\/12\/Jean_Duplessi-Bertaux_001-1024x705.jpg 1024w, https:\/\/blogs.fu-berlin.de\/menschenbilder\/files\/2017\/12\/Jean_Duplessi-Bertaux_001-1200x826.jpg 1200w\" sizes=\"auto, (max-width: 300px) 85vw, 300px\" \/><figcaption id=\"caption-attachment-148\" class=\"wp-caption-text\">Die Franz\u00f6sische Revolution &#8211; Sturm auf die Tuilerien 1792 &#8211; Gem\u00e4lde von Jean Duplessi-Bertaux &#8211; Public Domain via Wikimedia Commons<\/figcaption><\/figure>\n<p><strong>Rousseau als Inspiration der Franz\u00f6sischen Revolution?<\/strong><\/p>\n<p>Das Motto \u201eLibert\u00e9, Egalit\u00e9, Fraternit\u00e9\u201c pr\u00e4gte die Franz\u00f6sische Revolution von 1789 bis 1799 und \u00fcberschneidet sich auf den ersten Blick mit dem Denken Rousseaus: Libert\u00e9 als nat\u00fcrliche Freiheit des Menschen, Egalit\u00e9 als nat\u00fcrliche Gleichheit der Menschen und Fraternit\u00e9 als Souver\u00e4nit\u00e4t des Volkes.\u00a0Die Verteidigung des Gemeinwillens gegen\u00fcber dem absolutistischen Staat war eines der wichtigsten Ziele der Revolution.<\/p>\n<p>Deshalb liegt es nahe Rousseau als Begr\u00fcnder der Franz\u00f6sischen Revolution zu sehen. Auch viele Revolution\u00e4re sahen sich als Umsetzer der Ideen Rousseaus. Das lag aber nicht am \u201eGesellschaftsvertrag\u201c. Im Vergleich zu anderen Werken Rousseaus (etwa dem Erziehungsratgeber \u201e\u00c9mile\u201c) war dieser im vor-revolution\u00e4ren Frankreich kaum verbreitet, sogar verboten. Das f\u00fchrte dazu, dass sich Revolution\u00e4re wie La R\u00e9velli\u00e8re-L\u00e9peaux oder d\u2019Eymar zwar auf Rousseau bezogen, tats\u00e4chlich aber Ideen propagierten, die seinen Ansichten widersprachen. Die Missverst\u00e4ndnisse betrafen etwa Rousseaus Idee von gesellschaftlicher Freiheit als Mitentscheidungsrecht, zu deren Gunsten die pers\u00f6nliche Freiheit zur\u00fccktreten sollte. Auch seine Vorstellungen vom \u201eunteilbaren Gemeinwillen\u201c und \u201eunver\u00e4u\u00dferbarer Souver\u00e4nit\u00e4t\u201c deckten sich nicht mit so manchen Forderungen von Revolution\u00e4ren, etwa nach repr\u00e4sentativer Demokratie.<\/p>\n<p>Rousseaus \u201eGesellschaftsvertrag\u201c war also nicht Ausl\u00f6ser der franz\u00f6sischen Revolution. In der Zeit nach 1789 wurde ihm allerdings zunehmend Interesse geschenkt \u2013 auch von Vertretern der Restauration, die beweisen wollten, dass Rousseau falsch verstanden worden war.<\/p>\n<p><strong>Rousseaus Menschenbild<\/strong><\/p>\n<p>Das Menschenbild Rousseaus werden wir noch eingehender in der n\u00e4chsten Sitzung im Vergleich zu Constant betrachten.<\/p>\n<h6>Weiterf\u00fchrende Quellen:<\/h6>\n<div class=\"lyte-wrapper\" style=\"width:640px;max-width:100%;margin:5px;\"><div class=\"lyMe\" id=\"WYL_81KfDXTTtXE\"><div id=\"lyte_81KfDXTTtXE\" data-src=\"https:\/\/blogs.fu-berlin.de\/menschenbilder\/wp-content\/plugins\/wp-youtube-lyte\/lyteCache.php?origThumbUrl=%2F%2Fi.ytimg.com%2Fvi%2F81KfDXTTtXE%2Fhqdefault.jpg\" class=\"pL\"><div class=\"tC\"><div class=\"tT\"><\/div><\/div><div class=\"play\"><\/div><div class=\"ctrl\"><div class=\"Lctrl\"><\/div><div class=\"Rctrl\"><\/div><\/div><\/div><noscript><a href=\"https:\/\/youtu.be\/81KfDXTTtXE\" rel=\"nofollow\"><img loading=\"lazy\" decoding=\"async\" src=\"https:\/\/blogs.fu-berlin.de\/menschenbilder\/wp-content\/plugins\/wp-youtube-lyte\/lyteCache.php?origThumbUrl=https%3A%2F%2Fi.ytimg.com%2Fvi%2F81KfDXTTtXE%2F0.jpg\" alt=\"YouTube-Video-Thumbnail\" width=\"640\" height=\"340\" \/><br \/>Dieses Video auf YouTube ansehen<\/a><\/noscript><\/div><\/div><div class=\"lL\" style=\"max-width:100%;width:640px;margin:5px;\"><br\/><span class=\"lyte_disclaimer\">ACHTUNG: Daten nach YouTube werden erst beim Abspielen des Videos \u00fcbertragen.<\/span><\/div><\/p>\n<p>Jean Starobinski: \u201eRousseau &#8211; Eine Welt von Widerst\u00e4nden\u201c; Fischer Taschenbuch, 2012.<\/p>\n<h6>Quellen<\/h6>\n<p><a href=\"https:\/\/www.journals.uchicago.edu\/doi\/abs\/10.1086\/240137\">Joane McDonald: \u201eRousseau and the French Revolution 1762-1791\u201c; Bloomsbury Academic, 2013.<\/a><\/p>\n<p><a href=\"https:\/\/www.reclam.de\/detail\/978-3-15-001769-2\/Rousseau__Jean_Jacques\/Vom_Gesellschaftsvertrag_oder_Grundsaetze_des_Staatsrechts\">J. J. Rousseau: \u201eVom Gesellschaftsvertrag\u201c (Originaltitel: Du Contrat Social); Reclam Verlag, 1986.<\/a><\/p>\n<p><a href=\"https:\/\/www.springer.com\/de\/book\/9783531164342\">Sibylle T\u00f6nnies: &#8222;Die Menschenrechtsidee &#8211; ein abendl\u00e4ndisches Exportgut&#8220;; VS Verlag f\u00fcr Sozialwissenschaften, 2011.<\/a><\/p>\n<p>&nbsp;<\/p>\n","protected":false},"excerpt":{"rendered":"<p>&nbsp; Der Philosoph, Schriftsteller und Staatstheoretiker Jean-Jacques Rousseau wurde 1712 in Genf geboren und starb 1778 in Paris. Er gilt als einer der Gr\u00f6\u00dften Denker des 18. Jahrhunderts, dem Zeitalter der Aufkl\u00e4rung und vertat die Lehre der Freiheit und Gleichheit der Menschen. Sein von uns betrachtetes Werk \u201eContrat Social\u201c von 1762 fordert den \u201eZusammenschluss der &hellip; <a href=\"https:\/\/blogs.fu-berlin.de\/menschenbilder\/2017\/12\/03\/der-mensch-ist-von-natur-aus-gut-ich-glaube-es-nachgewiesen-zu-haben-rousseau-1755\/\" class=\"more-link\"><span class=\"screen-reader-text\">\u201e\u201e\u2026Der Mensch ist von Natur aus gut, ich glaube es, nachgewiesen zu haben\u2026\u201c (Rousseau 1755)\u201c<\/span> weiterlesen<\/a><\/p>\n","protected":false},"author":3215,"featured_media":0,"comment_status":"open","ping_status":"open","sticky":false,"template":"","format":"standard","meta":{"footnotes":""},"categories":[91463],"tags":[207443,207745,1285,72127,17615,207885],"class_list":["post-146","post","type-post","status-publish","format-standard","hentry","category-debatte","tag-hobbes","tag-naturzustand","tag-revolution","tag-rousseau","tag-staat","tag-wille"],"_links":{"self":[{"href":"https:\/\/blogs.fu-berlin.de\/menschenbilder\/wp-json\/wp\/v2\/posts\/146","targetHints":{"allow":["GET"]}}],"collection":[{"href":"https:\/\/blogs.fu-berlin.de\/menschenbilder\/wp-json\/wp\/v2\/posts"}],"about":[{"href":"https:\/\/blogs.fu-berlin.de\/menschenbilder\/wp-json\/wp\/v2\/types\/post"}],"author":[{"embeddable":true,"href":"https:\/\/blogs.fu-berlin.de\/menschenbilder\/wp-json\/wp\/v2\/users\/3215"}],"replies":[{"embeddable":true,"href":"https:\/\/blogs.fu-berlin.de\/menschenbilder\/wp-json\/wp\/v2\/comments?post=146"}],"version-history":[{"count":13,"href":"https:\/\/blogs.fu-berlin.de\/menschenbilder\/wp-json\/wp\/v2\/posts\/146\/revisions"}],"predecessor-version":[{"id":163,"href":"https:\/\/blogs.fu-berlin.de\/menschenbilder\/wp-json\/wp\/v2\/posts\/146\/revisions\/163"}],"wp:attachment":[{"href":"https:\/\/blogs.fu-berlin.de\/menschenbilder\/wp-json\/wp\/v2\/media?parent=146"}],"wp:term":[{"taxonomy":"category","embeddable":true,"href":"https:\/\/blogs.fu-berlin.de\/menschenbilder\/wp-json\/wp\/v2\/categories?post=146"},{"taxonomy":"post_tag","embeddable":true,"href":"https:\/\/blogs.fu-berlin.de\/menschenbilder\/wp-json\/wp\/v2\/tags?post=146"}],"curies":[{"name":"wp","href":"https:\/\/api.w.org\/{rel}","templated":true}]}}