{"id":80,"date":"2017-10-27T16:43:26","date_gmt":"2017-10-27T14:43:26","guid":{"rendered":"https:\/\/blogs.fu-berlin.de\/menschenbilder\/?p=80"},"modified":"2017-10-27T16:43:26","modified_gmt":"2017-10-27T14:43:26","slug":"ist-das-theorie-oder-kann-das-weg","status":"publish","type":"post","link":"https:\/\/blogs.fu-berlin.de\/menschenbilder\/2017\/10\/27\/ist-das-theorie-oder-kann-das-weg\/","title":{"rendered":"Ist das Theorie oder kann das weg?"},"content":{"rendered":"<p><img loading=\"lazy\" decoding=\"async\" class=\"alignleft wp-image-81 size-medium\" src=\"https:\/\/blogs.fu-berlin.de\/menschenbilder\/files\/2017\/10\/kunst-300x224.jpg\" alt=\"\" width=\"300\" height=\"224\" srcset=\"https:\/\/blogs.fu-berlin.de\/menschenbilder\/files\/2017\/10\/kunst-300x224.jpg 300w, https:\/\/blogs.fu-berlin.de\/menschenbilder\/files\/2017\/10\/kunst-768x574.jpg 768w, https:\/\/blogs.fu-berlin.de\/menschenbilder\/files\/2017\/10\/kunst.jpg 960w\" sizes=\"auto, (max-width: 300px) 85vw, 300px\" \/>Was ist das eigentlich, politische Theorie? Und wozu braucht man das? Das sind die Fragen mit denen wir uns in der heutigen Sitzung besch\u00e4ftigt haben und die sicher immer mal wieder im Verlauf des Seminars mehr oder weniger prominent auftreten werden. Uns bleiben vor allem zwei wesentliche Erkenntnisse:<\/p>\n<ol>\n<li>Politische Theorie ist nicht eine Sache, es gibt eine breite Vielfalt an Herangehensweisen, Perspektiven und Ans\u00e4tzen. Das hei\u00dft aber nicht, dass alles Nachdenken an sich schon politische Theorie ist. An politische Theorie\u00a0 sind h\u00f6here Anspr\u00fcche hinsichtlich der internen Widerspruchsfreiheit, der diskursiven Verankerung im bisher bekannten und der argumentativen Stringenz zu stellen. Politische Theorie &#8211; sei sie analytisch, deskriptiv, normativ oder kritisch &#8211; ist mehr als nur eine abstrakte politische Meinung zu einer allgemeinen Frage.<\/li>\n<li>Politische Theorien erf\u00fcllen ganz unterschiedliche Funktionen:\n<ul>\n<li>Sie verweisen auf die Entwicklung einer Ordnung und oder <a href=\"https:\/\/www.jstor.org\/stable\/2709557?seq=1#page_scan_tab_contents\">Idee<\/a>.<\/li>\n<li>Sie beleuchten Probleme aus <a href=\"https:\/\/www.gsi.uni-muenchen.de\/forschung\/forsch_zentr\/voegelin\/publikationen\/studierendensymposium\/niedringhaus_aufsatz-2012.pdf\">normativer<\/a> Perspektive.<\/li>\n<li>Sie beschreiben die Wirkungsbeziehungen innerhalb eines politischen Problemfeldes und tragen so zum Verst\u00e4ndnis politischer Probleme bei.<\/li>\n<li>Sie liefern klare <a href=\"https:\/\/www.springer.com\/de\/book\/9783531162461\">Begriffe<\/a> f\u00fcr politische Analysen.<\/li>\n<li>Sie verweisen auf ihre eigene Begrenztheit und <a href=\"https:\/\/en.wikipedia.org\/wiki\/Cambridge_School_(intellectual_history)\">Zeitgebundenheit<\/a> und damit auch auf die M\u00f6glichkeit einer ganz anderen Welt.<\/li>\n<li>Sie bilden die Basis f\u00fcr unterschiedliche Formen von Kritik.<\/li>\n<\/ul>\n<\/li>\n<\/ol>\n<p>Wie in unserer Diskussion auch herauskam, ist damit politische Theorie zumindest implizit in allen Bereichen der Politikwissenschaft ein wesentlicher Bestandteil der wissenschaftlichen Analyse. Es lohnt sich zu lernen, wie man die theoretischen Grundlagen und Annahmen die hinter bestimmten Fragen stehen auch dann erkennt, wenn sie nicht explizit gemacht werden. Das ist ein Ziel unseres Seminars.<\/p>\n<figure id=\"attachment_82\" aria-describedby=\"caption-attachment-82\" style=\"width: 840px\" class=\"wp-caption aligncenter\"><img loading=\"lazy\" decoding=\"async\" class=\"wp-image-82 size-large\" src=\"https:\/\/blogs.fu-berlin.de\/menschenbilder\/files\/2017\/10\/erste-sitzung-tafel-e1509113431760-1024x430.jpg\" alt=\"\" width=\"840\" height=\"353\" srcset=\"https:\/\/blogs.fu-berlin.de\/menschenbilder\/files\/2017\/10\/erste-sitzung-tafel-e1509113431760-1024x430.jpg 1024w, https:\/\/blogs.fu-berlin.de\/menschenbilder\/files\/2017\/10\/erste-sitzung-tafel-e1509113431760-300x126.jpg 300w, https:\/\/blogs.fu-berlin.de\/menschenbilder\/files\/2017\/10\/erste-sitzung-tafel-e1509113431760-768x322.jpg 768w, https:\/\/blogs.fu-berlin.de\/menschenbilder\/files\/2017\/10\/erste-sitzung-tafel-e1509113431760-1200x504.jpg 1200w\" sizes=\"auto, (max-width: 709px) 85vw, (max-width: 909px) 67vw, (max-width: 1362px) 62vw, 840px\" \/><figcaption id=\"caption-attachment-82\" class=\"wp-caption-text\">Tafelbild<\/figcaption><\/figure>\n<p>In der kommenden Woche werden wir uns mit Niccol\u00f3 Machiavelli besch\u00e4ftigen. Machiavelli gibt aus zwei Gr\u00fcnden den Auftakt zu unserer Besch\u00e4ftigung mit Menschenbildern der westlichen Moderne:<\/p>\n<ol>\n<li>Er pr\u00e4gt eine neuartige, wenn auch eben stark durch die Ver\u00e4nderungen seiner Zeit gepr\u00e4gte Sicht auf politische Zusammenh\u00e4nge. F\u00fcr ihn z\u00e4hlt das, was wirklich ist, und weniger das, was sein sollte.<\/li>\n<li>Sein Menschenbild ist demnach von empirischer Beobachtung gepr\u00e4gt und wird oftmals als negatives Menschenbild bezeichnet. Ob das so ist, k\u00f6nnen wir am kommenden Freitag diskutieren.<\/li>\n<\/ol>\n<p>Als kleine Einf\u00fchrung in den Kontext des Textes lohnt sich folgendes Video &#8211; vor oder nach dem Lesen. Ich w\u00fcrde nicht alle Interpretationen teilen, aber im Grundsatz wird alles richtig dargestellt.<\/p>\n<div class=\"lyte-wrapper\" style=\"width:640px;max-width:100%;margin:5px;\"><div class=\"lyMe\" id=\"WYL_AOXl0Ll_t9s\"><div id=\"lyte_AOXl0Ll_t9s\" data-src=\"https:\/\/blogs.fu-berlin.de\/menschenbilder\/wp-content\/plugins\/wp-youtube-lyte\/lyteCache.php?origThumbUrl=%2F%2Fi.ytimg.com%2Fvi%2FAOXl0Ll_t9s%2Fhqdefault.jpg\" class=\"pL\"><div class=\"tC\"><div class=\"tT\"><\/div><\/div><div class=\"play\"><\/div><div class=\"ctrl\"><div class=\"Lctrl\"><\/div><div class=\"Rctrl\"><\/div><\/div><\/div><noscript><a href=\"https:\/\/youtu.be\/AOXl0Ll_t9s\" rel=\"nofollow\"><img loading=\"lazy\" decoding=\"async\" src=\"https:\/\/blogs.fu-berlin.de\/menschenbilder\/wp-content\/plugins\/wp-youtube-lyte\/lyteCache.php?origThumbUrl=https%3A%2F%2Fi.ytimg.com%2Fvi%2FAOXl0Ll_t9s%2F0.jpg\" alt=\"YouTube-Video-Thumbnail\" width=\"640\" height=\"340\" \/><br \/>Dieses Video auf YouTube ansehen<\/a><\/noscript><\/div><\/div><div class=\"lL\" style=\"max-width:100%;width:640px;margin:5px;\"><br\/><span class=\"lyte_disclaimer\">ACHTUNG: Daten nach YouTube werden erst beim Abspielen des Videos \u00fcbertragen.<\/span><\/div><\/p>\n<h6>Weiterf\u00fchrende Literatur<\/h6>\n<p><a href=\"https:\/\/www.junius-verlag.de\/buecher\/niccolo-machiavelli\">Skinner, Quentin 2004: Nichol\u00f3 Machiavelli. Zur Einf\u00fchrung. Hamburg: Junius.<\/a><\/p>\n<p><a href=\"https:\/\/www.fischerverlage.de\/buch\/machiavelli\/9783596161782\">M\u00fcnkler, Herfried 2004: Niccol\u00f3 Machialli.\u00a0Die Begr\u00fcndung des politischen Denkens der Neuzeit aus der Krise der Republik Florenz. Frankfurt a.M.: S.Fischer .<\/a><\/p>\n","protected":false},"excerpt":{"rendered":"<p>Was ist das eigentlich, politische Theorie? Und wozu braucht man das? Das sind die Fragen mit denen wir uns in der heutigen Sitzung besch\u00e4ftigt haben und die sicher immer mal wieder im Verlauf des Seminars mehr oder weniger prominent auftreten werden. Uns bleiben vor allem zwei wesentliche Erkenntnisse: Politische Theorie ist nicht eine Sache, es &hellip; <a href=\"https:\/\/blogs.fu-berlin.de\/menschenbilder\/2017\/10\/27\/ist-das-theorie-oder-kann-das-weg\/\" class=\"more-link\"><span class=\"screen-reader-text\">\u201eIst das Theorie oder kann das weg?\u201c<\/span> weiterlesen<\/a><\/p>\n","protected":false},"author":417,"featured_media":0,"comment_status":"open","ping_status":"open","sticky":false,"template":"","format":"standard","meta":{"footnotes":""},"categories":[91463],"tags":[276,201915,202224,2535],"class_list":["post-80","post","type-post","status-publish","format-standard","hentry","category-debatte","tag-kritik","tag-machiavelli","tag-methode","tag-theorie"],"_links":{"self":[{"href":"https:\/\/blogs.fu-berlin.de\/menschenbilder\/wp-json\/wp\/v2\/posts\/80","targetHints":{"allow":["GET"]}}],"collection":[{"href":"https:\/\/blogs.fu-berlin.de\/menschenbilder\/wp-json\/wp\/v2\/posts"}],"about":[{"href":"https:\/\/blogs.fu-berlin.de\/menschenbilder\/wp-json\/wp\/v2\/types\/post"}],"author":[{"embeddable":true,"href":"https:\/\/blogs.fu-berlin.de\/menschenbilder\/wp-json\/wp\/v2\/users\/417"}],"replies":[{"embeddable":true,"href":"https:\/\/blogs.fu-berlin.de\/menschenbilder\/wp-json\/wp\/v2\/comments?post=80"}],"version-history":[{"count":5,"href":"https:\/\/blogs.fu-berlin.de\/menschenbilder\/wp-json\/wp\/v2\/posts\/80\/revisions"}],"predecessor-version":[{"id":87,"href":"https:\/\/blogs.fu-berlin.de\/menschenbilder\/wp-json\/wp\/v2\/posts\/80\/revisions\/87"}],"wp:attachment":[{"href":"https:\/\/blogs.fu-berlin.de\/menschenbilder\/wp-json\/wp\/v2\/media?parent=80"}],"wp:term":[{"taxonomy":"category","embeddable":true,"href":"https:\/\/blogs.fu-berlin.de\/menschenbilder\/wp-json\/wp\/v2\/categories?post=80"},{"taxonomy":"post_tag","embeddable":true,"href":"https:\/\/blogs.fu-berlin.de\/menschenbilder\/wp-json\/wp\/v2\/tags?post=80"}],"curies":[{"name":"wp","href":"https:\/\/api.w.org\/{rel}","templated":true}]}}