{"id":101,"date":"2016-09-22T19:30:11","date_gmt":"2016-09-22T17:30:11","guid":{"rendered":"https:\/\/blogs.fu-berlin.de\/migration\/?p=101"},"modified":"2016-10-05T13:46:58","modified_gmt":"2016-10-05T11:46:58","slug":"tonspuren-veranstaltungsreihe-im-hkw","status":"publish","type":"post","link":"https:\/\/blogs.fu-berlin.de\/migration\/2016\/09\/22\/tonspuren-veranstaltungsreihe-im-hkw\/","title":{"rendered":"Tonspuren &#8211; Veranstaltungsreihe im HKW"},"content":{"rendered":"<p>Die Veranstaltungsreihe im Haus der Kulturen der Welt besch\u00e4ftigt sich mit k\u00fcnstlerischen Perspektiven auf Flucht und Migration und die kritische Reflektion dieser. Im Zentrum steht die Kultur des Zuh\u00f6rens.<\/p>\n<p><a href=\"https:\/\/www.hkw.de\/de\/programm\/projekte\/2016\/tonspuren\/tonspuren_start.php\">HKW 18.9., 18.11., 15.&amp;16.12.2016<\/a><\/p>\n<p><a href=\"https:\/\/journal.hkw.de\/von-der-faehigkeit-des-zuhoerens\/\">&#8222;Von der F\u00e4higkeit des Zuh\u00f6rens&#8220; Interview mit Migrationsforscherin und Kuratorin Nanna Heidenreich<\/a><\/p>\n","protected":false},"excerpt":{"rendered":"<p>Die Veranstaltungsreihe im Haus der Kulturen der Welt besch\u00e4ftigt sich mit k\u00fcnstlerischen Perspektiven auf Flucht und Migration und die kritische Reflektion dieser. Im Zentrum steht die Kultur des Zuh\u00f6rens. HKW 18.9., 18.11., 15.&amp;16.12.2016 &#8222;Von der F\u00e4higkeit des Zuh\u00f6rens&#8220; Interview mit Migrationsforscherin und Kuratorin Nanna Heidenreich<\/p>\n","protected":false},"author":2771,"featured_media":0,"comment_status":"open","ping_status":"open","sticky":false,"template":"","format":"standard","meta":{"footnotes":""},"categories":[70,63],"tags":[835,90436,75625,90446,90450,1269,1227,2740,90453,2102,90449],"class_list":["post-101","post","type-post","status-publish","format-standard","hentry","category-veranstaltungen","category-links","tag-film","tag-flucht","tag-gefluechtete","tag-hoerspiel","tag-installation","tag-kunst","tag-migration","tag-rassismus","tag-selbstbestimmung","tag-veranstaltung","tag-zuhoeren"],"_links":{"self":[{"href":"https:\/\/blogs.fu-berlin.de\/migration\/wp-json\/wp\/v2\/posts\/101","targetHints":{"allow":["GET"]}}],"collection":[{"href":"https:\/\/blogs.fu-berlin.de\/migration\/wp-json\/wp\/v2\/posts"}],"about":[{"href":"https:\/\/blogs.fu-berlin.de\/migration\/wp-json\/wp\/v2\/types\/post"}],"author":[{"embeddable":true,"href":"https:\/\/blogs.fu-berlin.de\/migration\/wp-json\/wp\/v2\/users\/2771"}],"replies":[{"embeddable":true,"href":"https:\/\/blogs.fu-berlin.de\/migration\/wp-json\/wp\/v2\/comments?post=101"}],"version-history":[{"count":4,"href":"https:\/\/blogs.fu-berlin.de\/migration\/wp-json\/wp\/v2\/posts\/101\/revisions"}],"predecessor-version":[{"id":257,"href":"https:\/\/blogs.fu-berlin.de\/migration\/wp-json\/wp\/v2\/posts\/101\/revisions\/257"}],"wp:attachment":[{"href":"https:\/\/blogs.fu-berlin.de\/migration\/wp-json\/wp\/v2\/media?parent=101"}],"wp:term":[{"taxonomy":"category","embeddable":true,"href":"https:\/\/blogs.fu-berlin.de\/migration\/wp-json\/wp\/v2\/categories?post=101"},{"taxonomy":"post_tag","embeddable":true,"href":"https:\/\/blogs.fu-berlin.de\/migration\/wp-json\/wp\/v2\/tags?post=101"}],"curies":[{"name":"wp","href":"https:\/\/api.w.org\/{rel}","templated":true}]}}