{"id":1193,"date":"2024-09-11T10:11:06","date_gmt":"2024-09-11T08:11:06","guid":{"rendered":"https:\/\/blogs.fu-berlin.de\/migration\/?p=1193"},"modified":"2024-09-20T09:39:46","modified_gmt":"2024-09-20T07:39:46","slug":"the-role-of-the-guardia-nacional-controlling-the-migration-in-mexico","status":"publish","type":"post","link":"https:\/\/blogs.fu-berlin.de\/migration\/2024\/09\/11\/the-role-of-the-guardia-nacional-controlling-the-migration-in-mexico\/","title":{"rendered":"The role of the Guardia Nacional controlling the migration in Mexico."},"content":{"rendered":"\n<p><strong>&nbsp;The tendency to the militarization of migration issues<\/strong><\/p>\n\n\n\n<p><em>In June 2024 in Mexico City, members of the National Guard and the INM evicted a large number of migrants from the Giordana Bruno plaza, located in the center of the city. The authorities removed all the tents and temporary shelters to clean the streets (Flores 2024). The INM and the National Guard transferred all the people out of the city without prior information. According to the information provided by the authorities, the immigrants were transferred to Morelos, Puebla, Hidalgo, Aguascalientes, and a large part of them to Chiapas. This type of actions violates the right of the people who have begun their local process in Mexico City, and if they are transferred to other cities without their consent, they will not be able to continue with their applications for refugee status.<\/em><\/p>\n\n\n\n<hr class=\"wp-block-separator has-alpha-channel-opacity\" \/>\n\n\n\n<p>From a legal perspective, many of the migration laws in Latin America have taken a step forward in recognizing and adopting a human rights perspective (Ceriani 2019). This humanitarian approach could be seen in the ratification of many international treaties promoted by the United Nations (UN) related to the freedom of movement and the Global Compact for Safe, Orderly and Regular Migration (GCM). However, we can also observe a tendency to securitize the borders and use the military to control and stop the migrants. As Pablo Ceriani (2018) has pointed out, many Latin American countries have adopted a national security approach to migration that contradicts human rights principles.<\/p>\n\n\n\n<p>This tendency to securitize the borders of nation-states is especially strong in countries of the global North that see the migration coming from the global south as a threat to their national security. In terms of Latin America migration, Mexico plays a significant role as transit and country of origin. Because of its geographical position and its proximity to the Unites States, different waves of migrants coming from the south and central America, but also coming from Africa transit through the country. This increase of people reaching the U.S from Mexico has resulted in a reinforcement of the migration policy.<\/p>\n\n\n\n<p>The Mexican government is focused on stopping the flows, to achieve this goal, the borders, especially in the south, are being secured and the authorities have recently tended to control passports and access to the national territory. At the beginning of 2024, according to the Secretar\u00eda de Gobernaci\u00f3n (2024) more than 130 countries required a visa to enter to Mexico. Some Latin American countries that required this official document are Brazil, Cuba, Dominicana, Ecuador, El Salvador, Guatemala, Guyana, Haiti, Honduras, Nicaragua, Per\u00fa and Venezuela.<a id=\"_ftnref1\" href=\"#_ftn1\">[1]<\/a><\/p>\n\n\n\n<p><strong>The illusion of the human rights<\/strong><\/p>\n\n\n\n<p>In 2018 with the arrival of Andr\u00e9s Manuel L\u00f3pez Obrador to presidency, the state\u00b4s approach to migration will follow a human rights perspective. The president presented a new migration policy (Nueva Pol\u00edtica Migratoria del Gobierno de M\u00e9xico 2018-2024) which was concentrated on migran\u00b4s rights and the social and economic development of the country. This policy was aligned to the principles established in the Global Compact for Safe, Orderly and Regular Migration, ratified by the Mexican government in December 2018. With the ratification of this compact, all members should work to respect, protect, and fulfill the human rights of migrants, regardless of their legal status (United Nations 2019).<\/p>\n\n\n\n<p>The new policy was based on the principles of full respect for human rights, inclusion and gender perspective. The main purpose of the document was to generate \u201cresults, which dignified the treaty to the migrants, recognizing their positive contribution to the destination, transit and return countries\u201d (Nueva Pol\u00edtica Migratoria del Gobierno de M\u00e9xico 2024: 9).<a id=\"_ftnref1\" href=\"#_ftn1\">[2]<\/a> Although this law is open to all migrants, it has been specially targeted at the marginalized groups such as pregnant women, indigenous communities, children and young people, elderly people, members of the LGBTI community and people with some disabilities.<\/p>\n\n\n\n<p><strong>The militarization of migration: the case of the Guardia Nacional<\/strong><\/p>\n\n\n\n<p>According to the Migration Law, the only institution able to control and manage the detection of migrants is the National Migration Institute (Instituto Nacional de Migraci\u00f3n (INM)). However, because of the Guardia Nacional (National Guard)\u00b4s creation in 2019, the president L\u00f3pez Obrador gave the National Guard many facilities, one of which was to offer \u201cassistance\u201d in the control and verification of migration.<a id=\"_ftnref1\" href=\"#_ftn1\">[3]<\/a> Nevertheless, as some social and academic institutions have pointed out, in most cases the INM neither supervises nor coordinates the National Guard. Thus, this institution is deployed in terrestrial and maritime borders, in revision points and supervises the migrations stations located in the country. This huge liberty gave the Guard the possibility to act without any supervision and to follow its own approaches.<\/p>\n\n\n\n<p>The National Guard (NG) was founded in 2019 by the president L\u00f3pez Obrador as a public security institution with a civilian, disciplined and professional character. The Guard was created to take control of public security and, when the occasion requires, to collaborate in security tasks that correspond to federal or municipal entities (Ley de la Guardia Nacional 2019). In the last years, the Guard has reproduced a military approach and more than a civil institution, it has been an extension of the military forces. Just at the end of 2023 the Republic Senate (2023) showed that 8 out of every 10 members of the Guard were part of the armed forces, either from the Secretary of the Interior (Secretar\u00eda de Defensa Nacional SEDENA) or the Secretary of the Navy (Secretar\u00eda de Marina SEMAR).<\/p>\n\n\n\n<p>Since the collaboration of the National Guard with the INM, the migration issue has experienced an evident militarization and securization (Ortega Ram\u00edrez &amp; Morales G\u00e1mez 2021; Moncada &amp; Rojas 2022; Brewer &amp; Verduzco 2023, IBERO 2024). This militarization can be seen on many levels. One of them are the reforms and structural changes that the INM has undergone in recent months. Within the institute, a tendency to work hand in hand with the armed forces has been promoted. As of the end of June 2024, in 21 out of 32 states in Mexico, the person in charge of the INM is or has been a member of the armed forces (Santos Cid 2024). The National Guard is present not only at the administrative level, but also at the strategic and operational levels. Both institutions, the National Guard and the INM have implemented many strategies to reduce the number of migrants reaching the United States.<\/p>\n\n\n\n<p>Based on the actions taken by both institutions in the last months, I can identify at least five patters. The first is the one related to the reinforcement of the legal corpus to complicate all the processes related to the asylum request and visa expedition. The process of obtaining a visa or a permit to stay in the country has been strengthened and the institutions are asking for more proofs to approve the legal stay of migrants. The second pattern is about the increase of vigilance and control of people. This has been translated into the deployment of armed members at the border, the control of passports on roads, in buses, bus terminals, airports, and border zones. The third has to do with the relocation of people camping on the streets waiting for their regularization process. The number four is the detention of people who do not have the documents required by the authorities, and finally, the last one that I can identify is deportation. The deportation could happen after the relocations and the detention or also after the denial of the visa of the refugee status.<\/p>\n\n\n\n<p>In 2021, according to the National Guard Annual Activity Report (Informe Annual de Actividades de la Guardia Nacional) approximately 2148 members of the National Guard were involved in migration issues, most of them were located at the southern border 1235, meanwhile around 913 were on the northern. As the document showed, soldiers participated in 41 repatriation flights, assisted 2 419 migration transfers, made 268 vigilance flights and 732 worked as security support for the INM personal.<\/p>\n\n\n\n<p>As the IBERO report (2024) points out, the presence of the national Guard has resulted in more human rights violations, the increase of massive deportations and the reinforcement of transit restrictions for those who want to go to the northern states from M\u00e9xico. Since the arrival of Andr\u00e9s Manuel and the implementation of the National Guard the incarceration rates have reached historic levels. Just between January and May 2024, the number of arrests was three times higher than in the previous year (Vaquero Simancas 2024). Arrests have reached historic levels; just from 2018 to 2024, the number has increased almost 7 times. In 2018, the number of undocumented immigrants detained by the Mexican authorities was 131 445, and between January and June 2024, the number was 712 226, in the following months this number can reached the million (Unidad de Pol\u00edtica Migratoria 2024).<\/p>\n\n\n\n<p>This tendency to arrest people is followed by the use of force by members of the National Guard. The IBERO report (2024) indicates that many civil organizations have shown the disproportionate use of force during operations, detentions and relocations. In 202, the National Human Rights Commission (Comisi\u00f3n Nacional de Derechos Humanos (CNDH)) presented a recommendation on the excessive use of fore by the members of the Migration Institute, the NG and the Security Secretary (IBERO 2024). As the report points out, in many cases the authorities of the Guard used weapons and military equipment.<\/p>\n\n\n\n<p>At the beginning of the migrant caravans in 2018, the government of L\u00f3pez Obrador offered thousands of humanitarian visas to all these migrants from Central America who were seeking asylum in Mexico or simply wanted to cross the country safely. But even this policy has changed, and the number of visas has dropped dramatically, Between January and May 2024, the government issued 1 243 humanitarian visas, a small number compared to the 68 243 visas from the same period in 2023 (Vaquero Simancas 2024).<\/p>\n\n\n\n<p>As can be seen, the participation of the National Guard, which acts as a military force, has increased the violence against migrants crossing the country. Although the new migration policy promoted by L\u00f3pez Obrador exalts the human rights, in practice we can see that the policy has turned into the militarization of migration, which results in the huge number of detentions and the minimum number of visas granted by the Mexican state.<\/p>\n\n\n\n<p><strong>References:<\/strong><\/p>\n\n\n\n<p>Ben\u00edtez Manaut, R., &amp; G\u00f3mez S\u00e1nchez, Elisa. (Eds.) (2021). <em>Fuerzas Armadas, Guardia Nacional y violencia en M\u00e9xico<\/em>. Friedrich Ebert Stiftung. CASADE. M\u00e9xico.<\/p>\n\n\n\n<p>Brewer, Stephanie; Verduzco, Ana Luc\u00eda. (2023). <em>Transformaci\u00f3n Militarizada. En Derechos humanos y controles democr\u00e1ticos en un contexto de creciente militarizaci\u00f3n en M\u00e9xico<\/em>. Ciudad de M\u00e9xico.<\/p>\n\n\n\n<p>C\u00e1mara de Diputados de H. Congreso de la Uni\u00f3n. <em>Ley de la Guardia Nacional (2019)<\/em>. Diario Oficial de la Federaci\u00f3n. M\u00e9xico.<\/p>\n\n\n\n<p>Ceriani Cernadas, Pablo (2018). <em>Migration Policies and Human Rights in Latin America. <\/em><em>Progressive practices, old challenges, Worrying setback and new threats<\/em>. Policy Brief.<\/p>\n\n\n\n<p>Flores, Silvana. (2024, junio 05). \u201cMigraci\u00f3n y Guardia Nacional desalojan campamentos de migrantes en la plaza Giordano Bruno en la CDMX\u201d. Animal Pol\u00edtico. <a href=\"https:\/\/animalpolitico.com\/estados\/desalojan-migrantes-plaza-giordano-bruno\">https:\/\/animalpolitico.com\/estados\/desalojan-migrantes-plaza-giordano-bruno<\/a>&nbsp;<\/p>\n\n\n\n<p>Guardia Nacional (2022). <em>Informe Anual de Actividades Guardia Nacional 2021<\/em>. M\u00e9xico.<\/p>\n\n\n\n<p>IBERO. (2024) <em>La militarizaci\u00f3n del Instituto Nacional de Migraci\u00f3n y sus implicaciones en las violaciones a derechos humanos de las personas migrantes. <\/em>Ciudad de M\u00e9xico. M\u00e9xico.<\/p>\n\n\n\n<p>IBD. (2021). <em>Migration Policy Regimes in Latin America and the Caribbean<\/em>. Human Mobility Governance Series.<\/p>\n\n\n\n<p>Ortega Ram\u00edrez, Adriana Sletza; Morales G\u00e1mez, Luis Miguel. (2021<em>). (In)seguridad, derechos y migraci\u00f3n. La Guardia Nacional en operativos migratorios en M\u00e9xico<\/em>. Revista del Instituto de Ciencias Jur\u00eddicas de Puebla. M\u00e9xico. pp. &nbsp;157-182.<\/p>\n\n\n\n<p>Moncada, Alicia; Rojas, Eduardo. (2022). <em>Bajo la bota. Militarizaci\u00f3n de la pol\u00edtica migratoria en M\u00e9xico<\/em>. Fundaci\u00f3n para la Justicia y el Estado Democr\u00e1tico de Derecho, M\u00e9xico.<\/p>\n\n\n\n<p>Santos Cid, Alejandro. (2024, junio 24). \u201cEsto ya no es una c\u00e1rcel: dentro del rehabilitado \u201ccentro de retenci\u00f3n\u201d de migrantes en Tapachula\u201d. El Pa\u00eds. <a href=\"https:\/\/elpais.com\/mexico\/2024-06-24\/esto-ya-no-es-una-carcel-dentro-del-rehabilitado-centro-de-retencion-de-migrantes-en-tapachula.html\">https:\/\/elpais.com\/mexico\/2024-06-24\/esto-ya-no-es-una-carcel-dentro-del-rehabilitado-centro-de-retencion-de-migrantes-en-tapachula.html<\/a><\/p>\n\n\n\n<p>Secretaria de Gobernaci\u00f3n (2024, marzo 1). \u201cPa\u00edses y regiones que requieren visa para viajar a M\u00e9xico\u201d. Instituto Nacional de Migraci\u00f3n. <a href=\"https:\/\/www.inm.gob.mx\/gobmx\/word\/index.php\/paises-requieren-visa-para-mexico\/\">https:\/\/www.inm.gob.mx\/gobmx\/word\/index.php\/paises-requieren-visa-para-mexico\/<\/a><\/p>\n\n\n\n<p>Senado de la Rep\u00fablica. (2023 diciembre 17) \u201cOcho de cada 10 elementos de la Guardia Nacional son de origen militar, destaca estudio del IBD\u201d. <a href=\"https:\/\/comunicacionsocial.senado.gob.mx\/informacion\/comunicados\/7872-ocho-de-cada-10-elementos-de-la-guardia-nacional-son-de-origen-militar-destaca-estudio-del-ibd\">https:\/\/comunicacionsocial.senado.gob.mx\/informacion\/comunicados\/7872-ocho-de-cada-10-elementos-de-la-guardia-nacional-son-de-origen-militar-destaca-estudio-del-ibd<\/a><\/p>\n\n\n\n<p>Strauss Center for International Security and Law (2020).<em> Las pol\u00edticas migratorias de Andr\u00e9s Manuel L\u00f3pez Obrador en M\u00e9xico<\/em>. Austin.&nbsp; The University of Texas. Texas.<\/p>\n\n\n\n<p>United Nations (2019) <em>Resolution adopted by the General Assembly on 19 December 2018<\/em>. <a href=\"https:\/\/documents.un.org\/doc\/undoc\/gen\/n18\/451\/99\/pdf\/n1845199.pdf?token=Fskyjz9rZIAoh0YpfS&amp;fe=true\">https:\/\/documents.un.org\/doc\/undoc\/gen\/n18\/451\/99\/pdf\/n1845199.pdf?token=Fskyjz9rZIAoh0YpfS&amp;fe=true<\/a><\/p>\n\n\n\n<p>Unidad de Pol\u00edtica Migratoria, Registro e Identidad de Personas. (2019). <em>Nueva Pol\u00edtica Migratoria del Gobierno de M\u00e9xico 2018-2024<\/em>. Secretaria de Gobernaci\u00f3n, M\u00e9xico.<\/p>\n\n\n\n<p>Vaquero Simancas, Jorge. (2024, julio 9). \u201cM\u00e9xico acelera m\u00e1s de un 200% la detenci\u00f3n de migrantes\u201d. <em>El Pa\u00eds.<\/em> <a href=\"https:\/\/elpais.com\/mexico\/2024-07-09\/mexico-acelera-mas-de-un-200-la-detencion-de-migrantes.html\">https:\/\/elpais.com\/mexico\/2024-07-09\/mexico-acelera-mas-de-un-200-la-detencion-de-migrantes.html<\/a><\/p>\n\n\n\n<hr class=\"wp-block-separator has-alpha-channel-opacity\" \/>\n\n\n\n<p><a href=\"#_ftnref1\" id=\"_ftn1\">[1]<\/a> For further detail see L<em>ey de la Guardia Nacional <\/em>published on Diario Oficial de la Federaci\u00f3n, M\u00e9xico, 2019.<\/p>\n\n\n\n<hr class=\"wp-block-separator has-alpha-channel-opacity\" \/>\n\n\n\n<p><a id=\"_ftn1\" href=\"#_ftnref1\">[2]<\/a> I translated the original text to English.<\/p>\n\n\n\n<hr class=\"wp-block-separator has-alpha-channel-opacity\" \/>\n\n\n\n<p><a id=\"_ftn1\" href=\"#_ftnref1\">[3]<\/a> To see the list in detail access <a href=\"https:\/\/www.gob.mx\/inm\/documentos\/paises-y-regiones-que-requieren-visa-para-viajar-a-mexico\">https:\/\/www.gob.mx\/inm\/documentos\/paises-y-regiones-que-requieren-visa-para-viajar-a-mexico<\/a><\/p>\n","protected":false},"excerpt":{"rendered":"<p>&nbsp;The tendency to the militarization of migration issues In June 2024 in Mexico City, members of the National Guard and the INM evicted a large number of migrants from the Giordana Bruno plaza, located in the center of the city. The authorities removed all the tents and temporary shelters to clean the streets (Flores 2024). [&hellip;]<\/p>\n","protected":false},"author":8313,"featured_media":0,"comment_status":"open","ping_status":"open","sticky":false,"template":"","format":"standard","meta":{"footnotes":""},"categories":[599549,9,90456,90479],"tags":[7956],"class_list":["post-1193","post","type-post","status-publish","format-standard","hentry","category-599549","category-allgemein","category-beitraege","category-migration-nach-und-in-den-amerikas","tag-mexico"],"_links":{"self":[{"href":"https:\/\/blogs.fu-berlin.de\/migration\/wp-json\/wp\/v2\/posts\/1193","targetHints":{"allow":["GET"]}}],"collection":[{"href":"https:\/\/blogs.fu-berlin.de\/migration\/wp-json\/wp\/v2\/posts"}],"about":[{"href":"https:\/\/blogs.fu-berlin.de\/migration\/wp-json\/wp\/v2\/types\/post"}],"author":[{"embeddable":true,"href":"https:\/\/blogs.fu-berlin.de\/migration\/wp-json\/wp\/v2\/users\/8313"}],"replies":[{"embeddable":true,"href":"https:\/\/blogs.fu-berlin.de\/migration\/wp-json\/wp\/v2\/comments?post=1193"}],"version-history":[{"count":3,"href":"https:\/\/blogs.fu-berlin.de\/migration\/wp-json\/wp\/v2\/posts\/1193\/revisions"}],"predecessor-version":[{"id":1277,"href":"https:\/\/blogs.fu-berlin.de\/migration\/wp-json\/wp\/v2\/posts\/1193\/revisions\/1277"}],"wp:attachment":[{"href":"https:\/\/blogs.fu-berlin.de\/migration\/wp-json\/wp\/v2\/media?parent=1193"}],"wp:term":[{"taxonomy":"category","embeddable":true,"href":"https:\/\/blogs.fu-berlin.de\/migration\/wp-json\/wp\/v2\/categories?post=1193"},{"taxonomy":"post_tag","embeddable":true,"href":"https:\/\/blogs.fu-berlin.de\/migration\/wp-json\/wp\/v2\/tags?post=1193"}],"curies":[{"name":"wp","href":"https:\/\/api.w.org\/{rel}","templated":true}]}}