{"id":315,"date":"2016-10-06T18:43:26","date_gmt":"2016-10-06T16:43:26","guid":{"rendered":"https:\/\/blogs.fu-berlin.de\/migration\/?p=315"},"modified":"2016-10-07T11:42:18","modified_gmt":"2016-10-07T09:42:18","slug":"el-sueno-ecuatoriano-las-dificultades-de-la-comunidad-cubana-en-quito-ecuador","status":"publish","type":"post","link":"https:\/\/blogs.fu-berlin.de\/migration\/2016\/10\/06\/el-sueno-ecuatoriano-las-dificultades-de-la-comunidad-cubana-en-quito-ecuador\/","title":{"rendered":"El sue\u00f1o ecuatoriano: las dificultades de la comunidad cubana en Quito, Ecuador"},"content":{"rendered":"<p style=\"text-align: justify\">El presente trabajo buscar realizar una cr\u00edtica a la situaci\u00f3n de racismo existente en el Ecuador, en especial en contra de lxs ciudadanxs cubanxs por parte de autoridades ecuatorianas as\u00ed como de ciudadanxs quite\u00f1xs.<\/p>\n<p style=\"text-align: justify\">Desde el 2008 el Ecuador se convirti\u00f3 en un pa\u00eds importante para la migraci\u00f3n cubana. Entre las razones por las que el Ecuador se convirti\u00f3 en un pa\u00eds clave para migrantes cubanxs destaca que en el 2008 el presidente ecuatoriano Rafael Correa elimin\u00f3 el visado para los cubanxs por un periodo m\u00e1ximo de 90 d\u00edas (Pacheco, 2016 C) lo que incentiv\u00f3 la migraci\u00f3n cubana hacia el pa\u00eds. Otra motivaci\u00f3n se encontrar\u00eda en la afinidad pol\u00edtica entre los gobiernos cubano y ecuatoriano, as\u00ed como los varios convenios celebrados entre los dos pa\u00edses (Portelles 2015). Un ejemplo de esto es el caso especial de lxs m\u00e9dicxs cubanxs, para quienes existen ciertos acuerdos bilaterales para la legalizaci\u00f3n m\u00e1s r\u00e1pida de documentos acad\u00e9micos. En esa \u00e9poca, Correa invit\u00f3 a cerca de 1.000 m\u00e9dicxs cubanxs para cubrir las necesidades del pa\u00eds otorg\u00e1ndoles ciertas facilidades para incorporarse r\u00e1pidamente en el pa\u00eds (\u00c1lvarez, 2014).<\/p>\n<p style=\"text-align: justify\">Sin embargo, el escenario cambi\u00f3\u00a0 a partir del 1 de diciembre del 2015 cuando se estableci\u00f3 nuevamente la exigencia de un visado para los cubanos (Pacheco, 2016 C). La medida respond\u00eda a que en esa \u00e9poca alrededor de 3.000 isle\u00f1xs se encontraban varados en Costa Rica y Nicaragua, y muchxs de ellxs mencionaron al Ecuador como parte de su ruta, lo que presion\u00f3 a las autoridades ecuatorianas a realizar el cambio. (Ortiz, 2016)<\/p>\n<p style=\"text-align: justify\">De lxs cubanxs que se han quedado en Quito, muchxs se han establecido sobre todo en el barrio conocido ir\u00f3nicamente como <em>La Florida<\/em> o como <em>Barrio Cubano<\/em>, donde es posible encontrar distintos negocios, tiendas, restaurantes, peluquer\u00edas, agencias de viajes, etc. No obstante, para algunxs isle\u00f1xs adaptarse a la cultura ecuatoriana no ha sido una tarea f\u00e1cil, sobre todo en la capital y en el esto de la sierra ecuatoriana que son \u00e1reas donde la gente es m\u00e1s cerrada y fr\u00eda comparada con el resto del pa\u00eds (Portelles, 2015) En este sentido, algunxs cubanxs manifiestan haber sido v\u00edctimas de discriminaci\u00f3n al momento de buscar una vivienda para arrendar o en la b\u00fasqueda de empleo. Varixs han recibido frases hirientes, tales como: \u201caqu\u00ed no contratamos o arrendamos a cubanos\u201d (\u00c1lvarez, 2014).<\/p>\n<p style=\"text-align: justify\">A continuaci\u00f3n se presentan algunas de las dificultades que afrontan lxs ciudadanxs cubanxs en Quito en torno al tema del racismo y enseguida se expone un caso de violaci\u00f3n de derechos a la comunidad cubana en Quito que despert\u00f3 pol\u00e9mica sobretodo en redes sociales.\u00a0 Finalmente, se presenta un breve an\u00e1lisis de los comentarios y reacciones racistas, alrededor de este caso, publicados en el internet.<\/p>\n<p style=\"text-align: justify\">Existir\u00eda un estigma y cierto temor alrededor del migrante cubanx en Quito porque se piensa que el cubanx \u201ces vivo\u201d, esta es una expresi\u00f3n ecuatoriana para referirse a personas que son h\u00e1biles para aprovecharse del otro para su propio beneficio. Para la realizaci\u00f3n de este art\u00edculo se realizaron entrevistas en donde es posible identificar frases tales como \u201cfulano de tal habr\u00eda sido v\u00edctima de un asalto y el ladr\u00f3n ten\u00eda acento cubano\u201d mientras que algunas de las mujeres interrogadas destacaron haber recibido ofertas de matrimonio en la calle o en el bus a cambio de unos miles de d\u00f3lares para poder quedarse de manera legal en el pa\u00eds.<\/p>\n<p style=\"text-align: justify\">El caso espec\u00edfico de la llegada de migrantes profesionales de la salud (a trav\u00e9s de los programas promulgados por el presidente Rafael Correa) caus\u00f3 pol\u00e9mica entre lxs medicxs ecuatorianxs por miedo a ser reemplazados y a que ganaran m\u00e1s dinero (El Universo, 2013) as\u00ed como recelo entre los pacientes quienes dudan de su preparaci\u00f3n acad\u00e9mica (\u00c1lvarez, 2014).<\/p>\n<p style=\"text-align: justify\">Nancy Sosa, coordinadora de la \u201cAlianza Nacional de Cubanos en Ecuador\u201d, denuncia casos de xenofobia, exclusi\u00f3n, explotaci\u00f3n laboral, negaci\u00f3n de legalizaci\u00f3n de documentos, detenciones y deportaciones arbitrarias, entre otros malos tratos hacia sus compatriotas (Roteta, 2016)<\/p>\n<p style=\"text-align: justify\">Un caso de violaci\u00f3n de los derechos de la comunidad cubana en Quito que caus\u00f3 mucha pol\u00e9mica en los medios, sobretodo en redes sociales, pero que tambi\u00e9n expus\u00f3 la situaci\u00f3n de discriminaci\u00f3n en el pa\u00eds se llev\u00f3 a cabo en junio del 2016 cuando un grupo de cubanxs se manifest\u00f3 durante un mes en las afueras de la Embajada de M\u00e9xico en Quito, pidiendo que se les otorgaran visas humanitarias y que se les permitiera poder atravesar M\u00e9xico de manera legal y segura. De esta manera lxs ciudadanxs cubanxs podr\u00edan en Estados Unidos acogerse a la Ley de Ajuste Cubano. Esta ley permite que lxs ciudadanxs cubanxs, as\u00ed como sus c\u00f3nyuges e hijxs que se encuentren f\u00edsicamente en Estados Unidos por al menos un a\u00f1o puedan acceder a la residencia permanente (U.S Citizenship and Immigration Services, 2016). Al principio eran unos 30 isle\u00f1xs, pero en una semana se convirtieron en 300, entre ellos ni\u00f1xs y mujeres embarazadas, quienes se asentaron con carpas, ya que ya no ten\u00edan donde vivir, ni dinero y\/o trabajo (Pacheco, 2016 A).<\/p>\n<p style=\"text-align: justify\">Ante la negativa de la Embajada de M\u00e9xico, lxs isle\u00f1xs fueron desalojadxs en la madrugada y a manera de protesta se instalaron en un parque cerca de la Embajada. Al ser nuevamente expulsadxs, se movilizaron a otro parque llamado El Arbolito (conocido como punto de encuentro para manifestaciones de distinta \u00edndole) para continuar con sus demandas (Redacci\u00f3n Quito, 2016). Sin embargo el 6 de julio a las dos de la ma\u00f1ana, mientras todxs dorm\u00edan, lleg\u00f3 nuevamente la Polic\u00eda Nacional a desalojar a lxs manifestantes \u00a0arrebat\u00e1ndoles sus carpas, colchones y pertenencias. Como resultado, alrededor de 100 personas fueron detenidas por encontrarse supuestamente de manera irregular en el pa\u00eds por lo cual deb\u00edan comezar un proceso de deportaci\u00f3n (Pacheco, 2016 B).<\/p>\n<p style=\"text-align: justify\">El resto de cubanxs que no fueron detenidxs tuvieron la posibilidad denunciar los tratos inhumanos por parte de la polic\u00eda al momento del desalojo, as\u00ed como tambi\u00e9n de las situaciones precarias de sus compatriotas detenidxs (El Comercio 2016). Estxs fueron llevadxs al Hotel Carri\u00f3n, que desde hace tres a\u00f1os funciona como \u201calbergue temporal\u201d para extranjerxs sin papeles en regla. El hotel tiene resguardo policial, barrotes y condiciones inhumanas de salubridad, se trata b\u00e1sicamente de una c\u00e1rcel pero con menos garant\u00edas (Ortiz, 2015). Esto en el marco de la Constituci\u00f3n ecuatoriana y del discurso de Rafael Correa de la ciudadan\u00eda universal y que ning\u00fan ser humano es ilegal\u00a0 (Canciller\u00eda Ecuador, 2015)<\/p>\n<p style=\"text-align: justify\">Asimismo, en las redes sociales, en especial en la p\u00e1gina de Facebook del peri\u00f3dico \u201cEl Comercio\u201d quienes hicieron seguimiento a todos los hechos, fue posible identificar muchos comentarios discriminatorios por parte de lxs lectores. Si bien los comentarios no pueden ser un preciso diagn\u00f3stico de la mentalidad quite\u00f1a, ser\u00eda posible describirlos como un reflejo de los estereotipos, miedos y estigmas hacia lxs migrantes cubanxs. Lo que de hecho es interesante tomando en cuenta que el pueblx ecuatorianx tambi\u00e9n es un pueblo migrante (recu\u00e9rdese la masiva ola de migraci\u00f3n a Espa\u00f1a, Italia y Estados Unidos, entre 1999-2000).<\/p>\n<p style=\"text-align: justify\">Entre las publicaciones que se han analizado en el marco de este art\u00edculo, destacan comentarios en los que se habla de que el \u201cEcuador se merece respeto\u201d, lo que implica \u201crespetar la cultura y costumbres ecuatorianas\u201d o \u201cno armar esc\u00e1ndalo\u201d en un pa\u00eds que no es el suyo. Lo que m\u00e1s molesta a la mayor\u00eda de lxs comentadores es que lxs cubanxs sean \u201cprepotentes\u201d al atreverse a pedir garant\u00edas y peor a\u00fan con un status de ilegal. Tambi\u00e9n se les acusa de ser la causa del aumento de la criminalidad y de quitar empleos a los ecuatorianxs, sobre todo en un tiempo en que el pa\u00eds atraviesa por una crisis econ\u00f3mica. Por otro lado, se critica la \u201cvivacidad\u201d del cubanx que <em>usar\u00eda <\/em>al Ecuador para obtener lo que pueda e irse a Estados Unidos, lo que para lxs comentadores en las redes es considerado como una gran ofensa.<\/p>\n<p style=\"text-align: justify\">Es posible concluir que estos comentarios no son m\u00e1s que nociones caducas de nacionalismo que impiden tener simpat\u00eda y sentido de justicia ante las situaciones de discriminaci\u00f3n en contra de la comunidad cubana. Considero que las graves violaciones de derechos que han vivido lx isle\u00f1xs en Quito reflejan dos situaciones que invitan a un an\u00e1lisis m\u00e1s profundo: por un lado la necesidad de mayor atenci\u00f3n medi\u00e1tica nacional e internacional para visibilizar la represi\u00f3n que comete el gobierno ecuatoriano y por otro la necesidad de trabajar\u00a0 la problem\u00e1tica de xenofobia dentro de la comunidad quite\u00f1a.<\/p>\n<p style=\"text-align: justify\"><strong>Bibliograf\u00eda<\/strong><\/p>\n<p style=\"text-align: justify\">Alvarez Ram\u00edrez, Sandra Abd\u2019Allah. Vivir y trabajar en Ecuador: \u201cvencer el estigma de ser cubano\u201d. Blog Negra Cubana ten\u00eda que ser. 13 septiembre 2014: <a href=\"https:\/\/negracubanateniaqueser.com\/2014\/09\/13\/vivir-y-trabajar-en-ecuador-vencer-el-estigma-de-ser-cubano\/\">https:\/\/negracubanateniaqueser.com\/2014\/09\/13\/vivir-y-trabajar-en-ecuador-vencer-el-estigma-de-ser-cubano\/<\/a><\/p>\n<p style=\"text-align: justify\">Canciller\u00eda Ecuador. Enlace Ciudadano 427. 06 de junio 2015: <a href=\"https:\/\/www.youtube.com\/watch?v=c1xNDpTtDjg\">https:\/\/www.youtube.com\/watch?v=c1xNDpTtDjg<\/a><\/p>\n<p style=\"text-align: justify\">El Comercio. Cubanos que buscan visa humanitaria fueron desalojados. 06 de julio 2016: <a href=\"https:\/\/www.elcomercio.com\/video\/cubanos-visa-humanitaria-desalojo-quito.html\">https:\/\/www.elcomercio.com\/video\/cubanos-visa-humanitaria-desalojo-quito.html<\/a><\/p>\n<p style=\"text-align: justify\">El Universo. Ecuador defiende plan para llevar m\u00e9dicos cubanos.\u00a0 28 de septiembre 2013. <a href=\"https:\/\/www.eluniverso.com\/noticias\/2013\/09\/28\/nota\/1508591\/ecuador-defiende-llegada-medicos-cubanos-ante-criticas-gremios\">https:\/\/www.eluniverso.com\/noticias\/2013\/09\/28\/nota\/1508591\/ecuador-defiende-llegada-medicos-cubanos-ante-criticas-gremios<\/a><\/p>\n<p style=\"text-align: justify\">Ortiz, Sara. Ecuador busca la deportaci\u00f3n de cubanos sin documentos. El Comercio. 07 julio 2016: <a href=\"https:\/\/www.elcomercio.com\/actualidad\/ecuador-deportacion-cubanos-visa-humanitaria.html\">https:\/\/www.elcomercio.com\/actualidad\/ecuador-deportacion-cubanos-visa-humanitaria.html<\/a><\/p>\n<p style=\"text-align: justify\">Ortiz, Sara. \u2018Hotel Carri\u00f3n\u2019 es un albergue para extranjeros bajo custodia. 27 de agosto 2015: <a href=\"https:\/\/www.elcomercio.com\/actualidad\/hotelcarrion-albergue-extranjeros-policia-ecuador.html\">https:\/\/www.elcomercio.com\/actualidad\/hotelcarrion-albergue-extranjeros-policia-ecuador.html<\/a><\/p>\n<p style=\"text-align: justify\">Pacheco, Mayra. Cerca de 300 cubanos cumplen una semana junto a la Embajada de M\u00e9xico. El Comercio. 25 de junio 2016 A: <a href=\"https:\/\/www.elcomercio.com\/actualidad\/cubanos-semana-embajada-mexico-quito.html\">https:\/\/www.elcomercio.com\/actualidad\/cubanos-semana-embajada-mexico-quito.html<\/a><\/p>\n<p style=\"text-align: justify\">Pacheco Mayra. Los cubanos que ocupaban el parque El Arbolito fueron desalojados esta madrugada. El Comercio. 06 de julio 2016 B: <a href=\"https:\/\/www.elcomercio.com\/actualidad\/cubanos-desalojo-parqueelarbolito-quito.html\">https:\/\/www.elcomercio.com\/actualidad\/cubanos-desalojo-parqueelarbolito-quito.html<\/a><\/p>\n<p style=\"text-align: justify\">Pacheco, Mayra. Audiencia de Habeas Corpus para cubanos se realizar\u00e1 el 12 de julio. El Comercio. 08 julio 2016 C: <a href=\"https:\/\/www.elcomercio.com\/actualidad\/audiencia-habeascorpus-cubanos-ecuador-justicia.html\">https:\/\/www.elcomercio.com\/actualidad\/audiencia-habeascorpus-cubanos-ecuador-justicia.html<\/a><\/p>\n<p style=\"text-align: justify\">Portelles, Yurien. La emigraci\u00f3n cubana se abre espacio en Ecuador. Agencia de Noticias Andes, 24 mayo 2015: <a href=\"https:\/\/www.andes.info.ec\/es\/noticias\/emigracion-cubana-abre-espacio-ecuador.html\">https:\/\/www.andes.info.ec\/es\/noticias\/emigracion-cubana-abre-espacio-ecuador.html<\/a><\/p>\n<p style=\"text-align: justify\">Redacci\u00f3n Quito. Grupo de cubanos fue reubicado en el parque El Arbolito, en el norte de Quito. El Comercio. 01 de julio 2016: <a href=\"https:\/\/www.elcomercio.com\/actualidad\/grupo-cubanos-reubicado-parque-arbolito.html\">https:\/\/www.elcomercio.com\/actualidad\/grupo-cubanos-reubicado-parque-arbolito.html<\/a><\/p>\n<p style=\"text-align: justify\">Roteta Dorado, Alberto. Cubanos en Ecuador se unen contra la xenofobia y la discriminaci\u00f3n. Cubanet. 30 de marzo 2016: <a href=\"https:\/\/www.cubanet.org\/colaboradores\/cubanos-en-ecuador-se-unen-contra-la-xenofobia-y-la-discriminacion\/\">https:\/\/www.cubanet.org\/colaboradores\/cubanos-en-ecuador-se-unen-contra-la-xenofobia-y-la-discriminacion\/<\/a><\/p>\n<p style=\"text-align: justify\">U.S Citizenship and Immigration Services. Residencia Permanente para un Ciudadano Cubano. Fecha de consulta: 05.10.16: <a href=\"https:\/\/www.uscis.gov\/es\/tarjeta-verde\/otras-maneras-de-obtenerla\/cubanos\/residencia-permanente-para-un-ciudadano-cubano\">https:\/\/www.uscis.gov\/es\/tarjeta-verde\/otras-maneras-de-obtenerla\/cubanos\/residencia-permanente-para-un-ciudadano-cubano<\/a><\/p>\n","protected":false},"excerpt":{"rendered":"<p>El presente trabajo buscar realizar una cr\u00edtica a la situaci\u00f3n de racismo existente en el Ecuador, en especial en contra de lxs ciudadanxs cubanxs por parte de autoridades ecuatorianas as\u00ed como de ciudadanxs quite\u00f1xs. Desde el 2008 el Ecuador se convirti\u00f3 en un pa\u00eds importante para la migraci\u00f3n cubana. Entre las razones por las que [&hellip;]<\/p>\n","protected":false},"author":2799,"featured_media":0,"comment_status":"open","ping_status":"open","sticky":false,"template":"","format":"standard","meta":{"footnotes":""},"categories":[90456,90436,90479],"tags":[90484,90473,2611,90462],"class_list":["post-315","post","type-post","status-publish","format-standard","hentry","category-beitraege","category-flucht","category-migration-nach-und-in-den-amerikas","tag-cubanxs","tag-discriminacion","tag-ecuador","tag-migracion"],"_links":{"self":[{"href":"https:\/\/blogs.fu-berlin.de\/migration\/wp-json\/wp\/v2\/posts\/315","targetHints":{"allow":["GET"]}}],"collection":[{"href":"https:\/\/blogs.fu-berlin.de\/migration\/wp-json\/wp\/v2\/posts"}],"about":[{"href":"https:\/\/blogs.fu-berlin.de\/migration\/wp-json\/wp\/v2\/types\/post"}],"author":[{"embeddable":true,"href":"https:\/\/blogs.fu-berlin.de\/migration\/wp-json\/wp\/v2\/users\/2799"}],"replies":[{"embeddable":true,"href":"https:\/\/blogs.fu-berlin.de\/migration\/wp-json\/wp\/v2\/comments?post=315"}],"version-history":[{"count":2,"href":"https:\/\/blogs.fu-berlin.de\/migration\/wp-json\/wp\/v2\/posts\/315\/revisions"}],"predecessor-version":[{"id":329,"href":"https:\/\/blogs.fu-berlin.de\/migration\/wp-json\/wp\/v2\/posts\/315\/revisions\/329"}],"wp:attachment":[{"href":"https:\/\/blogs.fu-berlin.de\/migration\/wp-json\/wp\/v2\/media?parent=315"}],"wp:term":[{"taxonomy":"category","embeddable":true,"href":"https:\/\/blogs.fu-berlin.de\/migration\/wp-json\/wp\/v2\/categories?post=315"},{"taxonomy":"post_tag","embeddable":true,"href":"https:\/\/blogs.fu-berlin.de\/migration\/wp-json\/wp\/v2\/tags?post=315"}],"curies":[{"name":"wp","href":"https:\/\/api.w.org\/{rel}","templated":true}]}}