{"id":416,"date":"2016-10-10T09:28:36","date_gmt":"2016-10-10T07:28:36","guid":{"rendered":"https:\/\/blogs.fu-berlin.de\/migration\/?p=416"},"modified":"2016-10-10T09:31:20","modified_gmt":"2016-10-10T07:31:20","slug":"1er-festival-internacional-comunitario-conviviendo-sin-fronteras","status":"publish","type":"post","link":"https:\/\/blogs.fu-berlin.de\/migration\/2016\/10\/10\/1er-festival-internacional-comunitario-conviviendo-sin-fronteras\/","title":{"rendered":"1er Festival Internacional Comunitario: Conviviendo Sin Fronteras"},"content":{"rendered":"<p><strong>12-18 diciembre 2016, La Carpio (San Jos\u00e9), Costa Rica<\/strong><\/p>\n<p>Un espacio de di\u00e1logo para seguir aprendiendo a trav\u00e9s del teatro social junto a comunidades segregadas por el estigma de la violencia y\/o inseguridad<\/p>\n<p><strong>\u00bfQU\u00c9 HABR\u00c1?<\/strong><\/p>\n<p>Talleres*: Teatro Social, Teatro del Oprimido, Teatro de la integraci\u00f3n, Redes de apoyo mutuo \u00bfc\u00f3mo fortalecerlas?.<br \/>\nPresentaciones*: de grupos de teatro, nacionales e internacionales acompa\u00f1ados de buena m\u00fasica.<br \/>\nExposici\u00f3n fotogr\u00e1fica: Proceso de levantamiento de informaci\u00f3n: Patrimonio Cultural de La Carpio 2015.<\/p>\n<p>&nbsp;<\/p>\n<p><strong>M\u00e1s Informaciones:<\/strong><br \/>\n<a href=\"https:\/\/www.asociacionmasaya.org\/blog\/?page_id=2795\" target=\"_blank\">https:\/\/www.asociacionmasaya.org\/blog\/?page_id=2795<\/a><\/p>\n<p><span style=\"text-decoration: underline\">Enlace Suiza-Espa\u00f1a-Alemania:<\/span><\/p>\n<p>Mara\u00f1a: sarah_besch@hotmail.com \/ elmasalao1@gmail.com<\/p>\n<p><span style=\"text-decoration: underline\">Enlace Costa Rica:<\/span><\/p>\n<p>Asociaci\u00f3n Masaya: ricardo@asociacionmasaya.org<\/p>\n<p>Grupo de teatro Las Voces Del Viento: https:\/\/www.facebook.com\/vocesdelvientolacarpio\/?<br \/>\nfref=ts<br \/>\n<span style=\"text-decoration: underline\">Enlace Brasil:<\/span><\/p>\n<p>Grupo de teatro Levante: meirereginap@gmail.com<\/p>\n<p>Asociaci\u00f3n Masaya: cori@asociacionmasaya.org<\/p>\n","protected":false},"excerpt":{"rendered":"<p>12-18 diciembre 2016, La Carpio (San Jos\u00e9), Costa Rica Un espacio de di\u00e1logo para seguir aprendiendo a trav\u00e9s del teatro social junto a comunidades segregadas por el estigma de la violencia y\/o inseguridad \u00bfQU\u00c9 HABR\u00c1? Talleres*: Teatro Social, Teatro del Oprimido, Teatro de la integraci\u00f3n, Redes de apoyo mutuo \u00bfc\u00f3mo fortalecerlas?. Presentaciones*: de grupos de [&hellip;]<\/p>\n","protected":false},"author":2744,"featured_media":0,"comment_status":"open","ping_status":"open","sticky":false,"template":"","format":"standard","meta":{"footnotes":""},"categories":[90474,70],"tags":[],"class_list":["post-416","post","type-post","status-publish","format-standard","hentry","category-schauspiel-theater-performance","category-veranstaltungen"],"_links":{"self":[{"href":"https:\/\/blogs.fu-berlin.de\/migration\/wp-json\/wp\/v2\/posts\/416","targetHints":{"allow":["GET"]}}],"collection":[{"href":"https:\/\/blogs.fu-berlin.de\/migration\/wp-json\/wp\/v2\/posts"}],"about":[{"href":"https:\/\/blogs.fu-berlin.de\/migration\/wp-json\/wp\/v2\/types\/post"}],"author":[{"embeddable":true,"href":"https:\/\/blogs.fu-berlin.de\/migration\/wp-json\/wp\/v2\/users\/2744"}],"replies":[{"embeddable":true,"href":"https:\/\/blogs.fu-berlin.de\/migration\/wp-json\/wp\/v2\/comments?post=416"}],"version-history":[{"count":2,"href":"https:\/\/blogs.fu-berlin.de\/migration\/wp-json\/wp\/v2\/posts\/416\/revisions"}],"predecessor-version":[{"id":418,"href":"https:\/\/blogs.fu-berlin.de\/migration\/wp-json\/wp\/v2\/posts\/416\/revisions\/418"}],"wp:attachment":[{"href":"https:\/\/blogs.fu-berlin.de\/migration\/wp-json\/wp\/v2\/media?parent=416"}],"wp:term":[{"taxonomy":"category","embeddable":true,"href":"https:\/\/blogs.fu-berlin.de\/migration\/wp-json\/wp\/v2\/categories?post=416"},{"taxonomy":"post_tag","embeddable":true,"href":"https:\/\/blogs.fu-berlin.de\/migration\/wp-json\/wp\/v2\/tags?post=416"}],"curies":[{"name":"wp","href":"https:\/\/api.w.org\/{rel}","templated":true}]}}