{"id":430,"date":"2016-10-11T14:57:29","date_gmt":"2016-10-11T12:57:29","guid":{"rendered":"https:\/\/blogs.fu-berlin.de\/migration\/?p=430"},"modified":"2016-10-11T14:59:02","modified_gmt":"2016-10-11T12:59:02","slug":"tagung-konferenz-beyond-europe-schuetzen-wir-grenzen-oder-menschenrechte","status":"publish","type":"post","link":"https:\/\/blogs.fu-berlin.de\/migration\/2016\/10\/11\/tagung-konferenz-beyond-europe-schuetzen-wir-grenzen-oder-menschenrechte\/","title":{"rendered":"Tagung\/ Konferenz: Beyond Europe &#8211; Sch\u00fctzen wir Grenzen oder Menschenrechte?"},"content":{"rendered":"<p><strong>Eine Fachtagung der \u00d6kumenischen Bundesarbeitsgemeinschaft &#8222;Asyl in der Kirche&#8220;<\/strong>, u.a. mit Vertreter*innen der Organisationen: BAMF, ProAsyl, Borderline Europe, Jugendliche ohne Grenzen, Refugee Strike Berlin, WatchTheMed Alarmphone, afrique-europe-interact und vielen mehr.<\/p>\n<p><strong>Freitag, 04.11.2016<\/strong> 14:00 Uhr bis <strong>Sonntag, 06.11.2016<\/strong> 11:00 Uhr<br \/>\n<strong>Kirche zum Heiligen Kreuz, <\/strong>Zossener Stra\u00dfe 65, 10961 Berlin<\/p>\n<p>Europa ist dabei sich zu transformieren und zu zerbrechen. Der Umgang mit Menschen auf der Flucht steht dabei im Mittelpunkt. Auf nationaler Ebene wurde das Asylrecht massiv versch\u00e4rft. Gleichzeitig verschiebt die EU ihre Migrations- und Asylpolitik immer weiter vor ihre eigenen Grenzen. Deshalb blicken wir auf Europas Grenzen und dar\u00fcber hinaus. Wir diskutieren und analysieren die Konsequenzen von Grenzschlie\u00dfungen, menschenunw\u00fcrdigen Deals und Asylrechtsversch\u00e4rfungen und entwickeln gemeinsam Idee, wohin wir gehen wollen.<\/p>\n<p><strong>Zum Veranstaltungsprogramm<\/strong>:<\/p>\n<p><span style=\"color: #0000ff\"><a style=\"color: #0000ff\" href=\"https:\/\/blogs.fu-berlin.de\/migration\/files\/2016\/10\/Programm_Beyond_Europe.pdf\">Programm_Beyond_Europe<\/a><\/span><\/p>\n<p><strong>Anmeldung\/ Kosten:<\/strong><\/p>\n<p>Die Teilnehmerzahl ist begrenzt, daher wird um rechtzeitige Anmeldung gebeten. Zum <span style=\"color: #0000ff\"><a style=\"color: #0000ff\" href=\"https:\/\/www.kirchenasyl.de\/wp-content\/uploads\/2016\/04\/Anmeldebogen-3.pdf\"> Anmeldebogen\u00a0<\/a><\/span><\/p>\n<p>Kosten: 60 Euro \/ Erm\u00e4\u00dfigung auf Anfrage \/ Gefl\u00fcchtete m\u00fcssen den Beitrag nicht aufbringen.<\/p>\n<p>Weitere Informationen und Anmeldung <span style=\"color: #000080\"><a style=\"color: #000080\" href=\"https:\/\/www.rosalux.de\/event\/56968\/beyond-europe-schuetzen-wir-grenzen-oder-menschenrechte.html\"><span style=\"color: #0000ff\">auf der Seite der Rosa Luxemburg-Stiftung<\/span> <\/a><\/span><\/p>\n","protected":false},"excerpt":{"rendered":"<p>Eine Fachtagung der \u00d6kumenischen Bundesarbeitsgemeinschaft &#8222;Asyl in der Kirche&#8220;, u.a. mit Vertreter*innen der Organisationen: BAMF, ProAsyl, Borderline Europe, Jugendliche ohne Grenzen, Refugee Strike Berlin, WatchTheMed Alarmphone, afrique-europe-interact und vielen mehr. Freitag, 04.11.2016 14:00 Uhr bis Sonntag, 06.11.2016 11:00 Uhr Kirche zum Heiligen Kreuz, Zossener Stra\u00dfe 65, 10961 Berlin Europa ist dabei sich zu transformieren und [&hellip;]<\/p>\n","protected":false},"author":2754,"featured_media":0,"comment_status":"open","ping_status":"open","sticky":false,"template":"","format":"standard","meta":{"footnotes":""},"categories":[90476],"tags":[],"class_list":["post-430","post","type-post","status-publish","format-standard","hentry","category-diskussionen-konferenzen"],"_links":{"self":[{"href":"https:\/\/blogs.fu-berlin.de\/migration\/wp-json\/wp\/v2\/posts\/430","targetHints":{"allow":["GET"]}}],"collection":[{"href":"https:\/\/blogs.fu-berlin.de\/migration\/wp-json\/wp\/v2\/posts"}],"about":[{"href":"https:\/\/blogs.fu-berlin.de\/migration\/wp-json\/wp\/v2\/types\/post"}],"author":[{"embeddable":true,"href":"https:\/\/blogs.fu-berlin.de\/migration\/wp-json\/wp\/v2\/users\/2754"}],"replies":[{"embeddable":true,"href":"https:\/\/blogs.fu-berlin.de\/migration\/wp-json\/wp\/v2\/comments?post=430"}],"version-history":[{"count":2,"href":"https:\/\/blogs.fu-berlin.de\/migration\/wp-json\/wp\/v2\/posts\/430\/revisions"}],"predecessor-version":[{"id":433,"href":"https:\/\/blogs.fu-berlin.de\/migration\/wp-json\/wp\/v2\/posts\/430\/revisions\/433"}],"wp:attachment":[{"href":"https:\/\/blogs.fu-berlin.de\/migration\/wp-json\/wp\/v2\/media?parent=430"}],"wp:term":[{"taxonomy":"category","embeddable":true,"href":"https:\/\/blogs.fu-berlin.de\/migration\/wp-json\/wp\/v2\/categories?post=430"},{"taxonomy":"post_tag","embeddable":true,"href":"https:\/\/blogs.fu-berlin.de\/migration\/wp-json\/wp\/v2\/tags?post=430"}],"curies":[{"name":"wp","href":"https:\/\/api.w.org\/{rel}","templated":true}]}}