{"id":482,"date":"2016-10-15T18:37:30","date_gmt":"2016-10-15T16:37:30","guid":{"rendered":"https:\/\/blogs.fu-berlin.de\/migration\/?p=482"},"modified":"2016-10-15T18:37:51","modified_gmt":"2016-10-15T16:37:51","slug":"die-nsu-monologe-im-heimathafen-neukoelln","status":"publish","type":"post","link":"https:\/\/blogs.fu-berlin.de\/migration\/2016\/10\/15\/die-nsu-monologe-im-heimathafen-neukoelln\/","title":{"rendered":"Die NSU Monologe- Im Heimathafen Neuk\u00f6lln"},"content":{"rendered":"<p>Dokumentarisches Theater \u00fcber die NSU-Morde:<\/p>\n<p align=\"RIGHT\">&#8222;Dabei erz\u00e4hlen die NSU-Monologe nicht von namenlosen Opfern, sondern von Elif <em>Kuba\u015f\u0131k und Adile\u00a0<\/em>\u015eim\u015fek und dem gewaltvollen Verlust ihrer Ehem\u00e4nner sowie von\u00a0\u0130smail Yozgat und der Trauer um seinen Sohn.<\/p>\n<p>Wir erfahren vom Mut der Hinterbliebenen, in der 1. Reihe eines Trauermarschs zu stehen, von der Willensst\u00e4rke, wiederholt die Umbenennung einer Stra\u00dfe einzufordern und nicht zuletzt vom Versuch, die eigene Erinnerung an den geliebten Menschen gegen die vermeintliche Wahrheit der Ermittler zu verteidigen.&#8220;<\/p>\n<p>3.11.2016 Premiere (deutsch)<\/p>\n<p>5.11.2016 Premiere (t\u00fcrkisch)<\/p>\n<p>15.-19.11.2016<\/p>\n<p>6.-8.12.2016<\/p>\n<p>11.-15.1.2017<\/p>\n","protected":false},"excerpt":{"rendered":"<p>Dokumentarisches Theater \u00fcber die NSU-Morde: &#8222;Dabei erz\u00e4hlen die NSU-Monologe nicht von namenlosen Opfern, sondern von Elif Kuba\u015f\u0131k und Adile\u00a0\u015eim\u015fek und dem gewaltvollen Verlust ihrer Ehem\u00e4nner sowie von\u00a0\u0130smail Yozgat und der Trauer um seinen Sohn. Wir erfahren vom Mut der Hinterbliebenen, in der 1. Reihe eines Trauermarschs zu stehen, von der Willensst\u00e4rke, wiederholt die Umbenennung einer [&hellip;]<\/p>\n","protected":false},"author":2750,"featured_media":0,"comment_status":"open","ping_status":"open","sticky":false,"template":"","format":"standard","meta":{"footnotes":""},"categories":[90474,12181],"tags":[],"class_list":["post-482","post","type-post","status-publish","format-standard","hentry","category-schauspiel-theater-performance","category-theater"],"_links":{"self":[{"href":"https:\/\/blogs.fu-berlin.de\/migration\/wp-json\/wp\/v2\/posts\/482","targetHints":{"allow":["GET"]}}],"collection":[{"href":"https:\/\/blogs.fu-berlin.de\/migration\/wp-json\/wp\/v2\/posts"}],"about":[{"href":"https:\/\/blogs.fu-berlin.de\/migration\/wp-json\/wp\/v2\/types\/post"}],"author":[{"embeddable":true,"href":"https:\/\/blogs.fu-berlin.de\/migration\/wp-json\/wp\/v2\/users\/2750"}],"replies":[{"embeddable":true,"href":"https:\/\/blogs.fu-berlin.de\/migration\/wp-json\/wp\/v2\/comments?post=482"}],"version-history":[{"count":1,"href":"https:\/\/blogs.fu-berlin.de\/migration\/wp-json\/wp\/v2\/posts\/482\/revisions"}],"predecessor-version":[{"id":483,"href":"https:\/\/blogs.fu-berlin.de\/migration\/wp-json\/wp\/v2\/posts\/482\/revisions\/483"}],"wp:attachment":[{"href":"https:\/\/blogs.fu-berlin.de\/migration\/wp-json\/wp\/v2\/media?parent=482"}],"wp:term":[{"taxonomy":"category","embeddable":true,"href":"https:\/\/blogs.fu-berlin.de\/migration\/wp-json\/wp\/v2\/categories?post=482"},{"taxonomy":"post_tag","embeddable":true,"href":"https:\/\/blogs.fu-berlin.de\/migration\/wp-json\/wp\/v2\/tags?post=482"}],"curies":[{"name":"wp","href":"https:\/\/api.w.org\/{rel}","templated":true}]}}