{"id":503,"date":"2016-10-19T19:47:02","date_gmt":"2016-10-19T17:47:02","guid":{"rendered":"https:\/\/blogs.fu-berlin.de\/migration\/?p=503"},"modified":"2016-10-19T19:47:02","modified_gmt":"2016-10-19T17:47:02","slug":"engagement-von-migrantinnenorganisationen-in-berlin","status":"publish","type":"post","link":"https:\/\/blogs.fu-berlin.de\/migration\/2016\/10\/19\/engagement-von-migrantinnenorganisationen-in-berlin\/","title":{"rendered":"&#8222;Engagement von Migrantinnenorganisationen in Berlin&#8220;"},"content":{"rendered":"<h2>Podiumsdiskussion am 3. November im Lateinamerikaforum<\/h2>\n<p>Die Diskussion hat zum Ziel, die Arbeit von Migrantinnenorganisationen in Berlin vorzustellen und zu reflektieren:<\/p>\n<ul>\n<li>Inwiefern beteiligen sie sich an der Landesentwicklungspolitik?<\/li>\n<li>Welchen Beitrag leisten sie zu gesellschaftlichen Partizipationsprozessen?<\/li>\n<li>Mit welchen Herausforderungen sehen sich die Organisationen konfrontiert?<\/li>\n<\/ul>\n<p>Abschlie\u00dfend sollen Zukunft und Perspektiven von Migrantinnenorganisationen thematisiert werden.<\/p>\n<p><strong>Podiumsg\u00e4ste sind:<\/strong><\/p>\n<p>Luc\u00eda Muriel (moveGlobal e.V. und MEPa e.V.), Walter Trujillo (moveGlobal e.V.),<\/p>\n<p>Claudia Tribin und Sophia Oelsner (Xochicuicatl e.V.),<\/p>\n<p>Roc\u00edo V\u00e1squez vom Projekt MigrArte, Jamile da Silva vom interkulturellen Frauenzentrum S.U.S.I.<\/p>\n<p>Moderation: Marius Haberland (agl \u2013 Arbeitsgemeinschaft der Eine-Welt-Landesnetzwerke in Deutschland e.V.)<\/p>\n<p><a href=\"https:\/\/www.lateinamerikaforum-berlin.de\/veranstaltung\/engagement-von-migrantinnenorganisationen-in-berlin\/\">Link zur Veranstaltung<\/a><\/p>\n<p>&nbsp;<\/p>\n","protected":false},"excerpt":{"rendered":"<p>Podiumsdiskussion am 3. November im Lateinamerikaforum Die Diskussion hat zum Ziel, die Arbeit von Migrantinnenorganisationen in Berlin vorzustellen und zu reflektieren: Inwiefern beteiligen sie sich an der Landesentwicklungspolitik? Welchen Beitrag leisten sie zu gesellschaftlichen Partizipationsprozessen? Mit welchen Herausforderungen sehen sich die Organisationen konfrontiert? Abschlie\u00dfend sollen Zukunft und Perspektiven von Migrantinnenorganisationen thematisiert werden. Podiumsg\u00e4ste sind: Luc\u00eda [&hellip;]<\/p>\n","protected":false},"author":2771,"featured_media":0,"comment_status":"open","ping_status":"open","sticky":false,"template":"","format":"standard","meta":{"footnotes":""},"categories":[90476,70],"tags":[91448,1227,2102],"class_list":["post-503","post","type-post","status-publish","format-standard","hentry","category-diskussionen-konferenzen","category-veranstaltungen","tag-migrantenorganisationen","tag-migration","tag-veranstaltung"],"_links":{"self":[{"href":"https:\/\/blogs.fu-berlin.de\/migration\/wp-json\/wp\/v2\/posts\/503","targetHints":{"allow":["GET"]}}],"collection":[{"href":"https:\/\/blogs.fu-berlin.de\/migration\/wp-json\/wp\/v2\/posts"}],"about":[{"href":"https:\/\/blogs.fu-berlin.de\/migration\/wp-json\/wp\/v2\/types\/post"}],"author":[{"embeddable":true,"href":"https:\/\/blogs.fu-berlin.de\/migration\/wp-json\/wp\/v2\/users\/2771"}],"replies":[{"embeddable":true,"href":"https:\/\/blogs.fu-berlin.de\/migration\/wp-json\/wp\/v2\/comments?post=503"}],"version-history":[{"count":1,"href":"https:\/\/blogs.fu-berlin.de\/migration\/wp-json\/wp\/v2\/posts\/503\/revisions"}],"predecessor-version":[{"id":504,"href":"https:\/\/blogs.fu-berlin.de\/migration\/wp-json\/wp\/v2\/posts\/503\/revisions\/504"}],"wp:attachment":[{"href":"https:\/\/blogs.fu-berlin.de\/migration\/wp-json\/wp\/v2\/media?parent=503"}],"wp:term":[{"taxonomy":"category","embeddable":true,"href":"https:\/\/blogs.fu-berlin.de\/migration\/wp-json\/wp\/v2\/categories?post=503"},{"taxonomy":"post_tag","embeddable":true,"href":"https:\/\/blogs.fu-berlin.de\/migration\/wp-json\/wp\/v2\/tags?post=503"}],"curies":[{"name":"wp","href":"https:\/\/api.w.org\/{rel}","templated":true}]}}