{"id":636,"date":"2021-05-18T12:40:26","date_gmt":"2021-05-18T10:40:26","guid":{"rendered":"https:\/\/blogs.fu-berlin.de\/migration\/?p=636"},"modified":"2021-07-05T12:40:08","modified_gmt":"2021-07-05T10:40:08","slug":"residentes-dokumentarfilm-von-yameli-gomez-jimenez","status":"publish","type":"post","link":"https:\/\/blogs.fu-berlin.de\/migration\/2021\/05\/18\/residentes-dokumentarfilm-von-yameli-gomez-jimenez\/","title":{"rendered":"\u201eResidentes\u201c &#8211; Dokumentarfilm von Yameli G\u00f3mez Jim\u00e9nez"},"content":{"rendered":"\n<p>Der Dokumentarfilm von Yameli G\u00f3mez Jim\u00e9nez \u201eResidentes\u201c (\u201eThe Citizens\u201c) zeigt die Realit\u00e4t von Abschiebungsprozessen in den USA, die undokumentierte Migrant*innen aus ihrem Leben und ihrer Familie rei\u00dfen um Einwanderungsgesetze durchzusetzen. Der Film ist in zwei Kapitel aufgeteilt, die die Geschichten von Ana Laura und von Jes\u00fas erz\u00e4hlen. Beide sind in die USA eingewandert und leben seit Jahren undokumentiert dort. Sie haben Familien gegr\u00fcndet, gearbeitet und Steuern gezahlt, ihren Beitrag zur Gesellschaft geleistet. Doch die Einwanderungsbeh\u00f6rde (ICE) l\u00e4sst nichts unversucht, sie noch nach Jahren zu \u00fcberf\u00fchren und zur Auswanderung zu zwingen, und sie damit von ihren Familien und geliebten Menschen zu trennen.<\/p>\n\n\n\n<figure class=\"wp-block-image size-large\"><img loading=\"lazy\" decoding=\"async\" width=\"652\" height=\"410\" src=\"https:\/\/blogs.fu-berlin.de\/migration\/files\/2021\/05\/Bildschirmfoto-2021-05-18-um-12.36.21.png\" alt=\"\" class=\"wp-image-638\" srcset=\"https:\/\/blogs.fu-berlin.de\/migration\/files\/2021\/05\/Bildschirmfoto-2021-05-18-um-12.36.21.png 652w, https:\/\/blogs.fu-berlin.de\/migration\/files\/2021\/05\/Bildschirmfoto-2021-05-18-um-12.36.21-300x189.png 300w\" sizes=\"auto, (max-width: 652px) 100vw, 652px\" \/><\/figure>\n\n\n\n<p>Noch bis zum 23.05.2021 ist \u201eResidentes\u201c auf der Seite des <a href=\"https:\/\/viertewellefestival.com\/intersectionality\/intersectionality-screening\/\">Vierte Welle Film Festival 2021<\/a> unter dem Thema #intersectionality zu sehen. Von Montag, 24.05.2021 bis Montag, 31.05.2021 ist der Film bei der <a href=\"https:\/\/cinematheque-leipzig.de\/programm\/filme\/residents\/\">Cin\u00e9math\u00e8que Leipzig<\/a>  zu sehen. Beide Angebote sind kostenlos.&nbsp;<\/p>\n\n\n\n<p>MEX \/ BRD \/ USA 2020, Dokumentarfilm, 23 min<\/p>\n","protected":false},"excerpt":{"rendered":"<p>Der Dokumentarfilm von Yameli G\u00f3mez Jim\u00e9nez \u201eResidentes\u201c (\u201eThe Citizens\u201c) zeigt die Realit\u00e4t von Abschiebungsprozessen in den USA, die undokumentierte Migrant*innen aus ihrem Leben und ihrer Familie rei\u00dfen um Einwanderungsgesetze durchzusetzen. Der Film ist in zwei Kapitel aufgeteilt, die die Geschichten von Ana Laura und von Jes\u00fas erz\u00e4hlen. Beide sind in die USA eingewandert und leben [&hellip;]<\/p>\n","protected":false},"author":6301,"featured_media":0,"comment_status":"open","ping_status":"open","sticky":false,"template":"","format":"standard","meta":{"footnotes":""},"categories":[91493,9,421,848,90436,90479,90441],"tags":[91470,91496],"class_list":["post-636","post","type-post","status-publish","format-standard","hentry","category-91493","category-allgemein","category-berichte","category-dokumentarfilm","category-flucht","category-migration-nach-und-in-den-amerikas","category-migrationsgeschichten","tag-abschiebung","tag-einwanderungsbehoerde-ice"],"_links":{"self":[{"href":"https:\/\/blogs.fu-berlin.de\/migration\/wp-json\/wp\/v2\/posts\/636","targetHints":{"allow":["GET"]}}],"collection":[{"href":"https:\/\/blogs.fu-berlin.de\/migration\/wp-json\/wp\/v2\/posts"}],"about":[{"href":"https:\/\/blogs.fu-berlin.de\/migration\/wp-json\/wp\/v2\/types\/post"}],"author":[{"embeddable":true,"href":"https:\/\/blogs.fu-berlin.de\/migration\/wp-json\/wp\/v2\/users\/6301"}],"replies":[{"embeddable":true,"href":"https:\/\/blogs.fu-berlin.de\/migration\/wp-json\/wp\/v2\/comments?post=636"}],"version-history":[{"count":2,"href":"https:\/\/blogs.fu-berlin.de\/migration\/wp-json\/wp\/v2\/posts\/636\/revisions"}],"predecessor-version":[{"id":639,"href":"https:\/\/blogs.fu-berlin.de\/migration\/wp-json\/wp\/v2\/posts\/636\/revisions\/639"}],"wp:attachment":[{"href":"https:\/\/blogs.fu-berlin.de\/migration\/wp-json\/wp\/v2\/media?parent=636"}],"wp:term":[{"taxonomy":"category","embeddable":true,"href":"https:\/\/blogs.fu-berlin.de\/migration\/wp-json\/wp\/v2\/categories?post=636"},{"taxonomy":"post_tag","embeddable":true,"href":"https:\/\/blogs.fu-berlin.de\/migration\/wp-json\/wp\/v2\/tags?post=636"}],"curies":[{"name":"wp","href":"https:\/\/api.w.org\/{rel}","templated":true}]}}