{"id":668,"date":"2021-05-24T17:50:14","date_gmt":"2021-05-24T15:50:14","guid":{"rendered":"https:\/\/blogs.fu-berlin.de\/migration\/?p=668"},"modified":"2021-07-05T14:42:05","modified_gmt":"2021-07-05T12:42:05","slug":"casa-en-tierra-ajena-ein-dokumentarfilm-ueber-zwangsmigration-in-zentralamerika","status":"publish","type":"post","link":"https:\/\/blogs.fu-berlin.de\/migration\/2021\/05\/24\/casa-en-tierra-ajena-ein-dokumentarfilm-ueber-zwangsmigration-in-zentralamerika\/","title":{"rendered":"Casa en Tierra Ajena: Ein Dokumentarfilm \u00fcber Zwangsmigration in Zentralamerika"},"content":{"rendered":"\n<p>Der &nbsp;Film \u201eCasa en Tierra Ajena\u201c ist eine Produktion aus einem Zusammenschluss mehrerer staatlicher Universit\u00e4ten aus Costa Rica und geht der Frage nach, warum so viele Menschen aus Zentralamerika emigrieren.&nbsp; Der Film basiert auf dem Buch \u201eNo m\u00e1s Muros. Exclusi\u00f3n y migraci\u00f3n forzada en Centroam\u00e9rica\u201c von Carlos Sandoval Garc\u00eda, in dem beschrieben wird, wie durch neoliberale Politiken immer mehr Menschen gezwungen werden, ihre Heimat zu verlassen, w\u00e4hrend gleichzeitig durch ein Verst\u00e4rken der Kontrollen durch staatliche Stellen Migration weiter erschwert wird.<\/p>\n\n\n\n<p>Wie das Buch verbindet der Dokumentarfilm die gesamtgesellschaftlichen Faktoren mit den Erfahrungsberichten einzelner Menschen. Enteignungen, die Ermordung von Menschenrechtsverteidiger*innen, die Gefahr durch die sogenannten \u201ePandillas\u201c und unmenschliche Rohstoffpolitiken werden durch die Einzelschicksale der interviewten Personen nahe gebracht. Dabei verzichtet \u201eCasa en Tierra Ajena\u201c auf eine Erz\u00e4hlerstimme und l\u00e4sst den Menschen Raum, ihre eigenen Geschichten zu erz\u00e4hlen. Das geht unter die Haut; dennoch schafft es der Film, gegen Ende eine hoffnungsvolle Stimmung zu schaffen, die weiterhin an gelebte Solidarit\u00e4t glauben l\u00e4sst.<\/p>\n\n\n\n<p>Casa en Tierra Ajena ist auf dem eigenen <a href=\"https:\/\/www.youtube.com\/watch?v=AkrZIumTRjI\">Youtube-Kanal<\/a> (Audio Spanisch, Untertitel auf Spanisch, Englisch, Franz\u00f6sisch, Portugiesisch &amp; Deutsch) zu finden, der auch zahlreiche komplette Interviews aus dem Film sowie einige weitere Kurzvideos enth\u00e4lt. Das Buch \u201eNo M\u00e1s Muros\u201c gibt es <a href=\"https:\/\/www.google.com\/url?sa=t&amp;rct=j&amp;q=&amp;esrc=s&amp;source=web&amp;cd=&amp;ved=2ahUKEwiUwMDhzuLwAhUDzKQKHc_WAFgQFjAFegQICRAD&amp;url=http%3A%2F%2Fwww.editorial.ucr.ac.cr%2Fciencias-sociales%2Fitem%2Fdownload%2F12_56e4001a587c47a329c23c2193a879b2.html&amp;usg=AOvVaw3syRj8VKnFJ5OiEwzJby-b\">hier<\/a>.<\/p>\n\n\n\n<p><\/p>\n\n\n\n<p><\/p>\n\n\n\n<p><\/p>\n\n\n\n<p>Sandoval Garc\u00eda, Carlos (2015): NO M\u00c1S MUROS. Exclusi\u00f3n y migraci\u00f3n forzada en Centroam\u00e9rica. San Jos\u00e9: UCR.<\/p>\n\n\n\n<p>Sandoval Garc\u00eda, Carlos; Villalobos Vindas, Ivannia (2016): Casa en Tierra Ajena [Film]. San Jos\u00e9: UCR\/UNED.<\/p>\n","protected":false},"excerpt":{"rendered":"<p>Der &nbsp;Film \u201eCasa en Tierra Ajena\u201c ist eine Produktion aus einem Zusammenschluss mehrerer staatlicher Universit\u00e4ten aus Costa Rica und geht der Frage nach, warum so viele Menschen aus Zentralamerika emigrieren.&nbsp; Der Film basiert auf dem Buch \u201eNo m\u00e1s Muros. Exclusi\u00f3n y migraci\u00f3n forzada en Centroam\u00e9rica\u201c von Carlos Sandoval Garc\u00eda, in dem beschrieben wird, wie durch [&hellip;]<\/p>\n","protected":false},"author":6318,"featured_media":0,"comment_status":"open","ping_status":"open","sticky":false,"template":"","format":"standard","meta":{"footnotes":""},"categories":[91493,848,90479],"tags":[],"class_list":["post-668","post","type-post","status-publish","format-standard","hentry","category-91493","category-dokumentarfilm","category-migration-nach-und-in-den-amerikas"],"_links":{"self":[{"href":"https:\/\/blogs.fu-berlin.de\/migration\/wp-json\/wp\/v2\/posts\/668","targetHints":{"allow":["GET"]}}],"collection":[{"href":"https:\/\/blogs.fu-berlin.de\/migration\/wp-json\/wp\/v2\/posts"}],"about":[{"href":"https:\/\/blogs.fu-berlin.de\/migration\/wp-json\/wp\/v2\/types\/post"}],"author":[{"embeddable":true,"href":"https:\/\/blogs.fu-berlin.de\/migration\/wp-json\/wp\/v2\/users\/6318"}],"replies":[{"embeddable":true,"href":"https:\/\/blogs.fu-berlin.de\/migration\/wp-json\/wp\/v2\/comments?post=668"}],"version-history":[{"count":3,"href":"https:\/\/blogs.fu-berlin.de\/migration\/wp-json\/wp\/v2\/posts\/668\/revisions"}],"predecessor-version":[{"id":676,"href":"https:\/\/blogs.fu-berlin.de\/migration\/wp-json\/wp\/v2\/posts\/668\/revisions\/676"}],"wp:attachment":[{"href":"https:\/\/blogs.fu-berlin.de\/migration\/wp-json\/wp\/v2\/media?parent=668"}],"wp:term":[{"taxonomy":"category","embeddable":true,"href":"https:\/\/blogs.fu-berlin.de\/migration\/wp-json\/wp\/v2\/categories?post=668"},{"taxonomy":"post_tag","embeddable":true,"href":"https:\/\/blogs.fu-berlin.de\/migration\/wp-json\/wp\/v2\/tags?post=668"}],"curies":[{"name":"wp","href":"https:\/\/api.w.org\/{rel}","templated":true}]}}