{"id":671,"date":"2021-05-25T16:45:59","date_gmt":"2021-05-25T14:45:59","guid":{"rendered":"https:\/\/blogs.fu-berlin.de\/migration\/?p=671"},"modified":"2021-07-06T09:42:04","modified_gmt":"2021-07-06T07:42:04","slug":"migracion-desde-la-perspectiva-del-feminismo-comunitario-ein-interview-mit-lorena-cabnal-guatemala","status":"publish","type":"post","link":"https:\/\/blogs.fu-berlin.de\/migration\/2021\/05\/25\/migracion-desde-la-perspectiva-del-feminismo-comunitario-ein-interview-mit-lorena-cabnal-guatemala\/","title":{"rendered":"Migraci\u00f3n desde la perspectiva del feminismo comunitario. Ein Interview mit Lorena Cabnal (Guatemala)"},"content":{"rendered":"\n<p class=\"has-text-align-left\">Lorena Cabnal ist eine indigene Feministin aus Guatemala und Mitglied im <em>Tzk\u00b4at<\/em> (\u201eNetwork of Ancestral Healers of Community Feminism\u201c). Im Rahmen der Filmproduktion \u201eCasa en Tierra Ajena\u201c analysiert sie in einem <a href=\"https:\/\/www.youtube.com\/watch?v=SezdkXsFPGU\">Interview<\/a> aus der Perspektive des <em>Feminismo Comunitario<\/em> die Ursachen f\u00fcr Zwangsmigration in Guatemala und deren Auswirkungen auf Individuen, Gemeinschaften und Territorien indigener Bev\u00f6lkerungsgruppen.<\/p>\n\n\n\n<p class=\"has-text-align-left\">Neben der Betrachtung von Migration aus Guatemala als Effekt des patriarchalen, neoliberalen und kapitalistischen Systems und der lokalspezifischen bzw. regionalen strukturellen Ursachen (z.B. politische Gewalt im Kontext des Krieges, die anhaltenden Auswirkungen bzw. Nachwirkungen des Krieges, Korruption, Verarmung uvm.), \u00f6ffnet Cabnal den Blick daf\u00fcr, was diese Migration f\u00fcr die indigenen Gemeinden und die Identit\u00e4t indigener V\u00f6lker bedeutet.<\/p>\n\n\n\n<p class=\"has-text-align-left\">Ein besonderes Augenmerk liegt hierbei auf der Migration indigener Frauen ebenso wie auf der Bedeutung dieser Zwangsmigration f\u00fcr indigene Frauen, die Gemeinden und die Verteidigung indigener Territorien in Guatemala. Diesbez\u00fcglich pl\u00e4diert Cabnal zu Ende des Interviews auf das &#8222;derecho a no emigrar&#8220; und f\u00fcr die Solidarit\u00e4t unter indigenen Gemeinden zur Verteidigung und R\u00fcckgewinnung indigener Territorien.<\/p>\n","protected":false},"excerpt":{"rendered":"<p>Lorena Cabnal ist eine indigene Feministin aus Guatemala und Mitglied im Tzk\u00b4at (\u201eNetwork of Ancestral Healers of Community Feminism\u201c). Im Rahmen der Filmproduktion \u201eCasa en Tierra Ajena\u201c analysiert sie in einem Interview aus der Perspektive des Feminismo Comunitario die Ursachen f\u00fcr Zwangsmigration in Guatemala und deren Auswirkungen auf Individuen, Gemeinschaften und Territorien indigener Bev\u00f6lkerungsgruppen. Neben [&hellip;]<\/p>\n","protected":false},"author":6338,"featured_media":0,"comment_status":"open","ping_status":"open","sticky":false,"template":"","format":"standard","meta":{"footnotes":""},"categories":[91493,9,848,90434,90479],"tags":[],"class_list":["post-671","post","type-post","status-publish","format-standard","hentry","category-91493","category-allgemein","category-dokumentarfilm","category-interviews","category-migration-nach-und-in-den-amerikas"],"_links":{"self":[{"href":"https:\/\/blogs.fu-berlin.de\/migration\/wp-json\/wp\/v2\/posts\/671","targetHints":{"allow":["GET"]}}],"collection":[{"href":"https:\/\/blogs.fu-berlin.de\/migration\/wp-json\/wp\/v2\/posts"}],"about":[{"href":"https:\/\/blogs.fu-berlin.de\/migration\/wp-json\/wp\/v2\/types\/post"}],"author":[{"embeddable":true,"href":"https:\/\/blogs.fu-berlin.de\/migration\/wp-json\/wp\/v2\/users\/6338"}],"replies":[{"embeddable":true,"href":"https:\/\/blogs.fu-berlin.de\/migration\/wp-json\/wp\/v2\/comments?post=671"}],"version-history":[{"count":7,"href":"https:\/\/blogs.fu-berlin.de\/migration\/wp-json\/wp\/v2\/posts\/671\/revisions"}],"predecessor-version":[{"id":688,"href":"https:\/\/blogs.fu-berlin.de\/migration\/wp-json\/wp\/v2\/posts\/671\/revisions\/688"}],"wp:attachment":[{"href":"https:\/\/blogs.fu-berlin.de\/migration\/wp-json\/wp\/v2\/media?parent=671"}],"wp:term":[{"taxonomy":"category","embeddable":true,"href":"https:\/\/blogs.fu-berlin.de\/migration\/wp-json\/wp\/v2\/categories?post=671"},{"taxonomy":"post_tag","embeddable":true,"href":"https:\/\/blogs.fu-berlin.de\/migration\/wp-json\/wp\/v2\/tags?post=671"}],"curies":[{"name":"wp","href":"https:\/\/api.w.org\/{rel}","templated":true}]}}