{"id":678,"date":"2021-05-25T14:26:14","date_gmt":"2021-05-25T12:26:14","guid":{"rendered":"https:\/\/blogs.fu-berlin.de\/migration\/?p=678"},"modified":"2021-05-25T14:26:14","modified_gmt":"2021-05-25T12:26:14","slug":"darien-gap-desperate-journey-to-america","status":"publish","type":"post","link":"https:\/\/blogs.fu-berlin.de\/migration\/2021\/05\/25\/darien-gap-desperate-journey-to-america\/","title":{"rendered":"Darien Gap: Desperate Journey to America"},"content":{"rendered":"\n<p>Der knapp 30-min\u00fctige <a href=\"https:\/\/www.youtube.com\/watch?v=uzRcf1MTHfU\">Dokumentarfilm<\/a> des online Nachrichtensenders CBSN Originals aus dem Jahr 2017 beleuchtet eine in der \u00d6ffentlichkeit eher unbekannte Route interamerikanischer Migration: die \u201eDarien Gap\u201c (spanisch \u201eEl Tap\u00f3n del Darien\u201c) im Grenzgebiet zwischen Kolumbien und Panama. Sie f\u00fchrt in einer L\u00e4nge von circa 96 Kilometern durch dichten, nahezu unerschlossenen Regenwald und wird j\u00e4hrlich von tausenden Migrant:innen sowohl aus L\u00e4ndern Lateinamerikas und der Karibik, als auch Afrikas und Asiens auf ihrem Weg genutzt, die US-amerikanische Grenze in Mexiko zu erreichen.\u00a0<\/p>\n\n\n\n<p>Der Reporter Adam Yamaguchi und sein Kamerateam begleiten eine Gruppe von Migrant:innen und deren Schmuggler auf ihrem mehrt\u00e4gigen Fu\u00dfmarsch durch die Darien Gap und erfahren dabei einiges \u00fcber die Gefahren der Route als auch N\u00e4heres \u00fcber die Lebensumst\u00e4nde der Migrantinnen und Migranten und ihre jeweiligen Migrationsgr\u00fcnde \u2014 unter anderem \u00fcber Shahab aus dem Iran, der, in seinen eigenen Worten, \u201eauf der Suche [ist], ob [er] irgendwo ein besseres Leben haben kann\u201c. Shahab ist allein unterwegs, fast 13.000 Kilometer von seinem Heimatland entfernt, in dem es, wie er sagt, f\u00fcr ihn kein Leben gab. Nach seiner Flucht aus dem Iran verbrachte er l\u00e4ngere Zeit ungeplant in Venezuela, lernte in der Zeit Spanisch und hofft nun, mit Hilfe seines Schmugglers, durch die Darien Gap \u00fcber Panama weiter nach Mexiko und schlie\u00dflich bis in die USA zu kommen, die f\u00fcr alle Migrant:innen auf dieser Route das ultimative Ziel sind. <\/p>\n\n\n\n<p>Die Dokumentation ist auf Youtube verf\u00fcgbar, abrufbar unter dem oben eingebetteten Link oder hier: https:\/\/www.youtube.com\/watch?v=uzRcf1MTHfU<\/p>\n","protected":false},"excerpt":{"rendered":"<p>Der knapp 30-min\u00fctige Dokumentarfilm des online Nachrichtensenders CBSN Originals aus dem Jahr 2017 beleuchtet eine in der \u00d6ffentlichkeit eher unbekannte Route interamerikanischer Migration: die \u201eDarien Gap\u201c (spanisch \u201eEl Tap\u00f3n del Darien\u201c) im Grenzgebiet zwischen Kolumbien und Panama. Sie f\u00fchrt in einer L\u00e4nge von circa 96 Kilometern durch dichten, nahezu unerschlossenen Regenwald und wird j\u00e4hrlich von [&hellip;]<\/p>\n","protected":false},"author":6319,"featured_media":0,"comment_status":"open","ping_status":"open","sticky":false,"template":"","format":"standard","meta":{"footnotes":""},"categories":[9],"tags":[],"class_list":["post-678","post","type-post","status-publish","format-standard","hentry","category-allgemein"],"_links":{"self":[{"href":"https:\/\/blogs.fu-berlin.de\/migration\/wp-json\/wp\/v2\/posts\/678","targetHints":{"allow":["GET"]}}],"collection":[{"href":"https:\/\/blogs.fu-berlin.de\/migration\/wp-json\/wp\/v2\/posts"}],"about":[{"href":"https:\/\/blogs.fu-berlin.de\/migration\/wp-json\/wp\/v2\/types\/post"}],"author":[{"embeddable":true,"href":"https:\/\/blogs.fu-berlin.de\/migration\/wp-json\/wp\/v2\/users\/6319"}],"replies":[{"embeddable":true,"href":"https:\/\/blogs.fu-berlin.de\/migration\/wp-json\/wp\/v2\/comments?post=678"}],"version-history":[{"count":2,"href":"https:\/\/blogs.fu-berlin.de\/migration\/wp-json\/wp\/v2\/posts\/678\/revisions"}],"predecessor-version":[{"id":680,"href":"https:\/\/blogs.fu-berlin.de\/migration\/wp-json\/wp\/v2\/posts\/678\/revisions\/680"}],"wp:attachment":[{"href":"https:\/\/blogs.fu-berlin.de\/migration\/wp-json\/wp\/v2\/media?parent=678"}],"wp:term":[{"taxonomy":"category","embeddable":true,"href":"https:\/\/blogs.fu-berlin.de\/migration\/wp-json\/wp\/v2\/categories?post=678"},{"taxonomy":"post_tag","embeddable":true,"href":"https:\/\/blogs.fu-berlin.de\/migration\/wp-json\/wp\/v2\/tags?post=678"}],"curies":[{"name":"wp","href":"https:\/\/api.w.org\/{rel}","templated":true}]}}