{"id":699,"date":"2021-05-28T17:46:51","date_gmt":"2021-05-28T15:46:51","guid":{"rendered":"https:\/\/blogs.fu-berlin.de\/migration\/?p=699"},"modified":"2021-07-23T17:40:44","modified_gmt":"2021-07-23T15:40:44","slug":"film-und-buchempfehlung-sin-nombre-man-nannte-ihn-el-nino-de-hollywood","status":"publish","type":"post","link":"https:\/\/blogs.fu-berlin.de\/migration\/2021\/05\/28\/film-und-buchempfehlung-sin-nombre-man-nannte-ihn-el-nino-de-hollywood\/","title":{"rendered":"Film- und Buchempfehlung \u201eSin nombre\u201c \/ \u201eMan nannte ihn El Ni\u00f1o de Hollywood\u201c"},"content":{"rendered":"\n<p>Der Film \u201eSin nombre\u201c (2009) des Regisseurs Cary Joji Fukunaga erz\u00e4hlt die Geschichte von Sayra aus Honduras und Caspar aus Chiapas, Ex-Mitglied der Mara Salvatrucha, die sich auf dem Weg in die USA begegnen. Beide haben unterschiedliche Motive f\u00fcr ihre Flucht. W\u00e4hrend Caspar in der Flucht in die USA den Ausweg sieht, der Ermordung durch seine ehemaligen Gang-Gef\u00e4hrten zu entkommen, ist Sayra vor allem auf der Suche nach besseren Lebensbedingungen als in ihrem Heimatland.<\/p>\n\n\n\n<p>Ich finde, dass der Film auf eine gelungene Art und Weise einige der bisherigen Seminarinhalte aufgreift und die Lebensgeschichten von Sayra und Caspar exemplarisch f\u00fcr viele mittelamerikanische Migrant:innen sind. Trotzdessen, dass der Film bereits 2009 erschienen ist und es sich bei den Protagonist:innen um fiktive Charaktere handelt, denke ich, dass die Thematik (leider) nicht an Aktualit\u00e4t eingeb\u00fc\u00dft hat.<\/p>\n\n\n\n<p>Der Trailer ist unter folgendem Link abrufbar:<\/p>\n\n\n\n<p><a href=\"https:\/\/www.youtube.com\/watch?v=NYA5EeO4yLM\">https:\/\/www.youtube.com\/watch?v=NYA5EeO4yLM<\/a>.<\/p>\n\n\n\n<p>und der vollst\u00e4ndige Film steht auf Amazon Prime zum Ausleihen zur Verf\u00fcgung: <a href=\"https:\/\/www.amazon.de\/Sin-Nombre-Paulina-Gaitan\/dp\/B00EQZL54A\">https:\/\/www.amazon.de\/Sin-Nombre-Paulina-Gaitan\/dp\/B00EQZL54A<\/a>.<\/p>\n\n\n\n<p>Mit dem Einfluss der Maras in Mittelamerika besch\u00e4ftigen sich auch die Br\u00fcder \u00d3scar und J\u00faan Jos\u00e9 Martinez aus El Salvador in ihrem Buch \u201eMan nannte ihn El Ni\u00f1o de Hollywood\u201c, f\u00fcr das sie Miguel \u00c1ngel Tobar, ein ehemaliges Mitglied der Mara Salvatrucha, interviewt haben.  Tobar wurde wie viele andere Aussteiger wenige Jahre nachdem er die Gang verlie\u00df ermordet.<\/p>\n\n\n\n<p>Mehr \u00fcber den Inhalt des Buches ist zu erfahren unter:<\/p>\n\n\n\n<p><a href=\"https:\/\/taz.de\/Buch-ueber-Mara-Gangs-in-Zentralamerika\/!5652287\/\">https:\/\/taz.de\/Buch-ueber-Mara-Gangs-in-Zentralamerika\/!5652287\/<\/a><\/p>\n\n\n\n<p>\u00d3scar Martinez hat bereits 2013 ein Buch \u00fcber \u201eLa Bestia\u201c ver\u00f6ffentlicht (<a href=\"https:\/\/www.nytimes.com\/2013\/12\/18\/books\/the-beast-by-oscar-martinez-details-immigrant-trek.html\">https:\/\/www.nytimes.com\/2013\/12\/18\/books\/the-beast-by-oscar-martinez-details-immigrant-trek.html<\/a>).<\/p>\n","protected":false},"excerpt":{"rendered":"<p>Der Film \u201eSin nombre\u201c (2009) des Regisseurs Cary Joji Fukunaga erz\u00e4hlt die Geschichte von Sayra aus Honduras und Caspar aus Chiapas, Ex-Mitglied der Mara Salvatrucha, die sich auf dem Weg in die USA begegnen. Beide haben unterschiedliche Motive f\u00fcr ihre Flucht. W\u00e4hrend Caspar in der Flucht in die USA den Ausweg sieht, der Ermordung durch [&hellip;]<\/p>\n","protected":false},"author":6320,"featured_media":0,"comment_status":"open","ping_status":"open","sticky":false,"template":"","format":"standard","meta":{"footnotes":""},"categories":[91493,9,835,91408,90479,90441],"tags":[91505,7076],"class_list":["post-699","post","type-post","status-publish","format-standard","hentry","category-91493","category-allgemein","category-film","category-medien-und-literatur","category-migration-nach-und-in-den-amerikas","category-migrationsgeschichten","tag-filmtipp","tag-mexiko"],"_links":{"self":[{"href":"https:\/\/blogs.fu-berlin.de\/migration\/wp-json\/wp\/v2\/posts\/699","targetHints":{"allow":["GET"]}}],"collection":[{"href":"https:\/\/blogs.fu-berlin.de\/migration\/wp-json\/wp\/v2\/posts"}],"about":[{"href":"https:\/\/blogs.fu-berlin.de\/migration\/wp-json\/wp\/v2\/types\/post"}],"author":[{"embeddable":true,"href":"https:\/\/blogs.fu-berlin.de\/migration\/wp-json\/wp\/v2\/users\/6320"}],"replies":[{"embeddable":true,"href":"https:\/\/blogs.fu-berlin.de\/migration\/wp-json\/wp\/v2\/comments?post=699"}],"version-history":[{"count":4,"href":"https:\/\/blogs.fu-berlin.de\/migration\/wp-json\/wp\/v2\/posts\/699\/revisions"}],"predecessor-version":[{"id":714,"href":"https:\/\/blogs.fu-berlin.de\/migration\/wp-json\/wp\/v2\/posts\/699\/revisions\/714"}],"wp:attachment":[{"href":"https:\/\/blogs.fu-berlin.de\/migration\/wp-json\/wp\/v2\/media?parent=699"}],"wp:term":[{"taxonomy":"category","embeddable":true,"href":"https:\/\/blogs.fu-berlin.de\/migration\/wp-json\/wp\/v2\/categories?post=699"},{"taxonomy":"post_tag","embeddable":true,"href":"https:\/\/blogs.fu-berlin.de\/migration\/wp-json\/wp\/v2\/tags?post=699"}],"curies":[{"name":"wp","href":"https:\/\/api.w.org\/{rel}","templated":true}]}}